{"id":37934,"date":"2025-06-12T11:08:42","date_gmt":"2025-06-12T11:08:42","guid":{"rendered":"https:\/\/new.igihe.com\/french\/Le-Rwanda-garantit-une-securite-optimale-pour-les-Mondiaux-de-Cyclisme-2025-37934\/"},"modified":"2025-06-12T11:09:13","modified_gmt":"2025-06-12T11:09:13","slug":"Le-Rwanda-garantit-une-securite-optimale-pour-les-Mondiaux-de-Cyclisme-2025","status":"publish","type":"post","link":"https:\/\/new.igihe.com\/french\/Le-Rwanda-garantit-une-securite-optimale-pour-les-Mondiaux-de-Cyclisme-2025\/","title":{"rendered":"Le Rwanda garantit une s\u00e9curit\u00e9 optimale pour les Mondiaux de Cyclisme 2025"},"content":{"rendered":"<p>Dans une interview accord\u00e9e au m\u00e9dia &#8216;Cycling News&#8217;, Ndayishimiye a dress\u00e9 un bilan positif des pr\u00e9paratifs, \u00e0 trois mois du d\u00e9but de la comp\u00e9tition.<\/p>\n<p>Il a tenu \u00e0 rassurer les d\u00e9l\u00e9gations pr\u00e9occup\u00e9es par les co\u00fbts d\u2019h\u00e9bergement et de transport, certaines envisageant m\u00eame de r\u00e9duire leur effectif.<\/p>\n<p>\u00ab Ce sport est naturellement co\u00fbteux. Les Championnats se sont d\u00e9j\u00e0 tenus en Australie, bien plus \u00e9loign\u00e9e. Pour les \u00e9quipes europ\u00e9ennes, venir au Rwanda sera plus simple. Nous avons garanti des tarifs abordables. Quant aux critiques, je ne sais pas d\u2019o\u00f9 elles \u00e9manent \u00bb, a-t-il d\u00e9clar\u00e9, rappellant que plusieurs pays ont d\u00e9j\u00e0 confirm\u00e9 leur participation :<\/p>\n<p>\u00ab De nombreux pays ont d\u00e9j\u00e0 r\u00e9serv\u00e9 leurs h\u00e9bergements. La Belgique, par exemple, sera pr\u00e9sente avec toute son \u00e9quipe, signe de l\u2019avancement des pr\u00e9paratifs. \u00bb<\/p>\n<p>Interrog\u00e9 sur les inqui\u00e9tudes s\u00e9curitaires li\u00e9es au conflit en RDC, Ndayishimiye a tenu \u00e0 les \u00e9carter : \u00ab Il s\u2019agit d\u2019un \u00e9v\u00e9nement sportif qui ne sera pas perturb\u00e9. Avec l\u2019UCI, nous avons choisi le Rwanda comme pays h\u00f4te, car il offre toutes les garanties en mati\u00e8re de s\u00e9curit\u00e9. Il est inutile de rappeler que m\u00eame le Tour du Rwanda s\u2019est d\u00e9roul\u00e9e pr\u00e8s des fronti\u00e8res sans incident. \u00bb, a-t-il conclu.<\/p>\n<p>Par ailleurs, le pr\u00e9sident de la FERWACY insiste sur le caract\u00e8re apolitique de ce rendez-vous mondial :<\/p>\n<p>\u00ab Je me range sans h\u00e9sitation du c\u00f4t\u00e9 de ceux qui affirment que ce championnat aura bien lieu. En tant que sportif, je suis convaincu que le sport ne doit jamais \u00eatre m\u00eal\u00e9 \u00e0 la politique, et qu\u2019aucun acteur ne devrait en \u00eatre exclu. \u00bb<\/p>\n<p>Les Championnats du Monde de Cyclisme 2025 se tiendront au Rwanda du 21 au 28 septembre. Cette \u00e9dition r\u00e9unira les meilleurs cyclistes du monde et marquera un double \u00e9v\u00e9nement : la premi\u00e8re \u00e9dition en Afrique et le 125\u1d49 anniversaire de l\u2019Union Cycliste Internationale (UCI).<\/p>\n<figure class=\"spip-document spip-document-62196 aligncenter\"><img decoding=\"async\" src=\"https:\/\/fr.igihe.com\/IMG\/jpg\/cycl.jpg\" alt=\"\u00c0 moins de cent jours des Championnats du Monde de Cyclisme sur Route 2025 au Rwanda, le pr\u00e9sident de la FERWACY a assur\u00e9 que la s\u00e9curit\u00e9 serait garantie\" \/><\/figure>\n","protected":false},"excerpt":{"rendered":"<p>\u00c0 moins de cent jours du coup d\u2019envoi des Championnats du Monde de Cyclisme sur Route 2025 qui se tiendront pour la premi\u00e8re fois sur le sol africain, au Rwanda, le pr\u00e9sident de la F\u00e9d\u00e9ration Rwandaise de Cyclisme, Ndayishimiye Samson, a tenu \u00e0 rassurer : la s\u00e9curit\u00e9 sera pleinement assur\u00e9e, et les participants ainsi que les d\u00e9l\u00e9gations n\u2019ont aucune raison de s\u2019inqui\u00e9ter.<\/p>\n","protected":false},"author":488,"featured_media":4000062195,"comment_status":"open","ping_status":"open","sticky":false,"template":"","format":"standard","meta":{"footnotes":""},"categories":[7536],"tags":[7605],"byline":[7717],"hashtag":[],"class_list":["post-37934","post","type-post","status-publish","format-standard","has-post-thumbnail","hentry","category-sports","tag-homenews","byline-igihe"],"bylines":[{"id":7717,"name":"IGIHE","slug":"igihe","description":"","image":{"id":0,"url":"https:\/\/secure.gravatar.com\/avatar\/?s=96&d=mm&f=y&r=g","alt":"Default avatar","title":"Default avatar","caption":"","mime_type":"image\/jpeg","sizes":[]},"user_id":393}],"contributors":[{"id":7717,"name":"IGIHE","slug":"igihe","description":"","image":{"id":0,"url":"https:\/\/secure.gravatar.com\/avatar\/?s=96&d=mm&f=y&r=g","alt":"Default avatar","title":"Default avatar","caption":"","mime_type":"image\/jpeg","sizes":[]},"user_id":393}],"featured_image":{"id":4000062195,"url":"https:\/\/fr-images.igihe.com\/IMG\/logo\/cycl_cp.jpg","alt":"","caption":"","mime_type":"image\/jpeg","width":0,"height":0,"sizes":{"thumbnail":{"url":"https:\/\/fr-images.igihe.com\/IMG\/logo\/cycl_cp.jpg","width":1,"height":1},"medium":{"url":"https:\/\/fr-images.igihe.com\/IMG\/logo\/cycl_cp.jpg","width":1,"height":1},"medium_large":{"url":"https:\/\/fr-images.igihe.com\/IMG\/logo\/cycl_cp.jpg","width":1,"height":1},"large":{"url":"https:\/\/fr-images.igihe.com\/IMG\/logo\/cycl_cp.jpg","width":1,"height":1},"full":{"url":"https:\/\/fr-images.igihe.com\/IMG\/logo\/cycl_cp.jpg","width":0,"height":0}}},"_links":{"self":[{"href":"https:\/\/new.igihe.com\/french\/wp-json\/wp\/v2\/posts\/37934","targetHints":{"allow":["GET"]}}],"collection":[{"href":"https:\/\/new.igihe.com\/french\/wp-json\/wp\/v2\/posts"}],"about":[{"href":"https:\/\/new.igihe.com\/french\/wp-json\/wp\/v2\/types\/post"}],"author":[{"embeddable":true,"href":"https:\/\/new.igihe.com\/french\/wp-json\/wp\/v2\/users\/488"}],"replies":[{"embeddable":true,"href":"https:\/\/new.igihe.com\/french\/wp-json\/wp\/v2\/comments?post=37934"}],"version-history":[{"count":0,"href":"https:\/\/new.igihe.com\/french\/wp-json\/wp\/v2\/posts\/37934\/revisions"}],"wp:featuredmedia":[{"embeddable":true,"href":"https:\/\/new.igihe.com\/french\/wp-json\/wp\/v2\/media\/4000062195"}],"wp:attachment":[{"href":"https:\/\/new.igihe.com\/french\/wp-json\/wp\/v2\/media?parent=37934"}],"wp:term":[{"taxonomy":"category","embeddable":true,"href":"https:\/\/new.igihe.com\/french\/wp-json\/wp\/v2\/categories?post=37934"},{"taxonomy":"post_tag","embeddable":true,"href":"https:\/\/new.igihe.com\/french\/wp-json\/wp\/v2\/tags?post=37934"},{"taxonomy":"byline","embeddable":true,"href":"https:\/\/new.igihe.com\/french\/wp-json\/wp\/v2\/byline?post=37934"},{"taxonomy":"hashtag","embeddable":true,"href":"https:\/\/new.igihe.com\/french\/wp-json\/wp\/v2\/hashtag?post=37934"}],"curies":[{"name":"wp","href":"https:\/\/api.w.org\/{rel}","templated":true}]}}