{"id":37927,"date":"2025-06-12T09:13:21","date_gmt":"2025-06-12T09:13:21","guid":{"rendered":"https:\/\/new.igihe.com\/french\/Eric-Zemmour-ou-la-rehabilitation-feutree-de-la-falsification-historique-37927\/"},"modified":"2025-06-12T09:07:54","modified_gmt":"2025-06-12T09:07:54","slug":"Eric-Zemmour-ou-la-rehabilitation-feutree-de-la-falsification-historique","status":"publish","type":"post","link":"https:\/\/new.igihe.com\/french\/Eric-Zemmour-ou-la-rehabilitation-feutree-de-la-falsification-historique\/","title":{"rendered":"Eric Zemmour ou la r\u00e9habilitation feutr\u00e9e de la falsification historique"},"content":{"rendered":"<p>Le 10 juin 2025, Eric Zemmour, figure centrale de la n\u00e9buleuse r\u00e9actionnaire fran\u00e7aise, \u00e9tait convoqu\u00e9 devant la justice pour avoir ni\u00e9 la r\u00e9alit\u00e9 de la d\u00e9portation des homosexuels fran\u00e7ais durant la Seconde Guerre mondiale, qualifiant en 2022 ce pan tragique de la m\u00e9moire collective de simple \u00ab l\u00e9gende \u00bb. Cette n\u00e9gation, loin d\u2019\u00eatre une opinion anodine, constitue en droit fran\u00e7ais un d\u00e9lit : celui de contestation de crime contre l\u2019humanit\u00e9.<\/p>\n<p>Mais au-del\u00e0 de l\u2019\u00e9pisode judiciaire, c\u2019est un sympt\u00f4me plus large qui se dessine : la banalisation du n\u00e9gationnisme sous des formes renouvel\u00e9es, insidieuses, port\u00e9es non plus par des groupuscules marginaux, mais par des candidats \u00e0 la pr\u00e9sidence, invit\u00e9s avec complaisance sur les antennes d\u2019une certaine presse t\u00e9l\u00e9visuelle.<\/p>\n<p>Zemmour, dans la continuit\u00e9 d\u2019un discours entam\u00e9 depuis des ann\u00e9es, persiste \u00e0 pr\u00e9senter Philippe P\u00e9tain non comme le collaborateur actif de la machine d\u2019extermination nazie, mais comme un \u00ab sauveur \u00bb des juifs fran\u00e7ais. Cette falsification historique, d\u00e9j\u00e0 condamn\u00e9e, est l\u2019une des pierres angulaires d\u2019une entreprise de r\u00e9habilitation du r\u00e9gime de Vichy, entreprise qui s\u2019enracine dans une volont\u00e9 plus large : celle de r\u00e9\u00e9crire l\u2019histoire pour y effacer les crimes et restaurer une m\u00e9moire glorieuse, fictive, au service d\u2019un projet politique autoritaire.<\/p>\n<p>Le n\u00e9gationnisme, dans sa d\u00e9finition classique, nie l\u2019existence ou l\u2019ampleur des crimes contre l\u2019humanit\u00e9, \u00e0 commencer par la Shoah. Mais il conna\u00eet aujourd\u2019hui des formes mutantes, plus diffuses. Il ne s\u2019agit plus seulement de contester les faits, mais de les relativiser, de les banaliser, de les noyer dans un discours plus vaste sur le \u00ab d\u00e9clin de la civilisation \u00bb, le \u00ab grand remplacement \u00bb ou la suppos\u00e9e barbarie contemporaine des banlieues. <\/p>\n<p>Ce n\u00e9gationnisme reconfigur\u00e9 ne prend plus la forme d\u2019un affrontement frontal avec l\u2019histoire \u00e9tablie, mais d\u2019un brouillage m\u00e9thodique des rep\u00e8res, d\u2019un enfumage intellectuel qui vise \u00e0 faire douter, \u00e0 d\u00e9sorienter, \u00e0 provoquer.<\/p>\n<p>Ce m\u00eame jour, Zemmour \u00e9tait l\u2019invit\u00e9 de choix d\u2019un grand m\u00e9dia audiovisuel, d\u00e9roulant \u00e0 sati\u00e9t\u00e9 son discours de stigmatisation : l\u2019islam aurait, selon lui, \u00ab conquis la Belgique \u00bb, les supporteurs du PSG seraient des \u00ab Barbaresques \u00bb, terme colonial et p\u00e9joratif qui \u00ab pillent, volent, et s\u2019ils peuvent violent \u00bb. <\/p>\n<p>A Rima Hassan, militante franco-palestinienne, il refuse m\u00eame l\u2019appartenance au peuple fran\u00e7ais. Une m\u00e9canique rh\u00e9torique implacable se d\u00e9ploie : essentialisation de l\u2019autre, criminalisation syst\u00e9matique de certaines populations, glorification d\u2019un pass\u00e9 fantasm\u00e9, et falsification de l\u2019histoire nationale pour mieux justifier une id\u00e9ologie de rejet.<\/p>\n<p>Ce climat de surench\u00e8re m\u00e9diatique et d\u2019oubli programm\u00e9 inqui\u00e8te profond\u00e9ment les gardiens de la m\u00e9moire. Serge Klarsfeld, inlassable traqueur des criminels nazis, rappelle que la n\u00e9gation du r\u00f4le central jou\u00e9 par l\u2019\u00c9tat fran\u00e7ais dans la d\u00e9portation des juifs n\u2019a rien de nouveau. Mais ce qui frappe aujourd\u2019hui, c\u2019est l\u2019acceptabilit\u00e9 nouvelle de ce discours dans l\u2019espace public, sa diffusion sur des cha\u00eenes d\u2019information continue, son recyclage par des figures en costume-cravate aux allures de candidats r\u00e9publicains. L\u2019extr\u00eame droite, qui autrefois rampait dans l\u2019ombre, arbore d\u00e9sormais le masque rutilant de la respectabilit\u00e9 m\u00e9diatique.<\/p>\n<p>Ce n\u2019est plus seulement la v\u00e9rit\u00e9 historique qui vacille : c\u2019est la conscience d\u00e9mocratique elle-m\u00eame qui se trouve assi\u00e9g\u00e9e. Car une soci\u00e9t\u00e9 qui tol\u00e8re que le n\u00e9gationnisme s\u2019exprime librement sur ses plateaux t\u00e9l\u00e9vis\u00e9s est une soci\u00e9t\u00e9 qui renonce \u00e0 se d\u00e9fendre. <\/p>\n<p>Et il n\u2019est pas de R\u00e9publique vivante sans m\u00e9moire lucide ni sans refus cat\u00e9gorique de l\u2019impunit\u00e9 morale. Il ne suffit pas de condamner en justice ceux qui r\u00e9\u00e9crivent l\u2019histoire ; encore faut-il leur refuser le micro et contester leur emprise sur l\u2019opinion. Car le n\u00e9gationnisme, qu\u2019il prenne les habits du provocateur cynique ou du tribun populiste, n\u2019est jamais une id\u00e9e comme une autre : il est la matrice\u00a0du\u00a0pire.<\/p>\n<figure class=\"spip-document spip-document-62186 aligncenter\"><img decoding=\"async\" src=\"https:\/\/fr.igihe.com\/IMG\/jpg\/ez.jpg\" alt=\"\u00c9ric Zemmour a \u00e9t\u00e9 convoqu\u00e9 en justice pour avoir ni\u00e9 en 2022 la d\u00e9portation des homosexuels fran\u00e7ais pendant la Seconde Guerre mondiale, qualifiant ce fait historique de \u00ab l\u00e9gende \u00bb\" \/><\/figure>\n","protected":false},"excerpt":{"rendered":"<p>Il est des moments o\u00f9 l\u2019histoire, d\u00e9figur\u00e9e par les mains d\u2019habiles rh\u00e9teurs, ressurgit dans l\u2019espace public sous les traits alt\u00e9r\u00e9s du mensonge maquill\u00e9. <\/p>\n","protected":false},"author":488,"featured_media":4000062185,"comment_status":"open","ping_status":"open","sticky":false,"template":"","format":"standard","meta":{"footnotes":""},"categories":[7544],"tags":[7605],"byline":[9102],"hashtag":[],"class_list":["post-37927","post","type-post","status-publish","format-standard","has-post-thumbnail","hentry","category-politique","tag-homenews","byline-tite-gatabazi"],"bylines":[{"id":9102,"name":"Tite Gatabazi","slug":"tite-gatabazi","description":"","image":{"id":0,"url":"https:\/\/secure.gravatar.com\/avatar\/?s=96&d=mm&f=y&r=g","alt":"Default avatar","title":"Default avatar","caption":"","mime_type":"image\/jpeg","sizes":[]},"user_id":472}],"contributors":[{"id":9102,"name":"Tite Gatabazi","slug":"tite-gatabazi","description":"","image":{"id":0,"url":"https:\/\/secure.gravatar.com\/avatar\/?s=96&d=mm&f=y&r=g","alt":"Default avatar","title":"Default avatar","caption":"","mime_type":"image\/jpeg","sizes":[]},"user_id":472}],"featured_image":{"id":4000062185,"url":"https:\/\/fr-images.igihe.com\/IMG\/logo\/ez_cp.jpg","alt":"","caption":"","mime_type":"image\/jpeg","width":0,"height":0,"sizes":{"thumbnail":{"url":"https:\/\/fr-images.igihe.com\/IMG\/logo\/ez_cp.jpg","width":1,"height":1},"medium":{"url":"https:\/\/fr-images.igihe.com\/IMG\/logo\/ez_cp.jpg","width":1,"height":1},"medium_large":{"url":"https:\/\/fr-images.igihe.com\/IMG\/logo\/ez_cp.jpg","width":1,"height":1},"large":{"url":"https:\/\/fr-images.igihe.com\/IMG\/logo\/ez_cp.jpg","width":1,"height":1},"full":{"url":"https:\/\/fr-images.igihe.com\/IMG\/logo\/ez_cp.jpg","width":0,"height":0}}},"_links":{"self":[{"href":"https:\/\/new.igihe.com\/french\/wp-json\/wp\/v2\/posts\/37927","targetHints":{"allow":["GET"]}}],"collection":[{"href":"https:\/\/new.igihe.com\/french\/wp-json\/wp\/v2\/posts"}],"about":[{"href":"https:\/\/new.igihe.com\/french\/wp-json\/wp\/v2\/types\/post"}],"author":[{"embeddable":true,"href":"https:\/\/new.igihe.com\/french\/wp-json\/wp\/v2\/users\/488"}],"replies":[{"embeddable":true,"href":"https:\/\/new.igihe.com\/french\/wp-json\/wp\/v2\/comments?post=37927"}],"version-history":[{"count":0,"href":"https:\/\/new.igihe.com\/french\/wp-json\/wp\/v2\/posts\/37927\/revisions"}],"wp:featuredmedia":[{"embeddable":true,"href":"https:\/\/new.igihe.com\/french\/wp-json\/wp\/v2\/media\/4000062185"}],"wp:attachment":[{"href":"https:\/\/new.igihe.com\/french\/wp-json\/wp\/v2\/media?parent=37927"}],"wp:term":[{"taxonomy":"category","embeddable":true,"href":"https:\/\/new.igihe.com\/french\/wp-json\/wp\/v2\/categories?post=37927"},{"taxonomy":"post_tag","embeddable":true,"href":"https:\/\/new.igihe.com\/french\/wp-json\/wp\/v2\/tags?post=37927"},{"taxonomy":"byline","embeddable":true,"href":"https:\/\/new.igihe.com\/french\/wp-json\/wp\/v2\/byline?post=37927"},{"taxonomy":"hashtag","embeddable":true,"href":"https:\/\/new.igihe.com\/french\/wp-json\/wp\/v2\/hashtag?post=37927"}],"curies":[{"name":"wp","href":"https:\/\/api.w.org\/{rel}","templated":true}]}}