{"id":37912,"date":"2025-06-10T23:37:07","date_gmt":"2025-06-10T23:37:07","guid":{"rendered":"https:\/\/new.igihe.com\/french\/L-imprevisibilite-inherente-aux-dynamiques-politiques-en-RDC-37912\/"},"modified":"2025-06-10T23:37:02","modified_gmt":"2025-06-10T23:37:02","slug":"L-imprevisibilite-inherente-aux-dynamiques-politiques-en-RDC","status":"publish","type":"post","link":"https:\/\/new.igihe.com\/french\/L-imprevisibilite-inherente-aux-dynamiques-politiques-en-RDC\/","title":{"rendered":"L\u2019impr\u00e9visibilit\u00e9 inh\u00e9rente aux dynamiques politiques en RDC"},"content":{"rendered":"<p>Cette v\u00e9rit\u00e9, qui \u00e9mane d\u2019une observation lucide et implacable, \u00e9claire d\u2019un jour saisissant l\u2019opacit\u00e9 et l\u2019instabilit\u00e9 qui caract\u00e9risent le champ politique congolais. <\/p>\n<p>De l\u2019\u00e9chec retentissant de la candidature unique de l\u2019opposition \u00e0 Gen\u00e8ve, en passant par le pacte opaque scell\u00e9 \u00e0 Nairobi entre alli\u00e9s fraternellement d\u00e9sign\u00e9s \u00ab beaux-fr\u00e8res \u00bb, jusqu\u2019\u00e0 l\u2019\u00e9mergence du FCC\/CASH, la sc\u00e8ne politique congolaise a vu s\u2019\u00e9riger successivement l\u2019Union sacr\u00e9e, avant de sombrer dans les h\u00e9sitations profondes d\u2019une Union pour la D\u00e9mocratie et le Progr\u00e8s Social (UDPS) fractur\u00e9e, incarnant une dissension \u00e0 sa t\u00eate. \u00c0 cela s\u2019ajoute d\u00e9sormais la prolif\u00e9ration diffuse et incertaine d\u2019un pr\u00e9tendu \u00ab camp divisionniste de la patrie \u00bb, qui jette une lumi\u00e8re trouble et ambigu\u00eb sur les rapports de force. <\/p>\n<p>Cette succession d\u2019\u00e9v\u00e9nements et de recompositions illustre, avec une acuit\u00e9 inqui\u00e9tante, la permanence d\u2019une ind\u00e9termination politique qui gangr\u00e8ne la gouvernance nationale et installe une opacit\u00e9 quasi organique dans l\u2019architecture du pouvoir.<\/p>\n<p>A l\u2019aune d\u2019une \u00e9ch\u00e9ance pr\u00e9sidentielle proche dans un horizon temporel inf\u00e9rieur \u00e0 trois ans les conjectures foisonnent, parfois dissonantes, souvent contradictoires : certains anticipent la d\u00e9ch\u00e9ance imminente du pouvoir Tshisekedi, suppos\u00e9ment paralys\u00e9 par un emp\u00eachement constitutionnel ; d\u2019autres proph\u00e9tisent une r\u00e9surgence quasi in\u00e9luctable de Joseph Kabila ; quelques-uns placent l\u2019AFC\/M23 au pinacle du jeu politique national ; enfin, une frange aspire \u00e0 la r\u00e9animation d\u2019un dialogue politique v\u00e9ritablement inclusif et consensuel. <\/p>\n<p>Cette profusion de pronostics h\u00e9t\u00e9rog\u00e8nes impose n\u00e9anmoins une posture de prudence critique et d\u2019humilit\u00e9 analytique. Il importe de r\u00e9server toute certitude d\u00e9finitive \u00e0 l\u2019apr\u00e8s-signature, puis \u00e0 la mise en \u0153uvre rigoureuse et ininterrompue de l\u2019accord de Washington DC, un jalon encore suspendu aux al\u00e9as, aux incertitudes, et aux potentielles convulsions politiques. <\/p>\n<p>Ce mutisme r\u00e9flexif collectif face aux enseignements des exp\u00e9riences ant\u00e9rieures rel\u00e8ve d\u2019un immobilisme cognitif pr\u00e9occupant, voire d\u2019un refus conscient d\u2019int\u00e9grer les le\u00e7ons du pass\u00e9.<\/p>\n<p>{{Les d\u00e9fis structurels profonds : fractures soci\u00e9tales, crise de la souverainet\u00e9 politique et enjeux s\u00e9curitaires end\u00e9miques}}<\/p>\n<p>Au-del\u00e0 des fluctuations conjoncturelles, les v\u00e9rit\u00e9s durables et in\u00e9luctables r\u00e9sident dans la trame structurelle qui d\u00e9chire et affaiblit la R\u00e9publique d\u00e9mocratique du Congo. Ces maux fondamentaux sont d\u2019abord incarn\u00e9s par des fractures sociales et territoriales aussi marqu\u00e9es qu\u2019alarment persistantes, r\u00e9v\u00e9lant un pays fragment\u00e9, vuln\u00e9rable aux antagonismes et aux d\u00e9chirements internes. <\/p>\n<p>Parall\u00e8lement, l\u2019interrogation sur l\u2019autorit\u00e9 politique et la gestion des d\u00e9fis s\u00e9curitaires, loin d\u2019\u00eatre r\u00e9solue, s\u2019impose comme un obstacle majeur \u00e0 l\u2019\u00e9dification d\u2019un \u00c9tat fort et l\u00e9gitime, exacerbant tensions et conflits, et alimentant la fragilisation institutionnelle. Cette configuration poly\u00e9drique impose une conclusion majeure : aucune r\u00e9forme de fond ni solution durable ne saurait triompher en l\u2019absence d\u2019une stabilit\u00e9 politique et institutionnelle assum\u00e9e et p\u00e9renne. <\/p>\n<p>En effet, c\u2019est dans ce terreau d\u2019instabilit\u00e9 chronique que s\u2019enracinent, s\u2019aggravent et se cristallisent les dysfonctionnements majeurs, produisant un cercle vicieux d\u00e9l\u00e9t\u00e8re. Cette r\u00e9alit\u00e9 est parfaitement corrobor\u00e9e par les postulats de la science politique, qui enseignent que la libert\u00e9 du jeu d\u00e9mocratique est toujours circonscrite par le cadre des contraintes structurelles dans lesquelles elle se d\u00e9ploie. <\/p>\n<p>Ainsi, en RDC, la latitude d\u2019action des acteurs politiques est r\u00e9duite, leur capacit\u00e9 d\u2019innovation se trouve comprim\u00e9e sous la pression d\u2019un contexte incertain et conflictuel.<\/p>\n<p>Vers une recomposition politique incertaine : entre le d\u00e9fi de la stabilit\u00e9 et l\u2019ombre de l\u2019impr\u00e9visible<br \/>\nLa soci\u00e9t\u00e9 congolaise, marqu\u00e9e par une m\u00e9fiance grandissante et un scepticisme diffus, exprime un profond d\u00e9senchantement quant \u00e0 la capacit\u00e9 des \u00e9lites politiques \u00e0 r\u00e9pondre ad\u00e9quatement \u00e0 ses aspirations fondamentales. <\/p>\n<p>Dans ce contexte, l\u2019offre politique ne saurait esp\u00e9rer asseoir sa l\u00e9gitimit\u00e9 ni garantir un horizon stable en perp\u00e9tuant des pratiques us\u00e9es, routini\u00e8res et d\u00e9sormais visiblement \u00e9puis\u00e9es. <\/p>\n<p>La pr\u00e9visibilit\u00e9, intrins\u00e8quement illusoire en politique, se r\u00e9v\u00e8le aujourd\u2019hui en RDC comme une impossibilit\u00e9 manifeste, au regard d\u2019un syst\u00e8me politique entr\u00e9 dans une phase d\u2019instabilit\u00e9 chronique et presque organique. <\/p>\n<p>Il suffirait d\u2019un \u00e9v\u00e9nement, m\u00eame marginalement chaotique, pour sceller la fin d\u2019un cycle et faire basculer le pays dans ce que l\u2019histoire congolaise nomme des \u00ab moments exclusifs \u00bb des tournants majeurs, des ruptures brutales, riches d\u2019enjeux et de cons\u00e9quences impr\u00e9visibles. <\/p>\n<p>Cette situation rend d\u00e8s lors illusoire toute tentative de pr\u00e9vision cat\u00e9gorique, d\u2019autant plus que certains continuent \u00e0 \u00e9dicter des sc\u00e9narios simplistes, occultant d\u00e9lib\u00e9r\u00e9ment la complexit\u00e9 intrins\u00e8que du r\u00e9el historique et politique. <\/p>\n<p>Le d\u00e9fi reste colossal : il importe d\u2019instaurer un cadre institutionnel stable, robuste, susceptible de r\u00e9guler le jeu politique, de canaliser les tensions sociales et territoriales, et de restaurer une autorit\u00e9 politique l\u00e9gitime, conditions sine qua non d\u2019une pacification durable et d\u2019un d\u00e9veloppement\u00a0soutenable.<\/p>\n<figure class=\"spip-document spip-document-62156 aligncenter\"><img decoding=\"async\" src=\"https:\/\/fr.igihe.com\/IMG\/jpg\/rdc-16.jpg\" alt=\"De nombreux analystes et protagonistes politiques congolais devraient s\u2019impr\u00e9gner de la sagacit\u00e9 empirique de Max Weber, pour qui \u00ab le r\u00e9sultat de l\u2019action correspond rarement \u00e0 l\u2019intention initiale de l\u2019acteur \u00bb\" \/><\/figure>\n","protected":false},"excerpt":{"rendered":"<p>De nombreux analystes et protagonistes politiques congolais devraient s\u2019impr\u00e9gner de la sagacit\u00e9 empirique de Max Weber, pour qui \u00ab le r\u00e9sultat de l\u2019action correspond rarement \u00e0 l\u2019intention initiale de l\u2019acteur \u00bb. <\/p>\n","protected":false},"author":488,"featured_media":4000062155,"comment_status":"open","ping_status":"open","sticky":false,"template":"","format":"standard","meta":{"footnotes":""},"categories":[7544],"tags":[7605],"byline":[9102],"hashtag":[],"class_list":["post-37912","post","type-post","status-publish","format-standard","has-post-thumbnail","hentry","category-politique","tag-homenews","byline-tite-gatabazi"],"bylines":[{"id":9102,"name":"Tite Gatabazi","slug":"tite-gatabazi","description":"","image":{"id":0,"url":"https:\/\/secure.gravatar.com\/avatar\/?s=96&d=mm&f=y&r=g","alt":"Default avatar","title":"Default avatar","caption":"","mime_type":"image\/jpeg","sizes":[]},"user_id":472}],"contributors":[{"id":9102,"name":"Tite Gatabazi","slug":"tite-gatabazi","description":"","image":{"id":0,"url":"https:\/\/secure.gravatar.com\/avatar\/?s=96&d=mm&f=y&r=g","alt":"Default avatar","title":"Default avatar","caption":"","mime_type":"image\/jpeg","sizes":[]},"user_id":472}],"featured_image":{"id":4000062155,"url":"https:\/\/fr-images.igihe.com\/IMG\/logo\/rdc_cp-7.jpg","alt":"","caption":"","mime_type":"image\/jpeg","width":0,"height":0,"sizes":{"thumbnail":{"url":"https:\/\/fr-images.igihe.com\/IMG\/logo\/rdc_cp-7.jpg","width":1,"height":1},"medium":{"url":"https:\/\/fr-images.igihe.com\/IMG\/logo\/rdc_cp-7.jpg","width":1,"height":1},"medium_large":{"url":"https:\/\/fr-images.igihe.com\/IMG\/logo\/rdc_cp-7.jpg","width":1,"height":1},"large":{"url":"https:\/\/fr-images.igihe.com\/IMG\/logo\/rdc_cp-7.jpg","width":1,"height":1},"full":{"url":"https:\/\/fr-images.igihe.com\/IMG\/logo\/rdc_cp-7.jpg","width":0,"height":0}}},"_links":{"self":[{"href":"https:\/\/new.igihe.com\/french\/wp-json\/wp\/v2\/posts\/37912","targetHints":{"allow":["GET"]}}],"collection":[{"href":"https:\/\/new.igihe.com\/french\/wp-json\/wp\/v2\/posts"}],"about":[{"href":"https:\/\/new.igihe.com\/french\/wp-json\/wp\/v2\/types\/post"}],"author":[{"embeddable":true,"href":"https:\/\/new.igihe.com\/french\/wp-json\/wp\/v2\/users\/488"}],"replies":[{"embeddable":true,"href":"https:\/\/new.igihe.com\/french\/wp-json\/wp\/v2\/comments?post=37912"}],"version-history":[{"count":0,"href":"https:\/\/new.igihe.com\/french\/wp-json\/wp\/v2\/posts\/37912\/revisions"}],"wp:featuredmedia":[{"embeddable":true,"href":"https:\/\/new.igihe.com\/french\/wp-json\/wp\/v2\/media\/4000062155"}],"wp:attachment":[{"href":"https:\/\/new.igihe.com\/french\/wp-json\/wp\/v2\/media?parent=37912"}],"wp:term":[{"taxonomy":"category","embeddable":true,"href":"https:\/\/new.igihe.com\/french\/wp-json\/wp\/v2\/categories?post=37912"},{"taxonomy":"post_tag","embeddable":true,"href":"https:\/\/new.igihe.com\/french\/wp-json\/wp\/v2\/tags?post=37912"},{"taxonomy":"byline","embeddable":true,"href":"https:\/\/new.igihe.com\/french\/wp-json\/wp\/v2\/byline?post=37912"},{"taxonomy":"hashtag","embeddable":true,"href":"https:\/\/new.igihe.com\/french\/wp-json\/wp\/v2\/hashtag?post=37912"}],"curies":[{"name":"wp","href":"https:\/\/api.w.org\/{rel}","templated":true}]}}