{"id":37906,"date":"2025-06-10T17:30:10","date_gmt":"2025-06-10T17:30:10","guid":{"rendered":"https:\/\/new.igihe.com\/french\/Tibor-Nagy-le-retrait-du-Rwanda-risque-de-fragiliser-la-CEEAC-plus-que-Kigali-37906\/"},"modified":"2025-06-12T17:32:13","modified_gmt":"2025-06-12T17:32:13","slug":"Tibor-Nagy-le-retrait-du-Rwanda-risque-de-fragiliser-la-CEEAC-plus-que-Kigali","status":"publish","type":"post","link":"https:\/\/new.igihe.com\/french\/Tibor-Nagy-le-retrait-du-Rwanda-risque-de-fragiliser-la-CEEAC-plus-que-Kigali\/","title":{"rendered":"Tibor Nagy : le retrait du Rwanda risque de fragiliser la CEEAC plus que Kigali"},"content":{"rendered":"<p>Nagy, ancien secr\u00e9taire d&#8217;\u00c9tat adjoint am\u00e9ricain aux affaires africaines sous la pr\u00e9sidence Trump durant son premier mandat (2018-2021), a qualifi\u00e9 la CEEAC d\u2019institution faible, se limitant \u00e0 des r\u00e9unions de routine.<\/p>\n<p>\u00ab Le d\u00e9part du Rwanda de la CEEAC ne constitue pas une grande perte \u00bb, a-t-il d\u00e9clar\u00e9 sur X, ajoutant que ce bloc r\u00e9gional, le moins efficace d\u2019Afrique, sera davantage affaibli sans le Rwanda.<\/p>\n<p>Ce diplomate exp\u00e9riment\u00e9, \u00e9galement ancien ambassadeur en Guin\u00e9e et en \u00c9thiopie, s\u2019exprimait quelques jours apr\u00e8s le retrait officiel du Rwanda du bloc, \u00e0 l\u2019issue du 26e sommet tenu \u00e0 Malabo le 7 juin 2025.<\/p>\n<p>Le gouvernement a justifi\u00e9 sa d\u00e9cision par l\u2019hostilit\u00e9 persistante de la RDC, notamment ses tentatives d\u2019emp\u00eacher le Rwanda d\u2019assurer la pr\u00e9sidence tournante de la CEEAC, ce que Kigali consid\u00e8re comme une violation du trait\u00e9.<\/p>\n<p>Le ministre des Affaires \u00e9trang\u00e8res, Olivier Nduhungirehe, a accus\u00e9 la RDC d\u2019utiliser la CEEAC pour l\u00e9gitimer son agressivit\u00e9 envers le Rwanda et saboter les efforts de paix r\u00e9gionaux.<\/p>\n<p>\u00ab C\u2019est triste de voir une communaut\u00e9 de 11 \u00c9tats membres \u00eatre manipul\u00e9e par un seul pays \u00bb, a-t-il d\u00e9clar\u00e9 dimanche \u00e0 la &#8216;Rwanda Broadcasting Agency&#8217;.<\/p>\n<p>Le ministre a aussi d\u00e9nonc\u00e9 les failles de gouvernance de la CEEAC, dont l\u2019absence d\u2019audits financiers depuis 2015, un leadership d\u00e9faillant et une perte de cr\u00e9dibilit\u00e9.<\/p>\n<p>Dans une d\u00e9claration samedi annon\u00e7ant le retrait, le minist\u00e8re des Affaires \u00e9trang\u00e8res a d\u00e9nonc\u00e9 le non-respect par la CEEAC des droits du Rwanda selon sa charte.<\/p>\n<p>Le bloc a contourn\u00e9 le syst\u00e8me de rotation alphab\u00e9tique en prolongeant la pr\u00e9sidence de la Guin\u00e9e \u00e9quatoriale, invoquant le r\u00f4le pr\u00e9sum\u00e9 du Rwanda dans le conflit dans l\u2019est de la RDC.<\/p>\n<p> Le Rwanda a \u00e0 plusieurs reprises rejet\u00e9 les accusations r\u00e9currentes foment\u00e9es par la RDC, soulignant au contraire la coop\u00e9ration \u00e9tablie entre Kinshasa et la milice g\u00e9nocidaire FDLR.<\/p>\n<p>Kigali a \u00e9galement condamn\u00e9 les bombardements transfrontaliers r\u00e9p\u00e9t\u00e9s, notamment un incident meurtrier survenu en janvier dernier ayant caus\u00e9 16 morts et plus de 160 bless\u00e9s.<\/p>\n<p>Ce lundi 9 juin, le Conseil des ministres a r\u00e9affirm\u00e9 le retrait du Rwanda de la CEEAC, estimant que sa participation n\u2019\u00e9tait plus tenable face au non-respect des principes d\u2019\u00e9galit\u00e9, de respect et de bon voisinage.<\/p>\n<p>\u00ab La RDC continue de financer et de soutenir la milice g\u00e9nocidaire FDLR, sanctionn\u00e9e par l\u2019ONU, tandis que la CEEAC d\u00e9tourne le regard \u00bb, a indiqu\u00e9 le Conseil dans un communiqu\u00e9 publi\u00e9 \u00e0 l\u2019issue d&#8217;une r\u00e9union conduite par le Premier ministre \u00c9douard Ngirente.<\/p>\n<p>Le Conseil a aussi d\u00e9nonc\u00e9 les menaces r\u00e9p\u00e9t\u00e9es du pr\u00e9sident F\u00e9lix Tshisekedi visant \u00e0 renverser le gouvernement rwandais, preuve suppl\u00e9mentaire de l\u2019attitude belliciste de la RDC.<\/p>\n<p>Malgr\u00e9 ce retrait, le Rwanda a affirm\u00e9 rester engag\u00e9 en faveur d&#8217;un processus de paix r\u00e9gionale et a indiqu\u00e9 qu&#8217;il poursuivra sa participation aupr\u00e8s d\u2019autres communaut\u00e9s \u00e9conomiques, notamment la CAE et le COMESA, tout en soutenant les initiatives de m\u00e9diation en cours men\u00e9es par les \u00c9tats-Unis et le Qatar. <\/p>\n<figure class=\"spip-document spip-document-62144 aligncenter\"><img decoding=\"async\" src=\"https:\/\/fr.igihe.com\/IMG\/jpg\/tnag.jpg\" alt=\"L\u2019ancien diplomate am\u00e9ricain Tibor Nagy a vivement r\u00e9agi au retrait du Rwanda de la CEEAC, estimant que cette d\u00e9cision affectera davantage le bloc r\u00e9gional que Kigali\" \/><\/figure>\n","protected":false},"excerpt":{"rendered":"<p>L\u2019ancien haut diplomate am\u00e9ricain Tibor Nagy a vivement r\u00e9agi au retrait du Rwanda de la Communaut\u00e9 \u00e9conomique des \u00c9tats de l\u2019Afrique centrale (CEEAC), estimant que cette d\u00e9cision risque de porter un coup bien plus s\u00e9v\u00e8re au bloc r\u00e9gional qu\u2019\u00e0 Kigali elle-m\u00eame.<\/p>\n","protected":false},"author":488,"featured_media":4000062142,"comment_status":"open","ping_status":"open","sticky":false,"template":"","format":"standard","meta":{"footnotes":""},"categories":[7544],"tags":[7605],"byline":[9865],"hashtag":[],"class_list":["post-37906","post","type-post","status-publish","format-standard","has-post-thumbnail","hentry","category-politique","tag-homenews","byline-alain-bertrand-tunezerwe"],"bylines":[{"id":9865,"name":"Alain Bertrand Tunezerwe","slug":"alain-bertrand-tunezerwe","description":"","image":{"id":0,"url":"https:\/\/secure.gravatar.com\/avatar\/?s=96&d=mm&f=y&r=g","alt":"Default avatar","title":"Default avatar","caption":"","mime_type":"image\/jpeg","sizes":[]},"user_id":452}],"contributors":[{"id":9865,"name":"Alain Bertrand Tunezerwe","slug":"alain-bertrand-tunezerwe","description":"","image":{"id":0,"url":"https:\/\/secure.gravatar.com\/avatar\/?s=96&d=mm&f=y&r=g","alt":"Default avatar","title":"Default avatar","caption":"","mime_type":"image\/jpeg","sizes":[]},"user_id":452}],"featured_image":{"id":4000062142,"url":"https:\/\/fr-images.igihe.com\/IMG\/logo\/tn_cp-2.jpg","alt":"","caption":"","mime_type":"image\/jpeg","width":0,"height":0,"sizes":{"thumbnail":{"url":"https:\/\/fr-images.igihe.com\/IMG\/logo\/tn_cp-2.jpg","width":1,"height":1},"medium":{"url":"https:\/\/fr-images.igihe.com\/IMG\/logo\/tn_cp-2.jpg","width":1,"height":1},"medium_large":{"url":"https:\/\/fr-images.igihe.com\/IMG\/logo\/tn_cp-2.jpg","width":1,"height":1},"large":{"url":"https:\/\/fr-images.igihe.com\/IMG\/logo\/tn_cp-2.jpg","width":1,"height":1},"full":{"url":"https:\/\/fr-images.igihe.com\/IMG\/logo\/tn_cp-2.jpg","width":0,"height":0}}},"_links":{"self":[{"href":"https:\/\/new.igihe.com\/french\/wp-json\/wp\/v2\/posts\/37906","targetHints":{"allow":["GET"]}}],"collection":[{"href":"https:\/\/new.igihe.com\/french\/wp-json\/wp\/v2\/posts"}],"about":[{"href":"https:\/\/new.igihe.com\/french\/wp-json\/wp\/v2\/types\/post"}],"author":[{"embeddable":true,"href":"https:\/\/new.igihe.com\/french\/wp-json\/wp\/v2\/users\/488"}],"replies":[{"embeddable":true,"href":"https:\/\/new.igihe.com\/french\/wp-json\/wp\/v2\/comments?post=37906"}],"version-history":[{"count":0,"href":"https:\/\/new.igihe.com\/french\/wp-json\/wp\/v2\/posts\/37906\/revisions"}],"wp:featuredmedia":[{"embeddable":true,"href":"https:\/\/new.igihe.com\/french\/wp-json\/wp\/v2\/media\/4000062142"}],"wp:attachment":[{"href":"https:\/\/new.igihe.com\/french\/wp-json\/wp\/v2\/media?parent=37906"}],"wp:term":[{"taxonomy":"category","embeddable":true,"href":"https:\/\/new.igihe.com\/french\/wp-json\/wp\/v2\/categories?post=37906"},{"taxonomy":"post_tag","embeddable":true,"href":"https:\/\/new.igihe.com\/french\/wp-json\/wp\/v2\/tags?post=37906"},{"taxonomy":"byline","embeddable":true,"href":"https:\/\/new.igihe.com\/french\/wp-json\/wp\/v2\/byline?post=37906"},{"taxonomy":"hashtag","embeddable":true,"href":"https:\/\/new.igihe.com\/french\/wp-json\/wp\/v2\/hashtag?post=37906"}],"curies":[{"name":"wp","href":"https:\/\/api.w.org\/{rel}","templated":true}]}}