{"id":37904,"date":"2025-06-10T16:00:14","date_gmt":"2025-06-10T16:00:14","guid":{"rendered":"https:\/\/new.igihe.com\/french\/Le-Conseil-des-ministres-reaffirme-le-retrait-du-Rwanda-de-la-CEEAC-37904\/"},"modified":"2025-06-10T16:00:02","modified_gmt":"2025-06-10T16:00:02","slug":"Le-Conseil-des-ministres-reaffirme-le-retrait-du-Rwanda-de-la-CEEAC","status":"publish","type":"post","link":"https:\/\/new.igihe.com\/french\/Le-Conseil-des-ministres-reaffirme-le-retrait-du-Rwanda-de-la-CEEAC\/","title":{"rendered":"Le Conseil des ministres r\u00e9affirme le retrait du Rwanda de la CEEAC"},"content":{"rendered":"<p>Lors d\u2019une r\u00e9union tenue ce 9 juin 2025 au Village Urugwiro, sous la conduite du Premier ministre Dr Edouard Ngirente, le Conseil des ministres a examin\u00e9 la d\u00e9cision du Rwanda de se retirer de la CEEAC, annonc\u00e9e officiellement le 7 juin lors du 26\u1d49 Sommet ordinaire \u00e0 Malabo, en Guin\u00e9e \u00e9quatoriale.<\/p>\n<p>Selon le communiqu\u00e9 publi\u00e9 \u00e0 l\u2019issue de cette r\u00e9union, ce retrait fait suite \u00e0 une s\u00e9rie d\u2019actions r\u00e9p\u00e9t\u00e9es de la RDC visant \u00e0 affaiblir la position du Rwanda au sein de l\u2019organisation r\u00e9gionale, notamment en bloquant ill\u00e9galement son accession \u00e0 la pr\u00e9sidence tournante, en violation des protocoles en vigueur.<\/p>\n<p>Le minist\u00e8re des Affaires \u00e9trang\u00e8res avait d\u00e9j\u00e0 d\u00e9nonc\u00e9 le fait que le Rwanda avait \u00e9t\u00e9 injustement priv\u00e9 de son droit l\u00e9gitime d\u2019assumer la pr\u00e9sidence de la CEEAC, une fonction qui revient \u00e0 tour de r\u00f4le aux 11 \u00c9tats membres selon l\u2019ordre alphab\u00e9tique en fran\u00e7ais. Pourtant, l\u2019organisation a pr\u00e9f\u00e9r\u00e9 prolonger le mandat de la Guin\u00e9e \u00e9quatoriale, en invoquant l\u2019implication pr\u00e9sum\u00e9e du Rwanda dans le conflit \u00e0 l\u2019est de la RDC.<\/p>\n<p>En tant qu\u2019ancien pr\u00e9sident de la CEEAC (f\u00e9vrier 2023 \u2013 f\u00e9vrier 2024), la RDC est accus\u00e9e d\u2019avoir abus\u00e9 de sa position pour conspirer injustement contre le Rwanda, sans que l\u2019organisation ne r\u00e9agisse.<\/p>\n<p>\u00ab La manipulation se poursuit sous la pr\u00e9sidence actuelle \u00bb, affirme le communiqu\u00e9.<\/p>\n<p>Le Conseil des ministres reproche \u00e0 la RDC d\u2019instrumentaliser la CEEAC pour justifier son hostilit\u00e9 envers le Rwanda, en avan\u00e7ant de faux pr\u00e9textes li\u00e9s au conflit qui fait rage dans l\u2019est du Congo, un conflit dans lequel le Rwanda nie tout soutien au M23. Ce conflit existait d\u00e9j\u00e0 avant la pr\u00e9sidence de la RDC, qui est accus\u00e9e d\u2019avoir d\u00e9clench\u00e9 les violences en attaquant ses propres citoyens fin 2021.<\/p>\n<p>Par ailleurs, le Conseil des ministres a rappel\u00e9 que plus de 200 groupes arm\u00e9s, \u00e9trangers et locaux, op\u00e8rent dans l\u2019est de la RDC, constituant une menace s\u00e9rieuse pour la stabilit\u00e9 de la r\u00e9gion.<\/p>\n<p>Le Conseil a r\u00e9affirm\u00e9 que la RDC continue de financer et soutenir les Forces d\u00e9mocratiques de lib\u00e9ration du Rwanda (FDLR), une milice g\u00e9nocidaire sanctionn\u00e9e par l\u2019ONU, malgr\u00e9 plusieurs r\u00e9solutions internationales appelant \u00e0 mettre fin \u00e0 ce soutien. La r\u00e9solution 2773 du Conseil de s\u00e9curit\u00e9 exige la neutralisation du groupe, cr\u00e9\u00e9 par les auteurs du g\u00e9nocide contre les Tutsi de 1994 au Rwanda.<\/p>\n<p>Le Rwanda condamne \u00e9galement les attaques transfrontali\u00e8res r\u00e9p\u00e9t\u00e9es, les bombardements et incursions des forces de la RDC et des FDLR sur son territoire, ainsi que les menaces publiques du pr\u00e9sident Tshisekedi appelant au renversement du gouvernement rwandais, des actes jug\u00e9s contraires \u00e0 l\u2019article 3 du Trait\u00e9 de la CEEAC sur le bon voisinage.<\/p>\n<p>\u00ab Ces violations rendent la participation du Rwanda \u00e0 la CEEAC intenable \u00bb, a d\u00e9clar\u00e9 le Conseil, soulignant l\u2019\u00e9chec du bloc \u00e0 garantir l\u2019\u00e9galit\u00e9 et le respect entre ses membres.<\/p>\n<p>Malgr\u00e9 son retrait de la CEEAC, le Rwanda a r\u00e9affirm\u00e9 son engagement en faveur de la paix et du dialogue r\u00e9gional, soutenant le processus africain ainsi que les m\u00e9diations men\u00e9es par les \u00c9tats-Unis et le Qatar.<\/p>\n<p>\u00ab La RDC ferait mieux de se concentrer sur la r\u00e9solution de ses probl\u00e8mes internes plut\u00f4t que de chercher des boucs \u00e9missaires \u00e0 l\u2019international \u00bb, conclut le communiqu\u00e9.<\/p>\n<figure class=\"spip-document spip-document-62139 aligncenter\"><img decoding=\"async\" src=\"https:\/\/fr.igihe.com\/IMG\/jpg\/eng.jpg\" alt=\"Le Conseil des ministres a r\u00e9affirm\u00e9 le retrait du Rwanda de la CEEAC, d\u00e9non\u00e7ant les manipulations de la RDC\" \/><\/figure>\n","protected":false},"excerpt":{"rendered":"<p>Le Conseil des ministres a r\u00e9affirm\u00e9 la d\u00e9cision du Rwanda de se retirer de la Communaut\u00e9 \u00e9conomique des \u00c9tats de l\u2019Afrique centrale (CEEAC), d\u00e9non\u00e7ant les manipulations et les violations des r\u00e8gles de l\u2019organisation imputables \u00e0 la R\u00e9publique d\u00e9mocratique du Congo (RDC).<\/p>\n","protected":false},"author":488,"featured_media":4000062138,"comment_status":"open","ping_status":"open","sticky":false,"template":"","format":"standard","meta":{"footnotes":""},"categories":[7544],"tags":[7605],"byline":[9865],"hashtag":[],"class_list":["post-37904","post","type-post","status-publish","format-standard","has-post-thumbnail","hentry","category-politique","tag-homenews","byline-alain-bertrand-tunezerwe"],"bylines":[{"id":9865,"name":"Alain Bertrand Tunezerwe","slug":"alain-bertrand-tunezerwe","description":"","image":{"id":0,"url":"https:\/\/secure.gravatar.com\/avatar\/?s=96&d=mm&f=y&r=g","alt":"Default avatar","title":"Default avatar","caption":"","mime_type":"image\/jpeg","sizes":[]},"user_id":452}],"contributors":[{"id":9865,"name":"Alain Bertrand Tunezerwe","slug":"alain-bertrand-tunezerwe","description":"","image":{"id":0,"url":"https:\/\/secure.gravatar.com\/avatar\/?s=96&d=mm&f=y&r=g","alt":"Default avatar","title":"Default avatar","caption":"","mime_type":"image\/jpeg","sizes":[]},"user_id":452}],"featured_image":{"id":4000062138,"url":"https:\/\/fr-images.igihe.com\/IMG\/logo\/eng_cp.jpg","alt":"","caption":"","mime_type":"image\/jpeg","width":0,"height":0,"sizes":{"thumbnail":{"url":"https:\/\/fr-images.igihe.com\/IMG\/logo\/eng_cp.jpg","width":1,"height":1},"medium":{"url":"https:\/\/fr-images.igihe.com\/IMG\/logo\/eng_cp.jpg","width":1,"height":1},"medium_large":{"url":"https:\/\/fr-images.igihe.com\/IMG\/logo\/eng_cp.jpg","width":1,"height":1},"large":{"url":"https:\/\/fr-images.igihe.com\/IMG\/logo\/eng_cp.jpg","width":1,"height":1},"full":{"url":"https:\/\/fr-images.igihe.com\/IMG\/logo\/eng_cp.jpg","width":0,"height":0}}},"_links":{"self":[{"href":"https:\/\/new.igihe.com\/french\/wp-json\/wp\/v2\/posts\/37904","targetHints":{"allow":["GET"]}}],"collection":[{"href":"https:\/\/new.igihe.com\/french\/wp-json\/wp\/v2\/posts"}],"about":[{"href":"https:\/\/new.igihe.com\/french\/wp-json\/wp\/v2\/types\/post"}],"author":[{"embeddable":true,"href":"https:\/\/new.igihe.com\/french\/wp-json\/wp\/v2\/users\/488"}],"replies":[{"embeddable":true,"href":"https:\/\/new.igihe.com\/french\/wp-json\/wp\/v2\/comments?post=37904"}],"version-history":[{"count":0,"href":"https:\/\/new.igihe.com\/french\/wp-json\/wp\/v2\/posts\/37904\/revisions"}],"wp:featuredmedia":[{"embeddable":true,"href":"https:\/\/new.igihe.com\/french\/wp-json\/wp\/v2\/media\/4000062138"}],"wp:attachment":[{"href":"https:\/\/new.igihe.com\/french\/wp-json\/wp\/v2\/media?parent=37904"}],"wp:term":[{"taxonomy":"category","embeddable":true,"href":"https:\/\/new.igihe.com\/french\/wp-json\/wp\/v2\/categories?post=37904"},{"taxonomy":"post_tag","embeddable":true,"href":"https:\/\/new.igihe.com\/french\/wp-json\/wp\/v2\/tags?post=37904"},{"taxonomy":"byline","embeddable":true,"href":"https:\/\/new.igihe.com\/french\/wp-json\/wp\/v2\/byline?post=37904"},{"taxonomy":"hashtag","embeddable":true,"href":"https:\/\/new.igihe.com\/french\/wp-json\/wp\/v2\/hashtag?post=37904"}],"curies":[{"name":"wp","href":"https:\/\/api.w.org\/{rel}","templated":true}]}}