{"id":37901,"date":"2025-06-09T15:19:04","date_gmt":"2025-06-09T15:19:04","guid":{"rendered":"https:\/\/new.igihe.com\/french\/Bruxelles-ingouvernable-ou-l-anatomie-d-un-naufrage-politique-Belge-37901\/"},"modified":"2025-06-09T17:15:10","modified_gmt":"2025-06-09T17:15:10","slug":"Bruxelles-ingouvernable-ou-l-anatomie-d-un-naufrage-politique-Belge","status":"publish","type":"post","link":"https:\/\/new.igihe.com\/french\/Bruxelles-ingouvernable-ou-l-anatomie-d-un-naufrage-politique-Belge\/","title":{"rendered":"Bruxelles ingouvernable ou  l\u2019anatomie d\u2019un naufrage politique Belge"},"content":{"rendered":"<p>Les Belges, dira-t-on avec une ironie m\u00eal\u00e9e de lassitude, semblent retomb\u00e9s dans leur sport national : divisions byzantines, intrigues de couloir, atermoiements st\u00e9riles et retournements de veste. La classe politique, en particulier \u00e0 Bruxelles, se montre prisonni\u00e8re d\u2019un jeu de miroirs o\u00f9 la strat\u00e9gie l\u2019emporte sur la responsabilit\u00e9, o\u00f9 les logiques de veto pr\u00e9valent sur les n\u00e9cessit\u00e9s du bien commun.<\/p>\n<p>A l\u2019origine de cette paralysie, il faut d\u2019abord incriminer un cadre institutionnel inadapt\u00e9 \u00e0 la r\u00e9alit\u00e9 sociologique contemporaine de la capitale. Le syst\u00e8me \u00e9lectoral bruxellois, fig\u00e9 dans une logique bilingue stricte, deux coll\u00e8ges \u00e9lectoraux, l\u2019un francophone, l\u2019autre n\u00e9erlandophone,  interdit toute liste transcommunautaire et confine les \u00e9lecteurs comme les candidats \u00e0 une identit\u00e9 linguistique fig\u00e9e, qui ne correspond plus \u00e0 la fluidit\u00e9 culturelle de la population urbaine. <\/p>\n<p>Ce m\u00e9canisme, archa\u00efque \u00e0 plus d\u2019un titre, favorise la fragmentation des votes et rend l\u2019assemblage d\u2019une majorit\u00e9 pratiquement impossible.<\/p>\n<p>A cela s\u2019ajoute une r\u00e8gle lourde de cons\u00e9quences : pour constituer un gouvernement r\u00e9gional, il faut imp\u00e9rativement une majorit\u00e9 dans chacun des deux groupes linguistiques, une exigence plus contraignante encore que celle en vigueur au niveau f\u00e9d\u00e9ral. <\/p>\n<p>Le seuil \u00e9lectoral tr\u00e8s bas dans le coll\u00e8ge n\u00e9erlandophone facilite, en outre, l\u2019entr\u00e9e au Parlement de formations marginales, souvent port\u00e9es par des figures opportunistes davantage soucieuses d\u2019existence m\u00e9diatique que de gouvernance.<\/p>\n<p>Pour parvenir \u00e0 une coalition viable, il faudrait aujourd\u2019hui rassembler pas moins de sept partis, trois du c\u00f4t\u00e9 francophone, quatre du c\u00f4t\u00e9 n\u00e9erlandophone. Une arithm\u00e9tique improbable, corset\u00e9e de tabous, d\u2019exclusives, de blessures symboliques, et de rancunes personnelles.<\/p>\n<p>Mais au-del\u00e0 des seuls m\u00e9canismes institutionnels, c\u2019est l\u2019attitude m\u00eame des acteurs politiques qui interroge. L\u2019incapacit\u00e9 \u00e0 transcender les clivages, la propension \u00e0 privil\u00e9gier la posture tactique au d\u00e9triment de l\u2019int\u00e9r\u00eat g\u00e9n\u00e9ral, l\u2019absence de vision f\u00e9d\u00e9ratrice, tous ces travers ont contribu\u00e9 \u00e0 enliser davantage encore un processus d\u00e9j\u00e0 min\u00e9 par sa propre complexit\u00e9. <\/p>\n<p>Certains partis ont multipli\u00e9 les lignes rouges, brandi des ultimatums, refus\u00e9 des compromis, sabordant toute tentative de coalition avant m\u00eame qu\u2019elle ne voie le jour. Le Parti socialiste, en particulier, semble s\u2019\u00eatre englu\u00e9 dans une position peu lisible, \u00e0 la fois jalouse de son h\u00e9g\u00e9monie r\u00e9gionale et incapable de construire des ponts.<\/p>\n<p>Il faut bien le reconna\u00eetre : Bruxelles souffre d\u2019un manque criant de leadership politique, de personnalit\u00e9s capables d\u2019assumer un r\u00f4le de rassembleur au-del\u00e0 des appartenances communautaires et des calculs partisans. Le style de certains dirigeants, souvent clivant, parfois m\u00eame provocateur, n\u2019a fait qu\u2019aggraver les tensions et \u00e9loigner davantage les chances d\u2019un compromis. Il est permis de s\u2019interroger sur leur r\u00e9elle volont\u00e9 de gouverner, ou sur leur capacit\u00e9 \u00e0 le faire.<\/p>\n<p>Ce qui se joue ici d\u00e9passe largement le sort d\u2019un ex\u00e9cutif r\u00e9gional. C\u2019est la cr\u00e9dibilit\u00e9 m\u00eame de la d\u00e9mocratie bruxelloise qui vacille, dans une ville pourtant appel\u00e9e \u00e0 incarner le mod\u00e8le europ\u00e9en du vivre-ensemble et de la gouvernance partag\u00e9e. <\/p>\n<p>Il devient urgent de penser une refonte institutionnelle profonde, \u00e0 la hauteur des mutations d\u00e9mographiques, culturelles et politiques de la capitale. Faute de quoi, le \u00ab laboratoire bruxellois \u00bb ne sera plus que le th\u00e9\u00e2tre fatigu\u00e9 d\u2019un \u00e9ternel\u00a0recommencement.<\/p>\n<figure class=\"spip-document spip-document-62132 aligncenter\"><img decoding=\"async\" src=\"https:\/\/fr.igihe.com\/IMG\/jpg\/brx.jpg\" alt=\"Depuis un an, la R\u00e9gion de Bruxelles-Capitale est sans gouvernement de plein exercice \u2014 un vide institutionnel in\u00e9dit et pr\u00e9occupant au c\u0153ur de l\u2019Europe\" \/><\/figure>\n","protected":false},"excerpt":{"rendered":"<p>Depuis un an jour pour jour, la R\u00e9gion de Bruxelles-Capitale demeure sans gouvernement de plein exercice, un vide institutionnel aussi pr\u00e9occupant qu\u2019in\u00e9dit en plein c\u0153ur de l\u2019Europe. Si cet immobilisme politique semble d\u00e9sormais presque banal dans le paysage belge, tant le f\u00e9d\u00e9ralisme de compromis est devenu le th\u00e9\u00e2tre r\u00e9current d\u2019interminables tractations,  la situation bruxelloise rev\u00eat, cette fois-ci, une gravit\u00e9 particuli\u00e8re. Non seulement par sa dur\u00e9e, mais surtout par les impasses syst\u00e9miques, les querelles partisanes et les postures de repli qu\u2019elle cristallise.<\/p>\n","protected":false},"author":488,"featured_media":4000062135,"comment_status":"open","ping_status":"open","sticky":false,"template":"","format":"standard","meta":{"footnotes":""},"categories":[7544],"tags":[7605],"byline":[9102],"hashtag":[],"class_list":["post-37901","post","type-post","status-publish","format-standard","has-post-thumbnail","hentry","category-politique","tag-homenews","byline-tite-gatabazi"],"bylines":[{"id":9102,"name":"Tite Gatabazi","slug":"tite-gatabazi","description":"","image":{"id":0,"url":"https:\/\/secure.gravatar.com\/avatar\/?s=96&d=mm&f=y&r=g","alt":"Default avatar","title":"Default avatar","caption":"","mime_type":"image\/jpeg","sizes":[]},"user_id":472}],"contributors":[{"id":9102,"name":"Tite Gatabazi","slug":"tite-gatabazi","description":"","image":{"id":0,"url":"https:\/\/secure.gravatar.com\/avatar\/?s=96&d=mm&f=y&r=g","alt":"Default avatar","title":"Default avatar","caption":"","mime_type":"image\/jpeg","sizes":[]},"user_id":472}],"featured_image":{"id":4000062135,"url":"https:\/\/fr-images.igihe.com\/IMG\/logo\/img-20250609-wa0030.jpg","alt":"","caption":"","mime_type":"image\/jpeg","width":0,"height":0,"sizes":{"thumbnail":{"url":"https:\/\/fr-images.igihe.com\/IMG\/logo\/img-20250609-wa0030.jpg","width":1,"height":1},"medium":{"url":"https:\/\/fr-images.igihe.com\/IMG\/logo\/img-20250609-wa0030.jpg","width":1,"height":1},"medium_large":{"url":"https:\/\/fr-images.igihe.com\/IMG\/logo\/img-20250609-wa0030.jpg","width":1,"height":1},"large":{"url":"https:\/\/fr-images.igihe.com\/IMG\/logo\/img-20250609-wa0030.jpg","width":1,"height":1},"full":{"url":"https:\/\/fr-images.igihe.com\/IMG\/logo\/img-20250609-wa0030.jpg","width":0,"height":0}}},"_links":{"self":[{"href":"https:\/\/new.igihe.com\/french\/wp-json\/wp\/v2\/posts\/37901","targetHints":{"allow":["GET"]}}],"collection":[{"href":"https:\/\/new.igihe.com\/french\/wp-json\/wp\/v2\/posts"}],"about":[{"href":"https:\/\/new.igihe.com\/french\/wp-json\/wp\/v2\/types\/post"}],"author":[{"embeddable":true,"href":"https:\/\/new.igihe.com\/french\/wp-json\/wp\/v2\/users\/488"}],"replies":[{"embeddable":true,"href":"https:\/\/new.igihe.com\/french\/wp-json\/wp\/v2\/comments?post=37901"}],"version-history":[{"count":0,"href":"https:\/\/new.igihe.com\/french\/wp-json\/wp\/v2\/posts\/37901\/revisions"}],"wp:featuredmedia":[{"embeddable":true,"href":"https:\/\/new.igihe.com\/french\/wp-json\/wp\/v2\/media\/4000062135"}],"wp:attachment":[{"href":"https:\/\/new.igihe.com\/french\/wp-json\/wp\/v2\/media?parent=37901"}],"wp:term":[{"taxonomy":"category","embeddable":true,"href":"https:\/\/new.igihe.com\/french\/wp-json\/wp\/v2\/categories?post=37901"},{"taxonomy":"post_tag","embeddable":true,"href":"https:\/\/new.igihe.com\/french\/wp-json\/wp\/v2\/tags?post=37901"},{"taxonomy":"byline","embeddable":true,"href":"https:\/\/new.igihe.com\/french\/wp-json\/wp\/v2\/byline?post=37901"},{"taxonomy":"hashtag","embeddable":true,"href":"https:\/\/new.igihe.com\/french\/wp-json\/wp\/v2\/hashtag?post=37901"}],"curies":[{"name":"wp","href":"https:\/\/api.w.org\/{rel}","templated":true}]}}