{"id":37898,"date":"2025-06-09T12:44:43","date_gmt":"2025-06-09T12:44:43","guid":{"rendered":"https:\/\/new.igihe.com\/french\/Le-Rwanda-accuse-la-RDC-d-entraver-les-efforts-de-paix-regionale-37898\/"},"modified":"2025-06-09T12:39:14","modified_gmt":"2025-06-09T12:39:14","slug":"Le-Rwanda-accuse-la-RDC-d-entraver-les-efforts-de-paix-regionale","status":"publish","type":"post","link":"https:\/\/new.igihe.com\/french\/Le-Rwanda-accuse-la-RDC-d-entraver-les-efforts-de-paix-regionale\/","title":{"rendered":"Le Rwanda accuse la RDC d\u2019entraver les efforts de paix r\u00e9gionale"},"content":{"rendered":"<p>Lors d\u2019une interview accord\u00e9e ce dimanche \u00e0 la Rwanda Broadcasting Agency (RBA),  le chef de la diplomatie a affirm\u00e9 que l\u2019attitude de la RDC \u00e9tait \u00ab inacceptable \u00bb estimant que Kinshasa \u00ab semble ne pas vouloir une paix v\u00e9ritable \u00bb.<\/p>\n<p>Ces d\u00e9clarations interviennent au lendemain de l\u2019annonce officielle du retrait du Rwanda de la Communaut\u00e9 \u00e9conomique des \u00c9tats de l\u2019Afrique centrale (CEEAC), d\u00e9cid\u00e9e samedi 7 juin 2025 lors du 26\u1d49 sommet ordinaire \u00e0 Malabo, en Guin\u00e9e \u00e9quatoriale. <\/p>\n<p>Cette d\u00e9cision fait suite \u00e0 ce que Kigali consid\u00e8re comme une violation d\u00e9lib\u00e9r\u00e9e de ses droits, en particulier la d\u00e9cision de la RDC d\u2019emp\u00eacher le Rwanda d\u2019assurer, comme pr\u00e9vu par le trait\u00e9 de la CEEAC, la pr\u00e9sidence tournante de l\u2019organisation.<\/p>\n<p>Selon un communiqu\u00e9 du minist\u00e8re des Affaires \u00e9trang\u00e8res, la RDC, avec le soutien de certains \u00c9tats membres de la CEEAC, a instrumentalis\u00e9 l\u2019organisation r\u00e9gionale pour imposer sa volont\u00e9, en bafouant la r\u00e8gle selon laquelle la pr\u00e9sidence doit alterner selon l\u2019ordre alphab\u00e9tique en fran\u00e7ais<\/p>\n<p>\u00ab Le droit du Rwanda \u00e0 assurer la pr\u00e9sidence tournante a \u00e9t\u00e9 d\u00e9lib\u00e9r\u00e9ment ignor\u00e9 \u00bb, souligne le communiqu\u00e9.<\/p>\n<p>Lors de son entretien, Olivier Nduhungirehe a d\u00e9nonc\u00e9 une plainte infond\u00e9e de la RDC accusant le Rwanda d\u2019agression, qu\u2019il a qualifi\u00e9e d\u2019hypocrite, surtout au regard du r\u00f4le de Kinshasa dans l\u2019instabilit\u00e9 de la r\u00e9gion.<\/p>\n<p>Il a accus\u00e9 la RDC de soutenir les Forces d\u00e9mocratiques de lib\u00e9ration du Rwanda (FDLR), un groupe arm\u00e9 responsable du g\u00e9nocide contre les Tutsi en 1994 au Rwanda, de recourir \u00e0 des mercenaires en violation du droit international, et de mener des attaques sur le territoire rwandais, notamment un bombardement en janvier pr\u00e8s de Goma ayant fait 16 morts et 160 bless\u00e9s.<\/p>\n<p>Le ministre a \u00e9galement exprim\u00e9 la profonde d\u00e9ception du Rwanda face aux d\u00e9faillances structurelles de la CEEAC, qualifiant l\u2019organisation de dysfonctionnelle depuis plusieurs ann\u00e9es, en raison de finances mal g\u00e9r\u00e9es, de l\u2019absence de v\u00e9rifications depuis 2015 et d\u2019un manque \u00e9vident de bonne gouvernance.<\/p>\n<p>Il a rappel\u00e9 un incident survenu en 2023, lorsque la RDC, alors pr\u00e9sidente en exercice de la CEEAC, avait emp\u00each\u00e9 le Rwanda de prendre la parole lors du 22\u1d49 sommet \u00e0 Kinshasa \u2014 une exclusion que Kigali avait formellement contest\u00e9e par une lettre adress\u00e9e \u00e0 l\u2019Union africaine, rest\u00e9e sans r\u00e9ponse.<\/p>\n<p>Malgr\u00e9 son retrait de la CEEAC, le ministre a r\u00e9affirm\u00e9 l\u2019attachement du Rwanda aux autres communaut\u00e9s \u00e9conomiques r\u00e9gionales, telles que la Communaut\u00e9 de l\u2019Afrique de l\u2019Est (EAC) et le March\u00e9 commun de l\u2019Afrique orientale et australe (COMESA), ainsi qu\u2019\u00e0 tous les processus de paix visant \u00e0 mettre fin au conflit dans l\u2019est de la RDC.<\/p>\n<p>Nduhungirehe a expliqu\u00e9 que le Rwanda participe activement aux discussions en cours, notamment la rencontre du 18 mars \u00e0 Doha entre les pr\u00e9sidents Paul Kagame et F\u00e9lix Tshisekedi, organis\u00e9e sous la m\u00e9diation du Qatar, ainsi que la signature, le 25 avril \u00e0 Washington, d\u2019une d\u00e9claration de principes conjointe avec la ministre congolaise des Affaires \u00e9trang\u00e8res, Th\u00e9r\u00e8se Kayikwamba Wagner.<\/p>\n<p>Ces discussions font partie d\u2019un important processus visant \u00e0 conclure un accord de paix, dont la signature est pr\u00e9vue prochainement \u00e0 la Maison Blanche, aux \u00c9tats-Unis.<\/p>\n<p>\u00ab Il est \u00e0 la fois surprenant et inacceptable que, alors m\u00eame que nous avan\u00e7ons sur la voie de la paix, la RDC continue d\u2019accuser le Rwanda et de demander des sanctions \u00e0 son encontre \u00bb, a indiqu\u00e9 Nduhungirehe, d\u00e9non\u00e7ant une attitude irresponsable et nuisible \u00e0 la stabilit\u00e9 de la r\u00e9gion.<\/p>\n<p>\u00ab C\u2019est triste de voir qu\u2019une organisation regroupant onze pays membres soit manipul\u00e9e par un seul pays \u00bb, a d\u00e9plor\u00e9 Nduhungirehe, appelant les membres de la CEEAC \u00e0 prendre conscience de la d\u00e9rive inqui\u00e9tante dont souffre cette organisation.<\/p>\n<p>Le ministre a averti que l\u2019attitude de la RDC risque de compromettre les n\u00e9gociations de paix en cours, d\u00e9j\u00e0 fragiles, en raison des tensions li\u00e9es \u00e0 la r\u00e9bellion du M23, qui occupe des provinces du Nord-Kivu et du Sud-Kivu.<\/p>\n<p>Le Rwanda a \u00e0 plusieurs reprises ni\u00e9 les accusations r\u00e9currentes de Kinshasa, affirmant au contraire que c\u2019est la RDC qui collabore avec les FDLR, principale cause d\u2019instabilit\u00e9 dans la r\u00e9gion et menace directe pour\u00a0sa\u00a0s\u00e9curit\u00e9.<\/p>\n<figure class=\"spip-document spip-document-62106 aligncenter\"><img decoding=\"async\" src=\"https:\/\/fr.igihe.com\/IMG\/png\/screenshot_39_.png\" alt=\"Le ministre Nduhungirehe a accus\u00e9 la RDC de nuire aux efforts de paix en cherchant \u00e0 imposer des sanctions contre le Rwanda dans les instances r\u00e9gionales et internationales\" \/><\/figure>\n","protected":false},"excerpt":{"rendered":"<p>Le ministre des Affaires \u00e9trang\u00e8res, l\u2019ambassadeur Olivier Nduhungirehe, a affirm\u00e9 que la R\u00e9publique d\u00e9mocratique du Congo (RDC) entrave les efforts de paix en tentant d\u2019imposer des sanctions contre le Rwanda au sein des instances r\u00e9gionales et internationales.<\/p>\n","protected":false},"author":488,"featured_media":4000062105,"comment_status":"open","ping_status":"open","sticky":false,"template":"","format":"standard","meta":{"footnotes":""},"categories":[7544],"tags":[7605],"byline":[7717],"hashtag":[],"class_list":["post-37898","post","type-post","status-publish","format-standard","has-post-thumbnail","hentry","category-politique","tag-homenews","byline-igihe"],"bylines":[{"id":7717,"name":"IGIHE","slug":"igihe","description":"","image":{"id":0,"url":"https:\/\/secure.gravatar.com\/avatar\/?s=96&d=mm&f=y&r=g","alt":"Default avatar","title":"Default avatar","caption":"","mime_type":"image\/jpeg","sizes":[]},"user_id":393}],"contributors":[{"id":7717,"name":"IGIHE","slug":"igihe","description":"","image":{"id":0,"url":"https:\/\/secure.gravatar.com\/avatar\/?s=96&d=mm&f=y&r=g","alt":"Default avatar","title":"Default avatar","caption":"","mime_type":"image\/jpeg","sizes":[]},"user_id":393}],"featured_image":{"id":4000062105,"url":"https:\/\/fr-images.igihe.com\/IMG\/logo\/cp-7.png","alt":"","caption":"","mime_type":"image\/png","width":0,"height":0,"sizes":{"thumbnail":{"url":"https:\/\/fr-images.igihe.com\/IMG\/logo\/cp-7.png","width":1,"height":1},"medium":{"url":"https:\/\/fr-images.igihe.com\/IMG\/logo\/cp-7.png","width":1,"height":1},"medium_large":{"url":"https:\/\/fr-images.igihe.com\/IMG\/logo\/cp-7.png","width":1,"height":1},"large":{"url":"https:\/\/fr-images.igihe.com\/IMG\/logo\/cp-7.png","width":1,"height":1},"full":{"url":"https:\/\/fr-images.igihe.com\/IMG\/logo\/cp-7.png","width":0,"height":0}}},"_links":{"self":[{"href":"https:\/\/new.igihe.com\/french\/wp-json\/wp\/v2\/posts\/37898","targetHints":{"allow":["GET"]}}],"collection":[{"href":"https:\/\/new.igihe.com\/french\/wp-json\/wp\/v2\/posts"}],"about":[{"href":"https:\/\/new.igihe.com\/french\/wp-json\/wp\/v2\/types\/post"}],"author":[{"embeddable":true,"href":"https:\/\/new.igihe.com\/french\/wp-json\/wp\/v2\/users\/488"}],"replies":[{"embeddable":true,"href":"https:\/\/new.igihe.com\/french\/wp-json\/wp\/v2\/comments?post=37898"}],"version-history":[{"count":0,"href":"https:\/\/new.igihe.com\/french\/wp-json\/wp\/v2\/posts\/37898\/revisions"}],"wp:featuredmedia":[{"embeddable":true,"href":"https:\/\/new.igihe.com\/french\/wp-json\/wp\/v2\/media\/4000062105"}],"wp:attachment":[{"href":"https:\/\/new.igihe.com\/french\/wp-json\/wp\/v2\/media?parent=37898"}],"wp:term":[{"taxonomy":"category","embeddable":true,"href":"https:\/\/new.igihe.com\/french\/wp-json\/wp\/v2\/categories?post=37898"},{"taxonomy":"post_tag","embeddable":true,"href":"https:\/\/new.igihe.com\/french\/wp-json\/wp\/v2\/tags?post=37898"},{"taxonomy":"byline","embeddable":true,"href":"https:\/\/new.igihe.com\/french\/wp-json\/wp\/v2\/byline?post=37898"},{"taxonomy":"hashtag","embeddable":true,"href":"https:\/\/new.igihe.com\/french\/wp-json\/wp\/v2\/hashtag?post=37898"}],"curies":[{"name":"wp","href":"https:\/\/api.w.org\/{rel}","templated":true}]}}