{"id":37897,"date":"2025-06-09T12:18:17","date_gmt":"2025-06-09T12:18:17","guid":{"rendered":"https:\/\/new.igihe.com\/french\/L-enquete-lucide-du-senateur-honoraire-Alain-Destexhe-sur-la-collusion-FARDC-37897\/"},"modified":"2025-06-09T12:16:56","modified_gmt":"2025-06-09T12:16:56","slug":"L-enquete-lucide-du-senateur-honoraire-Alain-Destexhe-sur-la-collusion-FARDC","status":"publish","type":"post","link":"https:\/\/new.igihe.com\/french\/L-enquete-lucide-du-senateur-honoraire-Alain-Destexhe-sur-la-collusion-FARDC\/","title":{"rendered":"L\u2019enqu\u00eate lucide du s\u00e9nateur honoraire Alain Destexhe sur la collusion FARDC\u2013FDLR"},"content":{"rendered":"<p>Loin des postures condescendantes ou des analyses approximatives, Alain Destexhe, fort d\u2019une expertise rigoureuse et d\u2019un sens aigu de la v\u00e9racit\u00e9, livre une lecture sans fard des r\u00e9alit\u00e9s invisibles qui r\u00e9gentent la trag\u00e9die congolaise contemporaine. Son t\u00e9moignage constitue une mise \u00e0 nu des logiques t\u00e9n\u00e9breuses \u00e0 l\u2019\u0153uvre dans l\u2019Est du pays, et il faut, \u00e0 ce titre, le scruter avec soin et le m\u00e9diter sans r\u00e9serve, tant il s\u00e9pare le bon grain de l\u2019ivraie.<\/p>\n<p>Au c\u0153ur de son enqu\u00eate de terrain, c\u2019est l\u2019impensable qui surgit avec une coh\u00e9rence gla\u00e7ante : les FDLR, pourtant d\u00e9sign\u00e9es comme organisation terroriste par les nations unies et les Etats Unis, sont aujourd\u2019hui totalement int\u00e9gr\u00e9es dans les Forces arm\u00e9es de la R\u00e9publique d\u00e9mocratique du Congo (FARDC), tant au niveau op\u00e9rationnel que hi\u00e9rarchique. <\/p>\n<p>Selon les sources crois\u00e9es par Destexhe, leur effectif aurait doubl\u00e9 depuis qu\u2019ils re\u00e7oivent armes, soldes et \u00e9quipement de la part du r\u00e9gime de F\u00e9lix Tshisekedi, dans le cadre de sa croisade contre le M23. Si les FDLR disposent de structures militaires bien plus disciplin\u00e9es et efficaces que les FARDC elles-m\u00eames, ils participent d\u00e9sormais pleinement \u00e0 la cha\u00eene de commandement, dans une symbiose qui confine \u00e0 l\u2019aberration strat\u00e9gique.<\/p>\n<p>Les t\u00e9moignages recueillis par le s\u00e9nateur honoraire belge lors de son passage au Kivu sont \u00e0 la fois saisissants et accablants. L\u2019un d\u2019eux, celui d\u2019un enfant-soldat enr\u00f4l\u00e9 de force \u00e0 l\u2019\u00e2ge de treize ans et demeur\u00e9 six ann\u00e9es dans les rangs des FDLR, affirme sans ambages avoir per\u00e7u sa solde, 120 dollars mensuels,  via l\u2019arm\u00e9e r\u00e9guli\u00e8re congolaise, \u00e0 compter de l\u2019ann\u00e9e 2022. <\/p>\n<p>Un autre t\u00e9moignage, \u00e9manant d\u2019un capitaine en poste \u00e0 la d\u00e9fense de la mine strat\u00e9gique de Rubaya, fait \u00e9tat d\u2019une coordination int\u00e9grale entre les FARDC, les milices Wazalendo et les unit\u00e9s des FDLR : ravitaillement a\u00e9rien, ordres op\u00e9rationnels, strat\u00e9gies de d\u00e9fense, tout se faisait en parfaite harmonie.<\/p>\n<p>Ce qui \u00e9tait hier encore sugg\u00e9r\u00e9 \u00e0 demi-mot se d\u00e9voile aujourd\u2019hui avec une limpidit\u00e9 tragique : le gouvernement  congolais, en s\u2019alliant structurellement avec les FDLR, a franchi une ligne rouge aux cons\u00e9quences g\u00e9opolitiques et \u00e9thiques majeures. <\/p>\n<p>Plus grave encore, cette fusion n\u2019est pas conjoncturelle. Apr\u00e8s trois d\u00e9cennies de connivences souterraines, de nombreux cadres du FDLR, souvent mieux form\u00e9s, mieux disciplin\u00e9s que leurs homologues congolais ont \u00e9t\u00e9 absorb\u00e9s dans les FARDC, parfois m\u00eame \u00e0 des postes de commandement sensibles. Une telle perm\u00e9abilit\u00e9, fruit d\u2019une strat\u00e9gie du pire, discr\u00e9dite tout projet de r\u00e9forme militaire s\u00e9rieux et rend illusoire la promesse de restaurer l\u2019autorit\u00e9 de l\u2019\u00c9tat dans l\u2019Est.<\/p>\n<p>Et pourtant, la communaut\u00e9 internationale continue de d\u00e9tourner le regard, prisonni\u00e8re d\u2019une diplomatie feutr\u00e9e o\u00f9 les indignations s\u00e9lectives dictent l\u2019agenda. Le silence sur cette r\u00e9alit\u00e9 constitue non seulement une faute politique, mais aussi une trahison des principes fondamentaux du droit international humanitaire. <\/p>\n<p>Les FDLR b\u00e9n\u00e9ficient m\u00eame de relais dissimul\u00e9s au sein d\u2019ONG europ\u00e9ennes, parfois sous couvert de d\u00e9fense des droits de l\u2019homme, participant ainsi \u00e0 l\u2019\u00e9dification d\u2019un \u00e9cran de respectabilit\u00e9 pour une organisation que l\u2019on persiste, \u00e0 juste titre, \u00e0 d\u00e9signer comme terroriste.<\/p>\n<p>Ainsi, conclut Alain Destexhe, toute r\u00e9forme cr\u00e9dible passe in\u00e9vitablement par un assainissement radical de l\u2019appareil militaire congolais, aujourd\u2019hui gangren\u00e9 par des alliances contre-nature. Se d\u00e9barrasser des FDLR ne rel\u00e8ve plus de la simple volont\u00e9 politique : c\u2019est une exigence existentielle pour la paix, la justice et la souverainet\u00e9 v\u00e9ritable du peuple congolais. En mettant au jour ce que d\u2019aucuns pr\u00e9f\u00e8rent taire, le s\u00e9nateur honoraire rappelle une v\u00e9rit\u00e9 que les puissants aiment \u00e0 ignorer : l\u2019histoire, t\u00f4t ou tard, juge ceux qui ont su voir et ceux qui ont choisi\u00a0de\u00a0se\u00a0taire.<\/p>\n<figure class=\"spip-document spip-document-62104 aligncenter\"><img decoding=\"async\" src=\"https:\/\/fr.igihe.com\/IMG\/jpg\/ad-5.jpg\" alt=\"Les s\u00e9jours r\u00e9guliers du s\u00e9nateur honoraire belge Alain Destexhe dans l\u2019Est de la RDC t\u00e9moignent d\u2019une rare lucidit\u00e9 politique et d\u2019un engagement intellectuel clair\" \/><\/figure>\n","protected":false},"excerpt":{"rendered":"<p>Les fr\u00e9quents s\u00e9jours du s\u00e9nateur honoraire belge Alain Destexhe dans l\u2019Est de la R\u00e9publique d\u00e9mocratique du Congo ne rel\u00e8vent pas de la simple curiosit\u00e9 diplomatique ou humanitaire. Ils constituent, \u00e0 bien des \u00e9gards, un exercice rare de lucidit\u00e9 politique et de salubrit\u00e9 intellectuelle dans un paysage brouill\u00e9 par les r\u00e9cits officiels et les contorsions diplomatiques. <\/p>\n","protected":false},"author":488,"featured_media":4000062103,"comment_status":"open","ping_status":"open","sticky":false,"template":"","format":"standard","meta":{"footnotes":""},"categories":[7544],"tags":[7605],"byline":[9102],"hashtag":[],"class_list":["post-37897","post","type-post","status-publish","format-standard","has-post-thumbnail","hentry","category-politique","tag-homenews","byline-tite-gatabazi"],"bylines":[{"id":9102,"name":"Tite Gatabazi","slug":"tite-gatabazi","description":"","image":{"id":0,"url":"https:\/\/secure.gravatar.com\/avatar\/?s=96&d=mm&f=y&r=g","alt":"Default avatar","title":"Default avatar","caption":"","mime_type":"image\/jpeg","sizes":[]},"user_id":472}],"contributors":[{"id":9102,"name":"Tite Gatabazi","slug":"tite-gatabazi","description":"","image":{"id":0,"url":"https:\/\/secure.gravatar.com\/avatar\/?s=96&d=mm&f=y&r=g","alt":"Default avatar","title":"Default avatar","caption":"","mime_type":"image\/jpeg","sizes":[]},"user_id":472}],"featured_image":{"id":4000062103,"url":"https:\/\/fr-images.igihe.com\/IMG\/logo\/ad_cp-5.jpg","alt":"","caption":"","mime_type":"image\/jpeg","width":0,"height":0,"sizes":{"thumbnail":{"url":"https:\/\/fr-images.igihe.com\/IMG\/logo\/ad_cp-5.jpg","width":1,"height":1},"medium":{"url":"https:\/\/fr-images.igihe.com\/IMG\/logo\/ad_cp-5.jpg","width":1,"height":1},"medium_large":{"url":"https:\/\/fr-images.igihe.com\/IMG\/logo\/ad_cp-5.jpg","width":1,"height":1},"large":{"url":"https:\/\/fr-images.igihe.com\/IMG\/logo\/ad_cp-5.jpg","width":1,"height":1},"full":{"url":"https:\/\/fr-images.igihe.com\/IMG\/logo\/ad_cp-5.jpg","width":0,"height":0}}},"_links":{"self":[{"href":"https:\/\/new.igihe.com\/french\/wp-json\/wp\/v2\/posts\/37897","targetHints":{"allow":["GET"]}}],"collection":[{"href":"https:\/\/new.igihe.com\/french\/wp-json\/wp\/v2\/posts"}],"about":[{"href":"https:\/\/new.igihe.com\/french\/wp-json\/wp\/v2\/types\/post"}],"author":[{"embeddable":true,"href":"https:\/\/new.igihe.com\/french\/wp-json\/wp\/v2\/users\/488"}],"replies":[{"embeddable":true,"href":"https:\/\/new.igihe.com\/french\/wp-json\/wp\/v2\/comments?post=37897"}],"version-history":[{"count":0,"href":"https:\/\/new.igihe.com\/french\/wp-json\/wp\/v2\/posts\/37897\/revisions"}],"wp:featuredmedia":[{"embeddable":true,"href":"https:\/\/new.igihe.com\/french\/wp-json\/wp\/v2\/media\/4000062103"}],"wp:attachment":[{"href":"https:\/\/new.igihe.com\/french\/wp-json\/wp\/v2\/media?parent=37897"}],"wp:term":[{"taxonomy":"category","embeddable":true,"href":"https:\/\/new.igihe.com\/french\/wp-json\/wp\/v2\/categories?post=37897"},{"taxonomy":"post_tag","embeddable":true,"href":"https:\/\/new.igihe.com\/french\/wp-json\/wp\/v2\/tags?post=37897"},{"taxonomy":"byline","embeddable":true,"href":"https:\/\/new.igihe.com\/french\/wp-json\/wp\/v2\/byline?post=37897"},{"taxonomy":"hashtag","embeddable":true,"href":"https:\/\/new.igihe.com\/french\/wp-json\/wp\/v2\/hashtag?post=37897"}],"curies":[{"name":"wp","href":"https:\/\/api.w.org\/{rel}","templated":true}]}}