{"id":37893,"date":"2025-06-09T10:20:56","date_gmt":"2025-06-09T10:20:56","guid":{"rendered":"https:\/\/new.igihe.com\/french\/Tshisekedi-face-a-l-epreuve-du-reel-37893\/"},"modified":"2025-06-09T10:18:40","modified_gmt":"2025-06-09T10:18:40","slug":"Tshisekedi-face-a-l-epreuve-du-reel","status":"publish","type":"post","link":"https:\/\/new.igihe.com\/french\/Tshisekedi-face-a-l-epreuve-du-reel\/","title":{"rendered":"Tshisekedi face \u00e0 l\u2019\u00e9preuve du r\u00e9el"},"content":{"rendered":"<p>Il est un principe \u00e9l\u00e9mentaire dans tout processus de r\u00e9solution des conflits : la sinc\u00e9rit\u00e9 des parties. Or, que peut-on esp\u00e9rer d\u2019un protagoniste qui, de mani\u00e8re ostensible, multiplie les man\u0153uvres dilatoires, entrave les efforts de m\u00e9diation et affiche, par ses actes, une volont\u00e9 manifeste de torpiller les dynamiques de paix ? <\/p>\n<p>Il devient d\u00e8s lors impossible d\u2019envisager une quelconque avanc\u00e9e tant que persiste une telle posture de duplicit\u00e9. L\u2019hypocrisie diplomatique dont fait preuve Kinshasa, notamment au sein de la Communaut\u00e9 \u00c9conomique des \u00c9tats de l\u2019Afrique Centrale (CEEAC), en s\u2019acharnant \u00e0 remettre en cause les droits souverains et reconnus du Rwanda, franchit le seuil de l\u2019acceptable et s\u2019apparente \u00e0 une d\u00e9rive institutionnelle gravissime.<\/p>\n<p>L\u2019annonce, le 8 juin, par les autorit\u00e9s rwandaises de leur retrait de la Communaut\u00e9 \u00c9conomique des \u00c9tats de l\u2019Afrique Centrale (CEEAC) s\u2019inscrit dans un climat de crispation diplomatique croissante entre Kigali et Kinshasa. Cette d\u00e9cision, \u00e0 la fois symbolique et lourde de cons\u00e9quences, intervient \u00e0 un moment o\u00f9 les initiatives r\u00e9gionales et internationales visant \u00e0 d\u00e9samorcer la crise s\u00e9curitaire qui ravage l\u2019Est de la R\u00e9publique d\u00e9mocratique du Congo s\u2019enlisent dans l\u2019impasse. <\/p>\n<p>Dans le cadre du processus diplomatique amorc\u00e9 \u00e0 Washington, un projet d\u2019accord r\u00e9vis\u00e9, con\u00e7u pour int\u00e9grer les revendications respectives de Kinshasa et de Kigali, demeure \u00e0 l\u2019\u00e9tude, sans pour autant susciter de dynamique vertueuse. <\/p>\n<p>Parall\u00e8lement, \u00e0 Doha, o\u00f9 se tiennent depuis plus d\u2019un mois les pourparlers entre le gouvernement congolais et les repr\u00e9sentants de l\u2019AFC\/M23, sous l\u2019\u00e9gide d\u2019une m\u00e9diation qatarie, l\u2019absence de progr\u00e8s tangibles t\u00e9moigne d\u2019un blocage profond. Apr\u00e8s trente-deux jours d\u2019\u00e9changes infructueux, la d\u00e9l\u00e9gation du mouvement rebelle a quitt\u00e9 les n\u00e9gociations pour regagner Goma, d\u00e9non\u00e7ant l\u2019intransigeance syst\u00e9matique de la partie gouvernementale et sa mauvaise foi manifeste. <\/p>\n<p>L\u2019attitude inflexible et fonci\u00e8rement obstructionniste adopt\u00e9e par Kinshasa ne cesse de compromettre les fragiles perspectives d\u2019un r\u00e8glement n\u00e9goci\u00e9 du conflit qui ensanglante l\u2019Est de la R\u00e9publique. Loin de cr\u00e9er les conditions d\u2019une sortie de crise concert\u00e9e, cette posture rigide ne fait qu\u2019exacerber les antagonismes et accro\u00eetre les p\u00e9rils d\u2019un embrasement durable. <\/p>\n<p>L\u2019embrigadement opportuniste de figures politiques nagu\u00e8re adversaires, tel Martin Fayulu, d\u00e9sormais enr\u00f4l\u00e9 sous la banni\u00e8re d\u00e9magogique et clivante d\u2019un pr\u00e9tendu \u00ab camp de la patrie \u00bb, ne fait que renforcer la logique pernicieuse du \u00ab nous contre eux \u00bb un manich\u00e9isme qui ruine tout espoir de coh\u00e9sion nationale. Ni les m\u00e9diations bienveillantes de la Conf\u00e9rence \u00c9piscopale Nationale du Congo (CENCO), ni les appels au d\u00e9passement de soi lanc\u00e9s par diverses forces vives de la nation ne sauraient porter leurs fruits tant que le chef de l\u2019\u00c9tat persiste \u00e0 s\u2019arc-bouter dans le d\u00e9ni, l\u2019ambigu\u00eft\u00e9 strat\u00e9gique et une mauvaise foi \u00e9rig\u00e9e en m\u00e9thode de gouvernement. <\/p>\n<p>Cette d\u00e9rive autoritaire, sourde aux signaux du r\u00e9el, enferme le pouvoir congolais dans une impasse morale et diplomatique dont les cons\u00e9quences risquent d\u2019\u00eatre irr\u00e9versibles pour la stabilit\u00e9 de la r\u00e9gion.<\/p>\n<p>La d\u00e9cision du Rwanda de se retirer de cette organisation, en r\u00e9action \u00e0 des agissements qui rel\u00e8vent davantage de l\u2019animosit\u00e9 que du droit, jette une lumi\u00e8re crue sur les petitesses et les mesquineries qui gangr\u00e8nent certains cercles d\u00e9cisionnels de la sous-r\u00e9gion. <\/p>\n<p>Ce retrait n\u2019est pas un acte de faiblesse, mais une mise en \u00e9vidence cinglante de la perte de cr\u00e9dibilit\u00e9 d\u2019une institution qui, en tol\u00e9rant de telles d\u00e9rives, se prive de son autorit\u00e9 morale.<\/p>\n<p>Mais au final, le principal perdant dans cette entreprise d\u2019aveuglement et d\u2019hostilit\u00e9 st\u00e9rile n\u2019est autre que F\u00e9lix Tshisekedi lui-m\u00eame, ainsi que le r\u00e9gime qu\u2019il incarne. En refusant de lire les signes du temps, en s\u2019ent\u00eatant \u00e0 nier les r\u00e9alit\u00e9s g\u00e9opolitiques et en se repliant sur une logique de victimisation et de d\u00e9signation unilat\u00e9rale de bouc \u00e9missaire destin\u00e9 a masquer ses propres \u00e9checs, le pouvoir congolais se condamne \u00e0 l\u2019isolement, \u00e0 la perte d\u2019influence et, \u00e0 terme, \u00e0 l\u2019\u00e9chec. Il ne suffit pas de clamer la souverainet\u00e9 pour qu\u2019elle s\u2019impose : encore faut-il en \u00eatre digne, par l\u2019int\u00e9grit\u00e9 de l\u2019action et l\u2019ouverture\u00a0au\u00a0dialogue.<\/p>\n<figure class=\"spip-document spip-document-62096 aligncenter\"><img decoding=\"async\" src=\"https:\/\/fr.igihe.com\/IMG\/png\/screenshot_37_.png\" alt=\"Le pr\u00e9sident congolais fait montre d\u2019une inqui\u00e9tante mauvaise foi doubl\u00e9e d\u2019un manque flagrant de volont\u00e9 politique\" \/><\/figure>\n","protected":false},"excerpt":{"rendered":"<p>Alors que la coalition h\u00e9t\u00e9roclite qui soutenait F\u00e9lix Tshisekedi s\u2019est effondr\u00e9e sous le poids de ses propres contradictions et que son gouvernement s\u2019enlise dans des n\u00e9gociations d\u00e9licates, \u00e0 la fois \u00e0 Doha et \u00e0 Washington, cens\u00e9es ouvrir la voie \u00e0 une sortie de crise p\u00e9renne, le pr\u00e9sident congolais fait montre d\u2019une inqui\u00e9tante mauvaise foi doubl\u00e9e d\u2019un manque flagrant de volont\u00e9 politique. Loin d\u2019incarner le leadership \u00e9clair\u00e9 qu\u2019exigerait la conjoncture, il s\u2019\u00e9rige d\u00e9sormais en facteur aggravant de la crise, en verrou central d\u2019un conflit dont il refuse d\u2019admettre les ressorts profonds.<\/p>\n","protected":false},"author":488,"featured_media":4000062095,"comment_status":"open","ping_status":"open","sticky":false,"template":"","format":"standard","meta":{"footnotes":""},"categories":[7544],"tags":[7605],"byline":[9102],"hashtag":[],"class_list":["post-37893","post","type-post","status-publish","format-standard","has-post-thumbnail","hentry","category-politique","tag-homenews","byline-tite-gatabazi"],"bylines":[{"id":9102,"name":"Tite Gatabazi","slug":"tite-gatabazi","description":"","image":{"id":0,"url":"https:\/\/secure.gravatar.com\/avatar\/?s=96&d=mm&f=y&r=g","alt":"Default avatar","title":"Default avatar","caption":"","mime_type":"image\/jpeg","sizes":[]},"user_id":472}],"contributors":[{"id":9102,"name":"Tite Gatabazi","slug":"tite-gatabazi","description":"","image":{"id":0,"url":"https:\/\/secure.gravatar.com\/avatar\/?s=96&d=mm&f=y&r=g","alt":"Default avatar","title":"Default avatar","caption":"","mime_type":"image\/jpeg","sizes":[]},"user_id":472}],"featured_image":{"id":4000062095,"url":"https:\/\/fr-images.igihe.com\/IMG\/logo\/fatchi_cp-2.jpg","alt":"","caption":"","mime_type":"image\/jpeg","width":0,"height":0,"sizes":{"thumbnail":{"url":"https:\/\/fr-images.igihe.com\/IMG\/logo\/fatchi_cp-2.jpg","width":1,"height":1},"medium":{"url":"https:\/\/fr-images.igihe.com\/IMG\/logo\/fatchi_cp-2.jpg","width":1,"height":1},"medium_large":{"url":"https:\/\/fr-images.igihe.com\/IMG\/logo\/fatchi_cp-2.jpg","width":1,"height":1},"large":{"url":"https:\/\/fr-images.igihe.com\/IMG\/logo\/fatchi_cp-2.jpg","width":1,"height":1},"full":{"url":"https:\/\/fr-images.igihe.com\/IMG\/logo\/fatchi_cp-2.jpg","width":0,"height":0}}},"_links":{"self":[{"href":"https:\/\/new.igihe.com\/french\/wp-json\/wp\/v2\/posts\/37893","targetHints":{"allow":["GET"]}}],"collection":[{"href":"https:\/\/new.igihe.com\/french\/wp-json\/wp\/v2\/posts"}],"about":[{"href":"https:\/\/new.igihe.com\/french\/wp-json\/wp\/v2\/types\/post"}],"author":[{"embeddable":true,"href":"https:\/\/new.igihe.com\/french\/wp-json\/wp\/v2\/users\/488"}],"replies":[{"embeddable":true,"href":"https:\/\/new.igihe.com\/french\/wp-json\/wp\/v2\/comments?post=37893"}],"version-history":[{"count":0,"href":"https:\/\/new.igihe.com\/french\/wp-json\/wp\/v2\/posts\/37893\/revisions"}],"wp:featuredmedia":[{"embeddable":true,"href":"https:\/\/new.igihe.com\/french\/wp-json\/wp\/v2\/media\/4000062095"}],"wp:attachment":[{"href":"https:\/\/new.igihe.com\/french\/wp-json\/wp\/v2\/media?parent=37893"}],"wp:term":[{"taxonomy":"category","embeddable":true,"href":"https:\/\/new.igihe.com\/french\/wp-json\/wp\/v2\/categories?post=37893"},{"taxonomy":"post_tag","embeddable":true,"href":"https:\/\/new.igihe.com\/french\/wp-json\/wp\/v2\/tags?post=37893"},{"taxonomy":"byline","embeddable":true,"href":"https:\/\/new.igihe.com\/french\/wp-json\/wp\/v2\/byline?post=37893"},{"taxonomy":"hashtag","embeddable":true,"href":"https:\/\/new.igihe.com\/french\/wp-json\/wp\/v2\/hashtag?post=37893"}],"curies":[{"name":"wp","href":"https:\/\/api.w.org\/{rel}","templated":true}]}}