{"id":37892,"date":"2025-06-09T10:15:41","date_gmt":"2025-06-09T10:15:41","guid":{"rendered":"https:\/\/new.igihe.com\/french\/Le-ministre-Nduhungirehe-denonce-la-manipulation-politique-de-la-RDC-au-sein-de-37892\/"},"modified":"2025-06-12T09:13:13","modified_gmt":"2025-06-12T09:13:13","slug":"Le-ministre-Nduhungirehe-denonce-la-manipulation-politique-de-la-RDC-au-sein-de","status":"publish","type":"post","link":"https:\/\/new.igihe.com\/french\/Le-ministre-Nduhungirehe-denonce-la-manipulation-politique-de-la-RDC-au-sein-de\/","title":{"rendered":"Le ministre Nduhungirehe d\u00e9nonce la manipulation politique de la RDC au sein de la CEEAC"},"content":{"rendered":"<p>Dans une publication partag\u00e9e sur X ce 8 juin 2025, le ministre Nduhungirehe a qualifi\u00e9 d\u2019\u00ab incroyables et inacceptables \u00bb les efforts d\u00e9ploy\u00e9s par la RDC pour obtenir des sanctions et formuler des accusations contre le Rwanda au sein de diverses organisations r\u00e9gionales et internationales, alors que les deux pays sont engag\u00e9s dans des n\u00e9gociations de paix facilit\u00e9es par les \u00c9tats-Unis.<\/p>\n<p>\u00ab Il est incroyable et inacceptable de voir que, alors que le Rwanda et la RDC participent depuis un mois \u00e0 des discussions prometteuses organis\u00e9es par les \u00c9tats-Unis, en vue d\u2019un accord de paix historique, la RDC continue malgr\u00e9 tout de se plaindre dans toutes les organisations r\u00e9gionales et internationales, en accusant le Rwanda de ses propres fautes \u00bb, a-t-il \u00e9crit.<\/p>\n<p>Ces d\u00e9clarations interviennent peu apr\u00e8s l\u2019annonce du retrait du Rwanda de la CEEAC, Kigali d\u00e9non\u00e7ant une volont\u00e9 d\u2019exclusion et des blocages d\u00e9lib\u00e9r\u00e9s orchestr\u00e9s par la RDC, notamment lors du 26\u1d49 Sommet ordinaire tenu le 7 juin dernier \u00e0 Malabo, en Guin\u00e9e \u00e9quatoriale.<\/p>\n<p>Selon Olivier Nduhungirehe, malgr\u00e9 les progr\u00e8s r\u00e9cents sur le plan diplomatique \u2014 notamment la rencontre du 18 mars entre le Pr\u00e9sident Paul Kagame et le Pr\u00e9sident F\u00e9lix Tshisekedi \u00e0 Doha, ainsi que la signature d\u2019une D\u00e9claration de principes \u00e0 Washington le 25 avril \u2014 la RDC continue de compromettre le processus en cours en menant des actions parall\u00e8les contre le Rwanda.<\/p>\n<p>\u00ab Le Rwanda participe de bonne foi et avec responsabilit\u00e9 \u00e0 tous les processus de paix en cours (UA\/EAC-SADC, Washington et Doha) \u00bb, a-t-il d\u00e9clar\u00e9, avertissant que Kigali \u00ab n\u2019acceptera jamais que la RDC, par imprudence et d\u00e9sespoir, manipule des organisations r\u00e9gionales comme la CEEAC. \u00bb<\/p>\n<p>Il a aussi affirm\u00e9 que la CEEAC n\u2019a pas la l\u00e9gitimit\u00e9 pour jouer un r\u00f4le de m\u00e9diateur dans la crise \u00e0 l\u2019est de la RDC, ce r\u00f4le ayant d\u00e9j\u00e0 \u00e9t\u00e9 confi\u00e9 \u00e0 la Communaut\u00e9 d\u2019Afrique de l\u2019Est (EAC) et \u00e0 la Communaut\u00e9 de d\u00e9veloppement de l\u2019Afrique australe (SADC), sous la direction du m\u00e9diateur d\u00e9sign\u00e9 par l\u2019Union africaine, le Pr\u00e9sident Faure Gnassingb\u00e9 du Togo.<\/p>\n<p>Le diff\u00e9rend autour de la CEEAC porte sur ce que le Rwanda consid\u00e8re comme une violation de ses droits, en vertu du trait\u00e9 fondateur de l\u2019organisation.<\/p>\n<p>Dans un communiqu\u00e9, le minist\u00e8re des Affaires \u00e9trang\u00e8res de Kigali a d\u00e9nonc\u00e9 le fait que la CEEAC ne lui ait pas confi\u00e9 la pr\u00e9sidence tournante, comme le pr\u00e9voit l\u2019article 6 du trait\u00e9.<\/p>\n<p>\u00c0 la place, ce poste est rest\u00e9 \u00e0 la RDC, avec le soutien de certains pays membres, le Rwanda voyant cela comme une d\u00e9cision politique qui ne respecte pas les r\u00e8gles.<\/p>\n<p>Ce nouvel incident aggrave les relations d\u00e9j\u00e0 tendues entre le Rwanda et la RDC. Kinshasa accuse Kigali de soutenir le groupe rebelle M23 dans l\u2019est du Congo. Le Rwanda rejette ces accusations et reproche \u00e0 son tour la RDC de collaborer avec les FDLR, un groupe arm\u00e9 directement impliqu\u00e9 dans le g\u00e9nocide contre les Tutsi en 1994 au Rwanda.<\/p>\n<p>Avec la sortie officielle du Rwanda de la CEEAC, l\u2019attention se porte d\u00e9sormais sur les efforts diplomatiques en cours \u00e0 Washington, \u00e0 Doha, ainsi que sous la m\u00e9diation mandat\u00e9e par l\u2019Union africaine.<\/p>\n<figure class=\"spip-document spip-document-62094 aligncenter\"><img decoding=\"async\" src=\"https:\/\/fr.igihe.com\/IMG\/png\/screenshot_36_.png\" alt=\"Olivier Nduhungirehe accuse la RDC de manipuler les organisations r\u00e9gionales, apr\u00e8s le retrait du Rwanda de la CEEAC\" \/><\/figure>\n","protected":false},"excerpt":{"rendered":"<p>Le ministre des Affaires \u00e9trang\u00e8res, Olivier Nduhungirehe, a vivement critiqu\u00e9 le gouvernement de la R\u00e9publique d\u00e9mocratique du Congo (RDC), l\u2019accusant de manipuler les organisations r\u00e9gionales \u00e0 des fins politiques, \u00e0 la suite de la d\u00e9cision du Rwanda de se retirer de la Communaut\u00e9 \u00e9conomique des \u00c9tats de l\u2019Afrique centrale (CEEAC).<\/p>\n","protected":false},"author":488,"featured_media":4000062093,"comment_status":"open","ping_status":"open","sticky":false,"template":"","format":"standard","meta":{"footnotes":""},"categories":[7544],"tags":[7605],"byline":[7717],"hashtag":[],"class_list":["post-37892","post","type-post","status-publish","format-standard","has-post-thumbnail","hentry","category-politique","tag-homenews","byline-igihe"],"bylines":[{"id":7717,"name":"IGIHE","slug":"igihe","description":"","image":{"id":0,"url":"https:\/\/secure.gravatar.com\/avatar\/?s=96&d=mm&f=y&r=g","alt":"Default avatar","title":"Default avatar","caption":"","mime_type":"image\/jpeg","sizes":[]},"user_id":393}],"contributors":[{"id":7717,"name":"IGIHE","slug":"igihe","description":"","image":{"id":0,"url":"https:\/\/secure.gravatar.com\/avatar\/?s=96&d=mm&f=y&r=g","alt":"Default avatar","title":"Default avatar","caption":"","mime_type":"image\/jpeg","sizes":[]},"user_id":393}],"featured_image":{"id":4000062093,"url":"https:\/\/fr-images.igihe.com\/IMG\/logo\/ond.jpg","alt":"","caption":"","mime_type":"image\/jpeg","width":0,"height":0,"sizes":{"thumbnail":{"url":"https:\/\/fr-images.igihe.com\/IMG\/logo\/ond.jpg","width":1,"height":1},"medium":{"url":"https:\/\/fr-images.igihe.com\/IMG\/logo\/ond.jpg","width":1,"height":1},"medium_large":{"url":"https:\/\/fr-images.igihe.com\/IMG\/logo\/ond.jpg","width":1,"height":1},"large":{"url":"https:\/\/fr-images.igihe.com\/IMG\/logo\/ond.jpg","width":1,"height":1},"full":{"url":"https:\/\/fr-images.igihe.com\/IMG\/logo\/ond.jpg","width":0,"height":0}}},"_links":{"self":[{"href":"https:\/\/new.igihe.com\/french\/wp-json\/wp\/v2\/posts\/37892","targetHints":{"allow":["GET"]}}],"collection":[{"href":"https:\/\/new.igihe.com\/french\/wp-json\/wp\/v2\/posts"}],"about":[{"href":"https:\/\/new.igihe.com\/french\/wp-json\/wp\/v2\/types\/post"}],"author":[{"embeddable":true,"href":"https:\/\/new.igihe.com\/french\/wp-json\/wp\/v2\/users\/488"}],"replies":[{"embeddable":true,"href":"https:\/\/new.igihe.com\/french\/wp-json\/wp\/v2\/comments?post=37892"}],"version-history":[{"count":0,"href":"https:\/\/new.igihe.com\/french\/wp-json\/wp\/v2\/posts\/37892\/revisions"}],"wp:featuredmedia":[{"embeddable":true,"href":"https:\/\/new.igihe.com\/french\/wp-json\/wp\/v2\/media\/4000062093"}],"wp:attachment":[{"href":"https:\/\/new.igihe.com\/french\/wp-json\/wp\/v2\/media?parent=37892"}],"wp:term":[{"taxonomy":"category","embeddable":true,"href":"https:\/\/new.igihe.com\/french\/wp-json\/wp\/v2\/categories?post=37892"},{"taxonomy":"post_tag","embeddable":true,"href":"https:\/\/new.igihe.com\/french\/wp-json\/wp\/v2\/tags?post=37892"},{"taxonomy":"byline","embeddable":true,"href":"https:\/\/new.igihe.com\/french\/wp-json\/wp\/v2\/byline?post=37892"},{"taxonomy":"hashtag","embeddable":true,"href":"https:\/\/new.igihe.com\/french\/wp-json\/wp\/v2\/hashtag?post=37892"}],"curies":[{"name":"wp","href":"https:\/\/api.w.org\/{rel}","templated":true}]}}