{"id":37890,"date":"2025-06-08T13:14:47","date_gmt":"2025-06-08T13:14:47","guid":{"rendered":"https:\/\/new.igihe.com\/french\/Une-interpellation-frontale-d-Alain-Destexhe-a-Dr-Denis-Mukwege-37890\/"},"modified":"2025-06-08T12:53:13","modified_gmt":"2025-06-08T12:53:13","slug":"Une-interpellation-frontale-d-Alain-Destexhe-a-Dr-Denis-Mukwege","status":"publish","type":"post","link":"https:\/\/new.igihe.com\/french\/Une-interpellation-frontale-d-Alain-Destexhe-a-Dr-Denis-Mukwege\/","title":{"rendered":"Une interpellation frontale d\u2019Alain Destexhe \u00e0 Dr Denis Mukwege"},"content":{"rendered":"<p>Son propos, incisif et m\u00e9thodique, prend pour cible le Dr Denis Mukwege, prix Nobel de la paix, qu\u2019il accuse sans ambages d\u2019\u00eatre devenu le faire-valoir complaisant d\u2019int\u00e9r\u00eats opaques et d\u2019\u00ab officines id\u00e9ologiques \u00bb op\u00e9rant dans la r\u00e9gion du Kivu.<\/p>\n<p>Dans un texte d\u2019une rare fermet\u00e9, sur son compte X, Alain Destexhe d\u00e9monte point par point la r\u00e9cente tribune orchestr\u00e9e par Dr Mukwege et sign\u00e9e par un r\u00e9seau de Prix Nobel, dont le contenu, selon lui, regorge d\u2019erreurs factuelles, d\u2019approximations malveillantes et d\u2019analogies grotesques.<br \/>\nLa plus frappante \u00e9tant cette mise en parall\u00e8le, jug\u00e9e intellectuellement malhonn\u00eate, entre l\u2019agression russe en Ukraine et le r\u00f4le du Rwanda dans l\u2019Est de la RDC. Une lecture manich\u00e9enne, sch\u00e9matique et absurde, selon Destexhe, tant le rapport de force militaire, d\u00e9mographique et g\u00e9ographique entre les deux pays d\u00e9ment toute tentative de comparaison.<\/p>\n<p>L\u2019ancien s\u00e9nateur ne se contente pas de l\u2019argument d\u2019autorit\u00e9 : il convoque le t\u00e9moignage empirique, fruit de sa pr\u00e9sence sur le terrain au c\u0153ur m\u00eame du Masisi, r\u00e9gion longtemps en proie aux exactions et aux conflits. Il y a arpent\u00e9, \u00e0 pied, 27 kilom\u00e8tres de sentiers escarp\u00e9s, interrogeant longuement les populations civiles. Et de ces \u00e9changes spontan\u00e9s, il rapporte un constat unanime : depuis que le M23 a pris le contr\u00f4le de la zone, le calme est revenu, les incursions des milices g\u00e9nocidaires FDLR et des groupes Wazalendo ont cess\u00e9, et l\u2019arbitraire des FARDC a \u00e9t\u00e9 \u00e9cart\u00e9. <\/p>\n<p>Autrement dit, la pacification bien que fragile est tangible, visible, concr\u00e8te, et m\u00e9rite d\u2019\u00eatre salu\u00e9e, non occult\u00e9e par une rh\u00e9torique culpabilisante et id\u00e9ologis\u00e9e.<\/p>\n<p>Destexhe va plus loin : il accuse ouvertement le pouvoir de Kinshasa d\u2019armer et d\u2019instrumentaliser les milices terroristes, dans une logique cynique de d\u00e9stabilisation r\u00e9gionale, tout en se drapant dans la posture de victime. Mukwege, en choisissant d\u2019appuyer ce r\u00e9gime dans sa fuite en avant militariste, trahirait ainsi, selon Destexhe, les principes m\u00eames qu\u2019il pr\u00e9tend incarner : ceux de paix, de justice et de responsabilit\u00e9 morale. D\u00e8s lors, la tribune cosign\u00e9e par les Nobel n\u2019est plus un plaidoyer, mais un acte de d\u00e9sinformation collective, empreint d\u2019un moralisme inop\u00e9rant et d\u2019un aveuglement strat\u00e9gique.<\/p>\n<p>Alain Destexhe lance un d\u00e9fi solennel : que Mukwege et ses homologues de la sc\u00e8ne morale mondiale quittent leurs salons parisiens et leurs c\u00e9nacles m\u00e9diatiques, et viennent eux-m\u00eames fouler la terre du Kivu, constater la r\u00e9alit\u00e9, entendre les voix de ceux qui vivent et survivent, loin des formules abstraites et des proc\u00e8s d\u2019intention. C\u2019est une invitation au courage du r\u00e9el, une mise \u00e0 nu de la fracture entre discours id\u00e9ologique et v\u00e9cu des\u00a0populations.<\/p>\n<figure class=\"spip-document spip-document-62089 aligncenter\"><img decoding=\"async\" src=\"https:\/\/fr.igihe.com\/IMG\/png\/screenshot_33_.png\" alt=\"Face aux discours d\u00e9connect\u00e9s sur la crise des Grands Lacs, Alain Destexhe a d\u00e9nonc\u00e9, avec sa verve incisive, l\u2019imposture rh\u00e9torique de certaines voix internationales\" \/><\/figure>\n","protected":false},"excerpt":{"rendered":"<p>Dans le concert dissonant des prises de position internationales sur la crise des Grands Lacs, certaines voix s\u2019\u00e9rigent avec une hauteur de ton revendiqu\u00e9e, mais souvent en porte-\u00e0-faux avec la r\u00e9alit\u00e9 tangible du terrain. C\u2019est \u00e0 cette imposture rh\u00e9torique que s\u2019est attaqu\u00e9 l\u2019ancien s\u00e9nateur belge Alain Destexhe, figure \u00e0 la fois famili\u00e8re et incisive des arcanes g\u00e9opolitiques africains. <\/p>\n","protected":false},"author":488,"featured_media":4000062088,"comment_status":"open","ping_status":"open","sticky":false,"template":"","format":"standard","meta":{"footnotes":""},"categories":[7544],"tags":[7605],"byline":[9102],"hashtag":[],"class_list":["post-37890","post","type-post","status-publish","format-standard","has-post-thumbnail","hentry","category-politique","tag-homenews","byline-tite-gatabazi"],"bylines":[{"id":9102,"name":"Tite Gatabazi","slug":"tite-gatabazi","description":"","image":{"id":0,"url":"https:\/\/secure.gravatar.com\/avatar\/?s=96&d=mm&f=y&r=g","alt":"Default avatar","title":"Default avatar","caption":"","mime_type":"image\/jpeg","sizes":[]},"user_id":472}],"contributors":[{"id":9102,"name":"Tite Gatabazi","slug":"tite-gatabazi","description":"","image":{"id":0,"url":"https:\/\/secure.gravatar.com\/avatar\/?s=96&d=mm&f=y&r=g","alt":"Default avatar","title":"Default avatar","caption":"","mime_type":"image\/jpeg","sizes":[]},"user_id":472}],"featured_image":{"id":4000062088,"url":"https:\/\/fr-images.igihe.com\/IMG\/logo\/ad_cp-4.jpg","alt":"","caption":"","mime_type":"image\/jpeg","width":0,"height":0,"sizes":{"thumbnail":{"url":"https:\/\/fr-images.igihe.com\/IMG\/logo\/ad_cp-4.jpg","width":1,"height":1},"medium":{"url":"https:\/\/fr-images.igihe.com\/IMG\/logo\/ad_cp-4.jpg","width":1,"height":1},"medium_large":{"url":"https:\/\/fr-images.igihe.com\/IMG\/logo\/ad_cp-4.jpg","width":1,"height":1},"large":{"url":"https:\/\/fr-images.igihe.com\/IMG\/logo\/ad_cp-4.jpg","width":1,"height":1},"full":{"url":"https:\/\/fr-images.igihe.com\/IMG\/logo\/ad_cp-4.jpg","width":0,"height":0}}},"_links":{"self":[{"href":"https:\/\/new.igihe.com\/french\/wp-json\/wp\/v2\/posts\/37890","targetHints":{"allow":["GET"]}}],"collection":[{"href":"https:\/\/new.igihe.com\/french\/wp-json\/wp\/v2\/posts"}],"about":[{"href":"https:\/\/new.igihe.com\/french\/wp-json\/wp\/v2\/types\/post"}],"author":[{"embeddable":true,"href":"https:\/\/new.igihe.com\/french\/wp-json\/wp\/v2\/users\/488"}],"replies":[{"embeddable":true,"href":"https:\/\/new.igihe.com\/french\/wp-json\/wp\/v2\/comments?post=37890"}],"version-history":[{"count":0,"href":"https:\/\/new.igihe.com\/french\/wp-json\/wp\/v2\/posts\/37890\/revisions"}],"wp:featuredmedia":[{"embeddable":true,"href":"https:\/\/new.igihe.com\/french\/wp-json\/wp\/v2\/media\/4000062088"}],"wp:attachment":[{"href":"https:\/\/new.igihe.com\/french\/wp-json\/wp\/v2\/media?parent=37890"}],"wp:term":[{"taxonomy":"category","embeddable":true,"href":"https:\/\/new.igihe.com\/french\/wp-json\/wp\/v2\/categories?post=37890"},{"taxonomy":"post_tag","embeddable":true,"href":"https:\/\/new.igihe.com\/french\/wp-json\/wp\/v2\/tags?post=37890"},{"taxonomy":"byline","embeddable":true,"href":"https:\/\/new.igihe.com\/french\/wp-json\/wp\/v2\/byline?post=37890"},{"taxonomy":"hashtag","embeddable":true,"href":"https:\/\/new.igihe.com\/french\/wp-json\/wp\/v2\/hashtag?post=37890"}],"curies":[{"name":"wp","href":"https:\/\/api.w.org\/{rel}","templated":true}]}}