{"id":37882,"date":"2025-06-07T08:29:37","date_gmt":"2025-06-07T08:29:37","guid":{"rendered":"https:\/\/new.igihe.com\/french\/Tshisekedi-Fayulu-ou-la-comedie-elevee-au-rang-de-cynisme-d-Etat-37882\/"},"modified":"2025-06-10T23:24:56","modified_gmt":"2025-06-10T23:24:56","slug":"Tshisekedi-Fayulu-ou-la-comedie-elevee-au-rang-de-cynisme-d-Etat","status":"publish","type":"post","link":"https:\/\/new.igihe.com\/french\/Tshisekedi-Fayulu-ou-la-comedie-elevee-au-rang-de-cynisme-d-Etat\/","title":{"rendered":"Tshisekedi-Fayulu ou la com\u00e9die \u00e9lev\u00e9e au rang de cynisme d\u2019\u00c9tat"},"content":{"rendered":"<p>Officiellement, il s\u2019est agi d\u2019un \u00e9change &#8220;convivial&#8221;, destin\u00e9 \u00e0 &#8220;renforcer la coh\u00e9sion nationale&#8221;, selon les mots convenus de Tina Salama, porte-voix attitr\u00e9e du pouvoir. Mais derri\u00e8re les sourires de circonstance et les formules aseptis\u00e9es se profile une r\u00e9alit\u00e9 autrement plus sombre : celle d\u2019un \u00c9tat fractur\u00e9, d\u2019un tissu social d\u00e9lit\u00e9, et d\u2019une gouvernance qui \u00e9rige le tribalisme, le client\u00e9lisme et la r\u00e9pression en principe directeur.<\/p>\n<p>Car enfin, de quelle &#8220;coh\u00e9sion&#8221; ose-t-on encore parler lorsque les communaut\u00e9s sont livr\u00e9es aux antagonismes les plus d\u00e9l\u00e9t\u00e8res, lorsqu\u2019un tribalisme institutionnalis\u00e9 dicte les nominations, les faveurs, les privil\u00e8ges ? De quelle unit\u00e9 nationale peut-il \u00eatre question lorsque l\u2019ancien Pr\u00e9sident honoraire et ses partisans, ainsi que les figures embl\u00e9matiques de l\u2019opposition, font l\u2019objet d\u2019une traque m\u00e9thodique, d\u2019un acharnement judiciaire, et parfois m\u00eame, d\u2019une disparition pure et simple, comme dans le cas d\u00e9sormais troublant de l\u2019ancien Premier ministre Matata Ponyo, condamn\u00e9 \u00e0 l\u2019issue d\u2019un proc\u00e8s grotesque, vid\u00e9 de toute substance juridique ?<\/p>\n<p>Quant \u00e0 Mo\u00efse Katumbi, leader charismatique et seul v\u00e9ritable contrepoids d\u00e9mocratique, il a \u00e9t\u00e9 contraint, une fois encore, de reprendre le chemin amer de l\u2019exil \u2013 dans une ambiance politique qui confine \u00e0 l\u2019asphyxie, o\u00f9 la contestation se paie au prix fort, et o\u00f9 la pluralit\u00e9 d\u00e9mocratique est per\u00e7ue comme une menace existentielle \u00e0 l\u2019h\u00e9g\u00e9monie d\u2019un pouvoir d\u00e9sesp\u00e9r\u00e9ment en qu\u00eate de l\u00e9gitimit\u00e9.<\/p>\n<p>C\u2019est dans ce contexte que surgit l\u2019appel de Martin Fayulu, lanc\u00e9 le 2 juin \u00e0 travers les r\u00e9seaux sociaux, pr\u00f4nant un \u00ab dialogue \u00bb et un hypoth\u00e9tique \u00ab sursaut d\u2019honneur \u00bb pour sauver l\u2019unit\u00e9 du pays. Une rh\u00e9torique en apparence noble, mais dont le fond trahit un d\u00e9sarmant manque de lucidit\u00e9. Car si la R\u00e9publique d\u00e9mocratique du Congo traverse bien une crise existentielle que nul esprit \u00e9clair\u00e9 ne saurait nier encore faudrait-il en cerner les causes v\u00e9ritables, en mesurer les ramifications profondes, en nommer les responsables. <\/p>\n<p>Ce que ne fait pas Fayulu, dont le discours oscillant entre populisme incantatoire et patriotisme de parade \u00e9vite soigneusement les analyses structurantes au profit de slogans p\u00e9rim\u00e9s et de mises en garde creuses contre une &#8220;balkanisation&#8221; que son propre d\u00e9faillance  intellectuel ne contribue qu\u2019\u00e0 aggraver.<\/p>\n<p>En v\u00e9rit\u00e9, la pr\u00e9tendue r\u00e9conciliation \u00e0 laquelle nous assistons n\u2019est rien d\u2019autre qu\u2019un pacte de circonstances, une alliance contre-nature forg\u00e9e dans l\u2019opportunisme le plus nu, sur fond de faiblesse pr\u00e9sidentielle et de vacuit\u00e9 strat\u00e9gique. Fayulu, longtemps figure de proue de l\u2019opposition intransigeante, semble d\u00e9sormais se rallier \u00e0 la mangeoire, au moment pr\u00e9cis o\u00f9 Tshisekedi appara\u00eet politiquement affaibli, d\u00e9cr\u00e9dibilis\u00e9 sur la sc\u00e8ne internationale, et en mal de consensus au sein m\u00eame de sa majorit\u00e9 \u00e9parse. <\/p>\n<p>Ce rapprochement tardif, construit sur le sable mouvant des ambitions contrari\u00e9es, ne saurait produire autre chose qu\u2019une illusion de stabilit\u00e9, une fa\u00e7ade fragile destin\u00e9e \u00e0 masquer la dislocation continue des institutions et le d\u00e9sespoir grandissant du peuple.<\/p>\n<p>Fayulu, pourtant bien plac\u00e9 pour conna\u00eetre les reniements successifs du Pr\u00e9sident actuel, de l\u2019enterrement du consensus de Gen\u00e8ve au pacte tacite avec Joseph Kabila, en passant par les obscures man\u0153uvres de Nairobi avec Vital Kamerhe,  feint aujourd\u2019hui d\u2019oublier l\u2019histoire imm\u00e9diate. Il se place aux c\u00f4t\u00e9s de celui qui a trahi la cause de l\u2019unit\u00e9 de l\u2019opposition, qui a substitu\u00e9 aux principes le pragmatisme le plus cynique, et qui gouverne par d\u00e9crets, par exclusions et par alliances \u00e9ph\u00e9m\u00e8res, comme autant de rafistolages pr\u00e9caires sur un navire d\u00e9j\u00e0 \u00e0 la d\u00e9rive.<\/p>\n<p>La v\u00e9rit\u00e9 crue est que cette rencontre, aussi m\u00e9diatis\u00e9e f\u00fbt-elle, ne changera rien \u00e0 l\u2019atmosph\u00e8re d\u00e9l\u00e9t\u00e8re qui r\u00e8gne dans la sph\u00e8re politique congolaise. Elle ne gu\u00e9rira ni les plaies communautaires, ni les blessures morales inflig\u00e9es \u00e0 une soci\u00e9t\u00e9 en qu\u00eate de justice et de v\u00e9rit\u00e9. Elle constitue, au contraire, un \u00e9pisode suppl\u00e9mentaire dans la grande tragi-com\u00e9die d\u2019un pouvoir sans vision, et d\u2019une opposition\u00a0en\u00a0perte\u00a0d\u2019\u00e2me.<\/p>\n<figure class=\"spip-document spip-document-62063 aligncenter\"><img decoding=\"async\" src=\"https:\/\/fr.igihe.com\/IMG\/png\/ftchi.png\" alt=\"Ce jeudi, sous les ors du Palais de la Nation, F\u00e9lix Tshisekedi recevait Martin Fayulu dans une mise en sc\u00e8ne savamment chor\u00e9graphi\u00e9e\" \/><\/figure>\n","protected":false},"excerpt":{"rendered":"<p>Ce jeudi, sous les ors du Palais de la Nation, F\u00e9lix Tshisekedi recevait Martin Fayulu dans une mise en sc\u00e8ne savamment chor\u00e9graphi\u00e9e, dont le vernis diplomatique peine \u00e0 dissimuler l\u2019indigence morale et l\u2019ind\u00e9cence politique.<\/p>\n","protected":false},"author":488,"featured_media":4000062061,"comment_status":"open","ping_status":"open","sticky":false,"template":"","format":"standard","meta":{"footnotes":""},"categories":[7544],"tags":[7605],"byline":[9102],"hashtag":[],"class_list":["post-37882","post","type-post","status-publish","format-standard","has-post-thumbnail","hentry","category-politique","tag-homenews","byline-tite-gatabazi"],"bylines":[{"id":9102,"name":"Tite Gatabazi","slug":"tite-gatabazi","description":"","image":{"id":0,"url":"https:\/\/secure.gravatar.com\/avatar\/?s=96&d=mm&f=y&r=g","alt":"Default avatar","title":"Default avatar","caption":"","mime_type":"image\/jpeg","sizes":[]},"user_id":472}],"contributors":[{"id":9102,"name":"Tite Gatabazi","slug":"tite-gatabazi","description":"","image":{"id":0,"url":"https:\/\/secure.gravatar.com\/avatar\/?s=96&d=mm&f=y&r=g","alt":"Default avatar","title":"Default avatar","caption":"","mime_type":"image\/jpeg","sizes":[]},"user_id":472}],"featured_image":{"id":4000062061,"url":"https:\/\/fr-images.igihe.com\/IMG\/logo\/ftchi.png","alt":"","caption":"","mime_type":"image\/png","width":0,"height":0,"sizes":{"thumbnail":{"url":"https:\/\/fr-images.igihe.com\/IMG\/logo\/ftchi.png","width":1,"height":1},"medium":{"url":"https:\/\/fr-images.igihe.com\/IMG\/logo\/ftchi.png","width":1,"height":1},"medium_large":{"url":"https:\/\/fr-images.igihe.com\/IMG\/logo\/ftchi.png","width":1,"height":1},"large":{"url":"https:\/\/fr-images.igihe.com\/IMG\/logo\/ftchi.png","width":1,"height":1},"full":{"url":"https:\/\/fr-images.igihe.com\/IMG\/logo\/ftchi.png","width":0,"height":0}}},"_links":{"self":[{"href":"https:\/\/new.igihe.com\/french\/wp-json\/wp\/v2\/posts\/37882","targetHints":{"allow":["GET"]}}],"collection":[{"href":"https:\/\/new.igihe.com\/french\/wp-json\/wp\/v2\/posts"}],"about":[{"href":"https:\/\/new.igihe.com\/french\/wp-json\/wp\/v2\/types\/post"}],"author":[{"embeddable":true,"href":"https:\/\/new.igihe.com\/french\/wp-json\/wp\/v2\/users\/488"}],"replies":[{"embeddable":true,"href":"https:\/\/new.igihe.com\/french\/wp-json\/wp\/v2\/comments?post=37882"}],"version-history":[{"count":0,"href":"https:\/\/new.igihe.com\/french\/wp-json\/wp\/v2\/posts\/37882\/revisions"}],"wp:featuredmedia":[{"embeddable":true,"href":"https:\/\/new.igihe.com\/french\/wp-json\/wp\/v2\/media\/4000062061"}],"wp:attachment":[{"href":"https:\/\/new.igihe.com\/french\/wp-json\/wp\/v2\/media?parent=37882"}],"wp:term":[{"taxonomy":"category","embeddable":true,"href":"https:\/\/new.igihe.com\/french\/wp-json\/wp\/v2\/categories?post=37882"},{"taxonomy":"post_tag","embeddable":true,"href":"https:\/\/new.igihe.com\/french\/wp-json\/wp\/v2\/tags?post=37882"},{"taxonomy":"byline","embeddable":true,"href":"https:\/\/new.igihe.com\/french\/wp-json\/wp\/v2\/byline?post=37882"},{"taxonomy":"hashtag","embeddable":true,"href":"https:\/\/new.igihe.com\/french\/wp-json\/wp\/v2\/hashtag?post=37882"}],"curies":[{"name":"wp","href":"https:\/\/api.w.org\/{rel}","templated":true}]}}