{"id":37878,"date":"2025-06-05T18:10:04","date_gmt":"2025-06-05T18:10:04","guid":{"rendered":"https:\/\/new.igihe.com\/french\/Vantaa-inaugure-le-premier-memorial-du-genocide-contre-les-Tutsi-dans-les-pays-37878\/"},"modified":"2025-06-05T18:07:46","modified_gmt":"2025-06-05T18:07:46","slug":"Vantaa-inaugure-le-premier-memorial-du-genocide-contre-les-Tutsi-dans-les-pays","status":"publish","type":"post","link":"https:\/\/new.igihe.com\/french\/Vantaa-inaugure-le-premier-memorial-du-genocide-contre-les-Tutsi-dans-les-pays\/","title":{"rendered":"&#8216;Vantaa&#8217; inaugure le premier m\u00e9morial du g\u00e9nocide contre les Tutsi dans les pays nordiques"},"content":{"rendered":"<p>Situ\u00e9 dans le quartier de Jokiniemi, \u00e0 proximit\u00e9 de l\u2019a\u00e9roport de Vantaa, ce lieu comprend \u00e9galement un espace patrimonial d\u00e9di\u00e9 \u00e0 la m\u00e9moire en g\u00e9n\u00e9ral.<\/p>\n<p>Ce m\u00e9morial est d\u00e9sormais reconnu comme un symbole majeur pour la pr\u00e9servation du souvenir du g\u00e9nocide contre les Tutsi \u00e0 l\u2019\u00e9chelle internationale, notamment dans les pays nordiques, qui regroupent la Su\u00e8de, la Norv\u00e8ge, la Finlande, le Danemark et l\u2019Islande.<\/p>\n<p>Michel Nshimiyimana, pr\u00e9sident d\u2019IBUKA Finlande, a chaleureusement remerci\u00e9 la ville de Vantaa et ses habitants pour leur contribution \u00e0 cette initiative, soulignant qu\u2019il ne s\u2019agit pas seulement d\u2019un monument, mais d\u2019un v\u00e9ritable centre consacr\u00e9 \u00e0 la sauvegarde et \u00e0 la transmission de la m\u00e9moire du g\u00e9nocide contre les Tutsi.<\/p>\n<p>\u00ab Ce m\u00e9morial donne une voix \u00e0 ceux qui ne peuvent plus s\u2019exprimer et rend hommage \u00e0 leur dignit\u00e9 \u00bb, a-t-il ajout\u00e9.<\/p>\n<p>Westlin Henry, repr\u00e9sentant de la ville de Vantaa, a quant \u00e0 lui affirm\u00e9 que le devoir de m\u00e9moire constitue une \u00e9tape essentielle pour \u00e9viter que de telles trag\u00e9dies ne se reproduisent et pour construire un avenir meilleur.<\/p>\n<p>Il a \u00e9galement insist\u00e9 sur la port\u00e9e symbolique de ce m\u00e9morial, per\u00e7u comme un message fort de solidarit\u00e9 envers le peuple rwandais et la communaut\u00e9 internationale, r\u00e9affirmant la condamnation sans \u00e9quivoque du g\u00e9nocide et de toute id\u00e9ologie susceptible d\u2019en raviver les causes. Il a rappel\u00e9 aux participants que le g\u00e9nocide contre les Tutsi doit rester une le\u00e7on universelle en faveur de la lutte contre la haine.<\/p>\n<p>L\u2019ambassadrice du Rwanda aupr\u00e8s des pays nordiques, Dr Diane Gashumba, a exprim\u00e9 sa profonde gratitude aux autorit\u00e9s et aux habitants de Vantaa pour leur volont\u00e9 de comprendre l\u2019histoire du g\u00e9nocide contre les Tutsi de 1994, ainsi que pour leur engagement \u00e0 soutenir le Rwanda et la communaut\u00e9 internationale dans la d\u00e9fense de la v\u00e9rit\u00e9 et la dignit\u00e9 des rescap\u00e9s.<\/p>\n<p>Elle a \u00e9galement d\u00e9nonc\u00e9 ceux qui d\u00e9forment l\u2019histoire du g\u00e9nocide contre les Tutsi, exprim\u00e9 sa solidarit\u00e9 envers les survivants, et vivement remerci\u00e9 le FPR-Inkotanyi pour avoir mis fin au g\u00e9nocide et permis la renaissance du pays.<\/p>\n<p>La construction de ce m\u00e9morial est le fruit d\u2019une collaboration \u00e9troite entre IBUKA Finlande, l\u2019Ambassade du Rwanda dans les pays nordiques et la communaut\u00e9 rwandaise de Vantaa.<\/p>\n<p>La ville de Vantaa s\u2019est \u00e9galement engag\u00e9e \u00e0 assurer la pr\u00e9servation de ce lieu de m\u00e9moire.<\/p>\n<p>Thomas Elfgren Ramba, citoyen finlandais r\u00e9cemment naturalis\u00e9 Rwandais, a \u00e9t\u00e9 grandement salu\u00e9 pour son engagement en faveur de la reconnaissance de l\u2019histoire du g\u00e9nocide contre les Tutsi et pour son action en mati\u00e8re de justice internationale.<\/p>\n<p>Il a particuli\u00e8rement \u00e9t\u00e9 reconnu pour son r\u00f4le d\u00e9terminant dans l\u2019enqu\u00eate sur les crimes de Fran\u00e7ois Bazaramba, r\u00e9fugi\u00e9 en Finlande, qui a \u00e9t\u00e9 condamn\u00e9 en 2010 \u00e0 la r\u00e9clusion \u00e0 perp\u00e9tuit\u00e9 pour sa participation au g\u00e9nocide contre les Tutsi.<\/p>\n<p>Lors de la c\u00e9r\u00e9monie de comm\u00e9moration qui s\u2019est ensuite poursuivie \u00e0 Helsinki, Helene Airaksinen, repr\u00e9sentante du minist\u00e8re finlandais des Affaires \u00e9trang\u00e8res, a adress\u00e9 ses sinc\u00e8res condol\u00e9ances au peuple rwandais et salu\u00e9 sa remarquable r\u00e9silience, sa capacit\u00e9 \u00e0 rester uni malgr\u00e9 la trag\u00e9die qui a d\u00e9vast\u00e9 le pays et profond\u00e9ment marqu\u00e9 tant de familles.<\/p>\n<p>Elle a \u00e9galement r\u00e9affirm\u00e9 l\u2019engagement ind\u00e9fectible de la Finlande \u00e0 continuer de coop\u00e9rer activement pour que justice soit faite concernant les crimes commis durant le g\u00e9nocide contre les Tutsi.<\/p>\n<figure class=\"spip-document spip-document-62037 aligncenter\"><img decoding=\"async\" src=\"https:\/\/fr.igihe.com\/IMG\/jpg\/vt.jpg\" alt=\"La ville de Vantaa, en Finlande, a inaugur\u00e9 le tout premier m\u00e9morial d\u00e9di\u00e9 au g\u00e9nocide perp\u00e9tr\u00e9 contre les Tutsi situ\u00e9 dans les pays nordiques d\u2019Europe\" \/><\/figure>\n<figure class=\"spip-document spip-document-62036 aligncenter\"><img decoding=\"async\" src=\"https:\/\/fr.igihe.com\/IMG\/jpg\/vt_2.jpg\" alt=\"Westlin Henry, responsable de la ville de Vantaa (troisi\u00e8me en partant de la gauche), a affirm\u00e9 que le souvenir constitue une \u00e9tape cruciale pour pr\u00e9venir la r\u00e9p\u00e9tition de tels \u00e9v\u00e9nements\" \/><\/figure>\n<figure class=\"spip-document spip-document-62035 aligncenter\"><img decoding=\"async\" src=\"https:\/\/fr.igihe.com\/IMG\/jpg\/vt_3.jpg\" alt=\"L\u2019ambassadrice du Rwanda aupr\u00e8s des pays nordiques, Dr Diane Gashumba, a vivement remerci\u00e9 les autorit\u00e9s et habitants de Vantaa pour leur engagement \u00e0 comprendre l\u2019histoire du g\u00e9nocide contre les Tutsi\" \/><\/figure>\n<figure class=\"spip-document spip-document-62033 aligncenter\"><img decoding=\"async\" src=\"https:\/\/fr.igihe.com\/IMG\/jpg\/vt_4.jpg\" alt=\"La c\u00e9r\u00e9monie de comm\u00e9moration a r\u00e9uni des Rwandais r\u00e9sidant en Finlande, des amis du Rwanda, ainsi que des repr\u00e9sentants officiels e la ville\" \/><\/figure>\n<figure class=\"spip-document spip-document-62034 aligncenter\"><img decoding=\"async\" src=\"https:\/\/fr.igihe.com\/IMG\/jpg\/vt_5.jpg\" alt=\"\" \/><\/figure>\n","protected":false},"excerpt":{"rendered":"<p>La ville de Vantaa, en Finlande, a officiellement inaugur\u00e9 ce 4 juin 2025, le tout premier m\u00e9morial d\u00e9di\u00e9 au g\u00e9nocide perp\u00e9tr\u00e9 contre les Tutsi en 1994 au Rwanda, situ\u00e9 dans les pays nordiques d\u2019Europe. Cette inauguration s\u2019est tenue \u00e0 la veille de la comm\u00e9moration du 31e anniversaire du g\u00e9nocide contre les Tutsi, en pr\u00e9sence de Rwandais vivant en Finlande ainsi que des amis du Rwanda.<\/p>\n","protected":false},"author":488,"featured_media":4000062032,"comment_status":"open","ping_status":"open","sticky":false,"template":"","format":"standard","meta":{"footnotes":""},"categories":[7529],"tags":[7605],"byline":[7717],"hashtag":[],"class_list":["post-37878","post","type-post","status-publish","format-standard","has-post-thumbnail","hentry","category-actualite-3","tag-homenews","byline-igihe"],"bylines":[{"id":7717,"name":"IGIHE","slug":"igihe","description":"","image":{"id":0,"url":"https:\/\/secure.gravatar.com\/avatar\/?s=96&d=mm&f=y&r=g","alt":"Default avatar","title":"Default avatar","caption":"","mime_type":"image\/jpeg","sizes":[]},"user_id":393}],"contributors":[{"id":7717,"name":"IGIHE","slug":"igihe","description":"","image":{"id":0,"url":"https:\/\/secure.gravatar.com\/avatar\/?s=96&d=mm&f=y&r=g","alt":"Default avatar","title":"Default avatar","caption":"","mime_type":"image\/jpeg","sizes":[]},"user_id":393}],"featured_image":{"id":4000062032,"url":"https:\/\/fr-images.igihe.com\/IMG\/logo\/cp-85.jpg","alt":"","caption":"","mime_type":"image\/jpeg","width":0,"height":0,"sizes":{"thumbnail":{"url":"https:\/\/fr-images.igihe.com\/IMG\/logo\/cp-85.jpg","width":1,"height":1},"medium":{"url":"https:\/\/fr-images.igihe.com\/IMG\/logo\/cp-85.jpg","width":1,"height":1},"medium_large":{"url":"https:\/\/fr-images.igihe.com\/IMG\/logo\/cp-85.jpg","width":1,"height":1},"large":{"url":"https:\/\/fr-images.igihe.com\/IMG\/logo\/cp-85.jpg","width":1,"height":1},"full":{"url":"https:\/\/fr-images.igihe.com\/IMG\/logo\/cp-85.jpg","width":0,"height":0}}},"_links":{"self":[{"href":"https:\/\/new.igihe.com\/french\/wp-json\/wp\/v2\/posts\/37878","targetHints":{"allow":["GET"]}}],"collection":[{"href":"https:\/\/new.igihe.com\/french\/wp-json\/wp\/v2\/posts"}],"about":[{"href":"https:\/\/new.igihe.com\/french\/wp-json\/wp\/v2\/types\/post"}],"author":[{"embeddable":true,"href":"https:\/\/new.igihe.com\/french\/wp-json\/wp\/v2\/users\/488"}],"replies":[{"embeddable":true,"href":"https:\/\/new.igihe.com\/french\/wp-json\/wp\/v2\/comments?post=37878"}],"version-history":[{"count":0,"href":"https:\/\/new.igihe.com\/french\/wp-json\/wp\/v2\/posts\/37878\/revisions"}],"wp:featuredmedia":[{"embeddable":true,"href":"https:\/\/new.igihe.com\/french\/wp-json\/wp\/v2\/media\/4000062032"}],"wp:attachment":[{"href":"https:\/\/new.igihe.com\/french\/wp-json\/wp\/v2\/media?parent=37878"}],"wp:term":[{"taxonomy":"category","embeddable":true,"href":"https:\/\/new.igihe.com\/french\/wp-json\/wp\/v2\/categories?post=37878"},{"taxonomy":"post_tag","embeddable":true,"href":"https:\/\/new.igihe.com\/french\/wp-json\/wp\/v2\/tags?post=37878"},{"taxonomy":"byline","embeddable":true,"href":"https:\/\/new.igihe.com\/french\/wp-json\/wp\/v2\/byline?post=37878"},{"taxonomy":"hashtag","embeddable":true,"href":"https:\/\/new.igihe.com\/french\/wp-json\/wp\/v2\/hashtag?post=37878"}],"curies":[{"name":"wp","href":"https:\/\/api.w.org\/{rel}","templated":true}]}}