{"id":37876,"date":"2025-06-05T14:12:37","date_gmt":"2025-06-05T14:12:37","guid":{"rendered":"https:\/\/new.igihe.com\/french\/Dialogue-saborde-et-paix-differee-ou-la-RDC-au-bord-du-gouffre-37876\/"},"modified":"2025-06-05T14:10:27","modified_gmt":"2025-06-05T14:10:27","slug":"Dialogue-saborde-et-paix-differee-ou-la-RDC-au-bord-du-gouffre","status":"publish","type":"post","link":"https:\/\/new.igihe.com\/french\/Dialogue-saborde-et-paix-differee-ou-la-RDC-au-bord-du-gouffre\/","title":{"rendered":"Dialogue sabord\u00e9 et paix diff\u00e9r\u00e9e ou la RDC au bord du gouffre"},"content":{"rendered":"<p>Il n\u2019aura fallu qu\u2019un mois de faux-semblants pour r\u00e9v\u00e9ler ce que nombre d\u2019observateurs lucides redoutaient : l\u2019incapacit\u00e9, voire le refus, du gouvernement congolais d\u2019assumer un dialogue sinc\u00e8re et exigeant avec un acteur rebelle pourtant enracin\u00e9 dans les r\u00e9alit\u00e9s du Kivu profond.<\/p>\n<p>Kinshasa, par son obstruction m\u00e9thodique, a dress\u00e9 les jalons d\u2019un \u00e9chec qu\u2019il feint aujourd\u2019hui de d\u00e9plorer. En refusant de lib\u00e9rer les tutsi congolais incarc\u00e9r\u00e9s sans jugement dans les prisons de Makala et Ndolo, non pour des faits, mais pour leur simple appartenance ethnique, le pouvoir congolais a pr\u00e9f\u00e9r\u00e9 s\u2019accrocher aux logiques de stigmatisation plut\u00f4t que d\u2019embrasser les exigences d\u2019un processus de r\u00e9conciliation. <\/p>\n<p>Cette d\u00e9tention arbitraire, indigne de tout \u00c9tat se r\u00e9clamant du droit, r\u00e9v\u00e8le une strat\u00e9gie implicite : d\u00e9l\u00e9gitimer le M23 en niant sa base sociale, ethnique et historique.<\/p>\n<p>\u00c0 ce refus s\u2019est ajout\u00e9e une man\u0153uvre dilatoire : celle de d\u00e9p\u00eacher \u00e0 Doha une d\u00e9l\u00e9gation congolaise \u00e0 l&#8217;autorit\u00e9 limit\u00e9e, contrainte \u00e0 chaque \u00e9tape de se r\u00e9f\u00e9rer \u00e0 la pr\u00e9sidence pour la moindre inflexion, vidant les pourparlers de toute efficacit\u00e9 imm\u00e9diate. Ce simulacre de dialogue ne pouvait que s\u2019enliser dans l\u2019inefficience, et Kinshasa, en pi\u00e9tinant sciemment les conditions minimales d\u2019un compromis, a condamn\u00e9 les discussions \u00e0 l\u2019inanit\u00e9.<\/p>\n<p>La r\u00e9tractation de l\u2019AFC\/M23, aussi silencieuse que significative, est l\u2019expression d\u2019une lassitude : celle face aux promesses non tenues. <\/p>\n<p>Car derri\u00e8re ce retrait, c\u2019est tout un r\u00e9seau d\u2019alliances, de peurs historiques et de fractures g\u00e9opolitiques qui s\u2019agite.<\/p>\n<p>Sur le terrain, les armes n\u2019ont jamais vraiment cess\u00e9 de parler. La tr\u00eave convenue, priv\u00e9e de m\u00e9canismes de v\u00e9rification, n\u2019a \u00e9t\u00e9 qu\u2019un v\u0153u pieux, vite trahi par la persistance des affrontements dans les provinces orientales. Ainsi s\u2019accumule une fois de plus le poids des engagements d\u00e9\u00e7us, nourrissant le cycle morbide de la d\u00e9fiance et de la revanche.<\/p>\n<p>Dans cette impasse, l\u2019Est du Congo se consume. Chaque jour de non-dialogue est une aubaine pour les milices, une damnation pour les civils, et un d\u00e9saveu cinglant pour la diplomatie africaine et internationale. <\/p>\n<p>Le th\u00e9\u00e2tre de Doha ferme ses rideaux, mais les coulisses de la guerre, elles, restent \u00e9clair\u00e9es par les lueurs tragiques des incendies et des d\u00e9placements\u00a0de\u00a0population.<\/p>\n<figure class=\"spip-document spip-document-62031 aligncenter\"><img decoding=\"async\" src=\"https:\/\/fr.igihe.com\/IMG\/jpg\/bn-3.jpg\" alt=\"Le retrait de l\u2019AFC\/M23 du processus de dialogue orchestr\u00e9 au Qatar sonne le glas d\u2019un espoir d\u00e9j\u00e0 moribond\" \/><\/figure>\n","protected":false},"excerpt":{"rendered":"<p>Doha s\u2019ach\u00e8ve comme elle avait commenc\u00e9 : dans l\u2019ambigu\u00eft\u00e9, l\u2019atermoiement, et le d\u00e9ni des r\u00e9alit\u00e9s de terrain. Derri\u00e8re le d\u00e9corum diplomatique et les sourires convenus des salons climatis\u00e9s, le retrait de l\u2019AFC\/M23 du processus de dialogue orchestr\u00e9 au Qatar sonne le glas d\u2019un espoir d\u00e9j\u00e0 moribond. <\/p>\n","protected":false},"author":488,"featured_media":4000062030,"comment_status":"open","ping_status":"open","sticky":false,"template":"","format":"standard","meta":{"footnotes":""},"categories":[7544],"tags":[7605],"byline":[9102],"hashtag":[],"class_list":["post-37876","post","type-post","status-publish","format-standard","has-post-thumbnail","hentry","category-politique","tag-homenews","byline-tite-gatabazi"],"bylines":[{"id":9102,"name":"Tite Gatabazi","slug":"tite-gatabazi","description":"","image":{"id":0,"url":"https:\/\/secure.gravatar.com\/avatar\/?s=96&d=mm&f=y&r=g","alt":"Default avatar","title":"Default avatar","caption":"","mime_type":"image\/jpeg","sizes":[]},"user_id":472}],"contributors":[{"id":9102,"name":"Tite Gatabazi","slug":"tite-gatabazi","description":"","image":{"id":0,"url":"https:\/\/secure.gravatar.com\/avatar\/?s=96&d=mm&f=y&r=g","alt":"Default avatar","title":"Default avatar","caption":"","mime_type":"image\/jpeg","sizes":[]},"user_id":472}],"featured_image":{"id":4000062030,"url":"https:\/\/fr-images.igihe.com\/IMG\/logo\/bn_cp-3.jpg","alt":"","caption":"","mime_type":"image\/jpeg","width":0,"height":0,"sizes":{"thumbnail":{"url":"https:\/\/fr-images.igihe.com\/IMG\/logo\/bn_cp-3.jpg","width":1,"height":1},"medium":{"url":"https:\/\/fr-images.igihe.com\/IMG\/logo\/bn_cp-3.jpg","width":1,"height":1},"medium_large":{"url":"https:\/\/fr-images.igihe.com\/IMG\/logo\/bn_cp-3.jpg","width":1,"height":1},"large":{"url":"https:\/\/fr-images.igihe.com\/IMG\/logo\/bn_cp-3.jpg","width":1,"height":1},"full":{"url":"https:\/\/fr-images.igihe.com\/IMG\/logo\/bn_cp-3.jpg","width":0,"height":0}}},"_links":{"self":[{"href":"https:\/\/new.igihe.com\/french\/wp-json\/wp\/v2\/posts\/37876","targetHints":{"allow":["GET"]}}],"collection":[{"href":"https:\/\/new.igihe.com\/french\/wp-json\/wp\/v2\/posts"}],"about":[{"href":"https:\/\/new.igihe.com\/french\/wp-json\/wp\/v2\/types\/post"}],"author":[{"embeddable":true,"href":"https:\/\/new.igihe.com\/french\/wp-json\/wp\/v2\/users\/488"}],"replies":[{"embeddable":true,"href":"https:\/\/new.igihe.com\/french\/wp-json\/wp\/v2\/comments?post=37876"}],"version-history":[{"count":0,"href":"https:\/\/new.igihe.com\/french\/wp-json\/wp\/v2\/posts\/37876\/revisions"}],"wp:featuredmedia":[{"embeddable":true,"href":"https:\/\/new.igihe.com\/french\/wp-json\/wp\/v2\/media\/4000062030"}],"wp:attachment":[{"href":"https:\/\/new.igihe.com\/french\/wp-json\/wp\/v2\/media?parent=37876"}],"wp:term":[{"taxonomy":"category","embeddable":true,"href":"https:\/\/new.igihe.com\/french\/wp-json\/wp\/v2\/categories?post=37876"},{"taxonomy":"post_tag","embeddable":true,"href":"https:\/\/new.igihe.com\/french\/wp-json\/wp\/v2\/tags?post=37876"},{"taxonomy":"byline","embeddable":true,"href":"https:\/\/new.igihe.com\/french\/wp-json\/wp\/v2\/byline?post=37876"},{"taxonomy":"hashtag","embeddable":true,"href":"https:\/\/new.igihe.com\/french\/wp-json\/wp\/v2\/hashtag?post=37876"}],"curies":[{"name":"wp","href":"https:\/\/api.w.org\/{rel}","templated":true}]}}