{"id":37875,"date":"2025-06-05T14:08:11","date_gmt":"2025-06-05T14:08:11","guid":{"rendered":"https:\/\/new.igihe.com\/french\/L-AFC-M23-retire-ses-delegues-du-Qatar-37875\/"},"modified":"2025-06-05T14:03:37","modified_gmt":"2025-06-05T14:03:37","slug":"L-AFC-M23-retire-ses-delegues-du-Qatar","status":"publish","type":"post","link":"https:\/\/new.igihe.com\/french\/L-AFC-M23-retire-ses-delegues-du-Qatar\/","title":{"rendered":"L\u2019AFC\/M23 retire ses d\u00e9l\u00e9gu\u00e9s du Qatar"},"content":{"rendered":"<p>Ces d\u00e9l\u00e9gu\u00e9s, conduits par le Secr\u00e9taire g\u00e9n\u00e9ral de l\u2019AFC\/M23, Benjamin Mbonimpa, \u00e9taient arriv\u00e9s \u00e0 Doha d\u00e9but mai 2025 pour n\u00e9gocier avec les repr\u00e9sentants du gouvernement congolais.<\/p>\n<p>Selon des sources bas\u00e9es dans l\u2019est de la RDC, Mbonimpa et son \u00e9quipe sont rentr\u00e9s \u00e0 Goma en d\u00e9but de semaine, apr\u00e8s avoir \u00e9t\u00e9 rappel\u00e9s par la direction centrale du mouvement.<\/p>\n<p>Ni l\u2019AFC\/M23 ni le gouvernement congolais n\u2019ont, pour l\u2019heure, fait de d\u00e9claration officielle \u00e0 ce sujet. Toutefois, plusieurs sources indiquent que les deux parties ne sont pas parvenues \u00e0 un compromis.<\/p>\n<p>Le principal point de blocage concerne les mesures destin\u00e9es \u00e0 instaurer un climat de confiance mutuelle, condition indispensable \u00e0 toute avanc\u00e9e vers un accord de paix durable.<\/p>\n<p>Dans le cadre de ces efforts, l\u2019AFC\/M23 devait se retirer des zones qu\u2019elle contr\u00f4lait afin de t\u00e9moigner de sa volont\u00e9 de paix. D\u00e9but avril, le mouvement s\u2019est ainsi retir\u00e9 de la ville de Walikale ainsi que des localit\u00e9s environnantes.<\/p>\n<p>L&#8217;AFC\/M23 a \u00e9galement remis au gouvernement congolais une liste de 700 personnes d\u00e9tenues, accus\u00e9es de collaborer avec le groupe rebelle, et a demand\u00e9 leur lib\u00e9ration. En r\u00e9ponse, les autorit\u00e9s n\u2019ont rel\u00e2ch\u00e9 que cinq personnes, qui ne figuraient m\u00eame pas sur cette liste.<\/p>\n<p>Le 15 mai, le journal Africa Intelligence rapportait que le Qatar esp\u00e9rait la signature d\u2019un accord provisoire entre les deux parties pour le 10 mai. Faute d\u2019accord, les n\u00e9gociations ont d\u00fb se poursuivre.<\/p>\n<p>Depuis plusieurs jours, l\u2019AFC\/M23 laisse entrevoir une impasse dans le dialogue avec Kinshasa, qui poursuit ses op\u00e9rations militaires dans plusieurs zones, avec pour objectif pr\u00e9sum\u00e9 de s\u2019emparer de la ville de Pinga, dans le territoire de Walikale.<\/p>\n<p>Le Qatar a initi\u00e9 ces n\u00e9gociations en mars 2025. Un accord de cessez-le-feu avait \u00e9t\u00e9 sign\u00e9 fin avril afin de favoriser un climat propice aux discussions, mais n\u2019a pas \u00e9t\u00e9 respect\u00e9 en raison des offensives lanc\u00e9es par les groupes arm\u00e9s loyalistes appuy\u00e9s par Kinshasa.<\/p>\n<figure class=\"spip-document spip-document-62029 aligncenter\"><img decoding=\"async\" src=\"https:\/\/fr.igihe.com\/IMG\/jpg\/m23-30.jpg\" alt=\"Le mouvement AFC\/M23 a retir\u00e9 ses d\u00e9l\u00e9gu\u00e9s des pourparlers de paix qui se d\u00e9roulaient \u00e0 Doha, au Qatar\" \/><\/figure>\n","protected":false},"excerpt":{"rendered":"<p>Le mouvement AFC\/M23, qui s\u2019oppose au gouvernement de la R\u00e9publique d\u00e9mocratique du Congo, a retir\u00e9 ses d\u00e9l\u00e9gu\u00e9s des pourparlers de paix qui se d\u00e9roulaient \u00e0 Doha, au Qatar.<\/p>\n","protected":false},"author":488,"featured_media":4000062028,"comment_status":"open","ping_status":"open","sticky":false,"template":"","format":"standard","meta":{"footnotes":""},"categories":[7540],"tags":[7605],"byline":[7717],"hashtag":[],"class_list":["post-37875","post","type-post","status-publish","format-standard","has-post-thumbnail","hentry","category-securite","tag-homenews","byline-igihe"],"bylines":[{"id":7717,"name":"IGIHE","slug":"igihe","description":"","image":{"id":0,"url":"https:\/\/secure.gravatar.com\/avatar\/?s=96&d=mm&f=y&r=g","alt":"Default avatar","title":"Default avatar","caption":"","mime_type":"image\/jpeg","sizes":[]},"user_id":393}],"contributors":[{"id":7717,"name":"IGIHE","slug":"igihe","description":"","image":{"id":0,"url":"https:\/\/secure.gravatar.com\/avatar\/?s=96&d=mm&f=y&r=g","alt":"Default avatar","title":"Default avatar","caption":"","mime_type":"image\/jpeg","sizes":[]},"user_id":393}],"featured_image":{"id":4000062028,"url":"https:\/\/fr-images.igihe.com\/IMG\/logo\/m23_cp-21.jpg","alt":"","caption":"","mime_type":"image\/jpeg","width":0,"height":0,"sizes":{"thumbnail":{"url":"https:\/\/fr-images.igihe.com\/IMG\/logo\/m23_cp-21.jpg","width":1,"height":1},"medium":{"url":"https:\/\/fr-images.igihe.com\/IMG\/logo\/m23_cp-21.jpg","width":1,"height":1},"medium_large":{"url":"https:\/\/fr-images.igihe.com\/IMG\/logo\/m23_cp-21.jpg","width":1,"height":1},"large":{"url":"https:\/\/fr-images.igihe.com\/IMG\/logo\/m23_cp-21.jpg","width":1,"height":1},"full":{"url":"https:\/\/fr-images.igihe.com\/IMG\/logo\/m23_cp-21.jpg","width":0,"height":0}}},"_links":{"self":[{"href":"https:\/\/new.igihe.com\/french\/wp-json\/wp\/v2\/posts\/37875","targetHints":{"allow":["GET"]}}],"collection":[{"href":"https:\/\/new.igihe.com\/french\/wp-json\/wp\/v2\/posts"}],"about":[{"href":"https:\/\/new.igihe.com\/french\/wp-json\/wp\/v2\/types\/post"}],"author":[{"embeddable":true,"href":"https:\/\/new.igihe.com\/french\/wp-json\/wp\/v2\/users\/488"}],"replies":[{"embeddable":true,"href":"https:\/\/new.igihe.com\/french\/wp-json\/wp\/v2\/comments?post=37875"}],"version-history":[{"count":0,"href":"https:\/\/new.igihe.com\/french\/wp-json\/wp\/v2\/posts\/37875\/revisions"}],"wp:featuredmedia":[{"embeddable":true,"href":"https:\/\/new.igihe.com\/french\/wp-json\/wp\/v2\/media\/4000062028"}],"wp:attachment":[{"href":"https:\/\/new.igihe.com\/french\/wp-json\/wp\/v2\/media?parent=37875"}],"wp:term":[{"taxonomy":"category","embeddable":true,"href":"https:\/\/new.igihe.com\/french\/wp-json\/wp\/v2\/categories?post=37875"},{"taxonomy":"post_tag","embeddable":true,"href":"https:\/\/new.igihe.com\/french\/wp-json\/wp\/v2\/tags?post=37875"},{"taxonomy":"byline","embeddable":true,"href":"https:\/\/new.igihe.com\/french\/wp-json\/wp\/v2\/byline?post=37875"},{"taxonomy":"hashtag","embeddable":true,"href":"https:\/\/new.igihe.com\/french\/wp-json\/wp\/v2\/hashtag?post=37875"}],"curies":[{"name":"wp","href":"https:\/\/api.w.org\/{rel}","templated":true}]}}