{"id":37870,"date":"2025-06-05T12:29:26","date_gmt":"2025-06-05T12:29:26","guid":{"rendered":"https:\/\/new.igihe.com\/french\/Une-Europe-en-surchauffe-37870\/"},"modified":"2025-06-05T12:08:05","modified_gmt":"2025-06-05T12:08:05","slug":"Une-Europe-en-surchauffe","status":"publish","type":"post","link":"https:\/\/new.igihe.com\/french\/Une-Europe-en-surchauffe\/","title":{"rendered":"Une Europe en surchauffe"},"content":{"rendered":"<p>Selon les donn\u00e9es publi\u00e9es par l\u2019European Drought Observatory (EDO), plus de 53 % des sols \u00e9taient alors affect\u00e9s par un \u00e9tat de s\u00e9cheresse, un niveau jamais atteint \u00e0 cette p\u00e9riode de l\u2019ann\u00e9e depuis le d\u00e9but des relev\u00e9s en 2012. Ce pourcentage exc\u00e8de de plus de vingt points la moyenne observ\u00e9e entre 2012 et 2024 (\u00e9tablie \u00e0 30 %), signalant une aggravation sans pr\u00e9c\u00e9dent de la vuln\u00e9rabilit\u00e9 hydrologique des \u00e9cosyst\u00e8mes europ\u00e9ens.<\/p>\n<p>L\u2019indice de s\u00e9cheresse, \u00e9labor\u00e9 \u00e0 partir de l\u2019analyse conjointe de trois param\u00e8tres: le d\u00e9ficit pluviom\u00e9trique, l\u2019humidit\u00e9 des sols et l\u2019\u00e9tat physiologique de la v\u00e9g\u00e9tation permet de classifier la s\u00e9v\u00e9rit\u00e9 du ph\u00e9nom\u00e8ne en trois niveaux : surveillance, avertissement et alerte. <\/p>\n<p>Pour la p\u00e9riode du 11 au 20 mai, 42 % des zones observ\u00e9es \u00e9taient en \u00e9tat d\u2019avertissement (traduction d\u2019un d\u00e9ficit manifeste en humidit\u00e9), tandis que 5 % atteignaient le stade d\u2019alerte, r\u00e9v\u00e9lateur d\u2019une alt\u00e9ration tangible du d\u00e9veloppement v\u00e9g\u00e9tal.<\/p>\n<p>Les r\u00e9gions les plus durement \u00e9prouv\u00e9es s\u2019\u00e9tendent de l\u2019Europe du Nord jusqu\u2019\u00e0 l\u2019Europe centrale et orientale. Mais c\u2019est surtout dans certaines contr\u00e9es m\u00e9ridionales que les signaux d\u2019alarme se font les plus stridents : Chypre, la Syrie et les Territoires palestiniens enregistrent des taux d\u2019alerte sup\u00e9rieurs \u00e0 20 %, sympt\u00f4me d\u2019un dess\u00e8chement pr\u00e9occupant affectant la base m\u00eame de la production agricole et des ressources en eau.<\/p>\n<p>Le Royaume-Uni, bien que n\u2019\u00e9tant pas officiellement en \u00e9tat d\u2019alerte, traverse lui aussi une p\u00e9riode m\u00e9t\u00e9orologique exceptionnelle. Le pays a connu son printemps le plus sec depuis un demi-si\u00e8cle, avec seulement 128,2 millim\u00e8tres de pr\u00e9cipitations entre mars et mai, selon les donn\u00e9es communiqu\u00e9es par le Met Office. <\/p>\n<p>Ce d\u00e9ficit hydrique affecte d\u00e9j\u00e0 s\u00e9v\u00e8rement les r\u00e9serves d\u2019eau, tout en fragilisant les \u00e9quilibres de l\u2019agriculture britannique, confront\u00e9e \u00e0 une s\u00e9cheresse qui couvre 98 % de son territoire.<\/p>\n<p>La France, quant \u00e0 elle, reste pour l\u2019heure relativement pr\u00e9serv\u00e9e, bien que 31 % de son territoire, principalement au nord, pr\u00e9sentent d\u00e9j\u00e0 des signes d\u2019ass\u00e8chement pr\u00e9occupants. Toutefois, cette accalmie apparente ne saurait masquer les projections alarmantes sur le moyen terme.<\/p>\n<p>En t\u00e9moigne l\u2019avertissement formul\u00e9 par la Banque centrale europ\u00e9enne le 23 mai : en cas de multiplication d\u2019\u00e9pisodes extr\u00eames, d\u00e9sormais de plus en plus probables dans le contexte du r\u00e9chauffement climatique, jusqu\u2019\u00e0 15 % de la production \u00e9conomique de la zone euro pourrait \u00eatre compromise.<\/p>\n<p>{{Vers une Europe assoiff\u00e9e: chronique d\u2019un p\u00e9ril hydrique annonc\u00e9}}<\/p>\n<p>Le constat dress\u00e9 \u00e0 la mi-mai par les instruments satellitaires europ\u00e9ens a de quoi glacer le sang : l\u2019Europe est en train de se dess\u00e9cher, non plus de mani\u00e8re ponctuelle ou localis\u00e9e, mais selon une dynamique syst\u00e9mique, continue et potentiellement irr\u00e9versible. La s\u00e9cheresse, nagu\u00e8re per\u00e7ue comme un al\u00e9a marginal, est en train de se muer en toile de fond structurelle du climat continental.<\/p>\n<p>Ce que r\u00e9v\u00e8lent ces donn\u00e9es, au-del\u00e0 des chiffres bruts, c\u2019est le basculement d\u2019un paradigme. L\u2019Europe, jadis sanctuaire temp\u00e9r\u00e9, devient le th\u00e9\u00e2tre d\u2019une m\u00e9tamorphose climatique brutale, affectant les \u00e9quilibres les plus \u00e9l\u00e9mentaires : l\u2019eau, le sol, la croissance des v\u00e9g\u00e9taux, les ressources alimentaires, l\u2019\u00e9conomie agricole. Le Royaume-Uni, dont les landes verdoyantes \u00e9taient presque proverbiales, se retrouve d\u00e9sormais \u00e0 la crois\u00e9e de crises multiples : stress hydrique, tension sur les rendements agricoles, et pr\u00e9carit\u00e9 \u00e9nerg\u00e9tique li\u00e9e au refroidissement naturel des sols. La France, souvent per\u00e7ue comme une zone tampon, commence elle aussi \u00e0 vaciller.<\/p>\n<p>Le p\u00e9ril n\u2019est pas seulement \u00e9cologique, il est civilisationnel. Le rapport au sol, \u00e0 la nourriture, aux ressources de base, est en train de s\u2019inverser sous nos yeux. <\/p>\n<p>Et si rien n\u2019est fait, si une strat\u00e9gie paneurop\u00e9enne de gestion de l\u2019eau, de reforestation massive et de transition agricole n\u2019est pas imm\u00e9diatement enclench\u00e9e, ce sont les bases m\u00eames de la s\u00e9curit\u00e9 \u00e9conomique, sociale et politique du continent qui vacilleront.<\/p>\n<p>L\u2019Europe doit s\u2019\u00e9veiller \u00e0 cette urgence avec la gravit\u00e9 qu\u2019elle exige. Ne pas agir aujourd\u2019hui reviendrait \u00e0 hypoth\u00e9quer d\u00e9finitivement les printemps\u00a0de\u00a0demain.<\/p>\n<figure class=\"spip-document spip-document-62018 aligncenter\"><img decoding=\"async\" src=\"https:\/\/fr.igihe.com\/IMG\/jpg\/can-2.jpg\" alt=\"L\u2019Europe continentale et le bassin m\u00e9diterran\u00e9en font face \u00e0 une crise hydrique sans pr\u00e9c\u00e9dent, annonciatrice d&#039;un \u00e9t\u00e9 potentiellement catastrophique\" \/><\/figure>\n","protected":false},"excerpt":{"rendered":"<p>\u00c0 la mi-mai 2025, l\u2019Europe continentale et le pourtour m\u00e9diterran\u00e9en se trouvent confront\u00e9s \u00e0 une crise hydrique d\u2019une gravit\u00e9 in\u00e9dite, annonciatrice d\u2019un \u00e9t\u00e9 aux contours cataclysmiques. <\/p>\n","protected":false},"author":488,"featured_media":4000062017,"comment_status":"open","ping_status":"open","sticky":false,"template":"","format":"standard","meta":{"footnotes":""},"categories":[7565],"tags":[7605],"byline":[9102],"hashtag":[],"class_list":["post-37870","post","type-post","status-publish","format-standard","has-post-thumbnail","hentry","category-environnement","tag-homenews","byline-tite-gatabazi"],"bylines":[{"id":9102,"name":"Tite Gatabazi","slug":"tite-gatabazi","description":"","image":{"id":0,"url":"https:\/\/secure.gravatar.com\/avatar\/?s=96&d=mm&f=y&r=g","alt":"Default avatar","title":"Default avatar","caption":"","mime_type":"image\/jpeg","sizes":[]},"user_id":472}],"contributors":[{"id":9102,"name":"Tite Gatabazi","slug":"tite-gatabazi","description":"","image":{"id":0,"url":"https:\/\/secure.gravatar.com\/avatar\/?s=96&d=mm&f=y&r=g","alt":"Default avatar","title":"Default avatar","caption":"","mime_type":"image\/jpeg","sizes":[]},"user_id":472}],"featured_image":{"id":4000062017,"url":"https:\/\/fr-images.igihe.com\/IMG\/logo\/can_cp-2.jpg","alt":"","caption":"","mime_type":"image\/jpeg","width":0,"height":0,"sizes":{"thumbnail":{"url":"https:\/\/fr-images.igihe.com\/IMG\/logo\/can_cp-2.jpg","width":1,"height":1},"medium":{"url":"https:\/\/fr-images.igihe.com\/IMG\/logo\/can_cp-2.jpg","width":1,"height":1},"medium_large":{"url":"https:\/\/fr-images.igihe.com\/IMG\/logo\/can_cp-2.jpg","width":1,"height":1},"large":{"url":"https:\/\/fr-images.igihe.com\/IMG\/logo\/can_cp-2.jpg","width":1,"height":1},"full":{"url":"https:\/\/fr-images.igihe.com\/IMG\/logo\/can_cp-2.jpg","width":0,"height":0}}},"_links":{"self":[{"href":"https:\/\/new.igihe.com\/french\/wp-json\/wp\/v2\/posts\/37870","targetHints":{"allow":["GET"]}}],"collection":[{"href":"https:\/\/new.igihe.com\/french\/wp-json\/wp\/v2\/posts"}],"about":[{"href":"https:\/\/new.igihe.com\/french\/wp-json\/wp\/v2\/types\/post"}],"author":[{"embeddable":true,"href":"https:\/\/new.igihe.com\/french\/wp-json\/wp\/v2\/users\/488"}],"replies":[{"embeddable":true,"href":"https:\/\/new.igihe.com\/french\/wp-json\/wp\/v2\/comments?post=37870"}],"version-history":[{"count":0,"href":"https:\/\/new.igihe.com\/french\/wp-json\/wp\/v2\/posts\/37870\/revisions"}],"wp:featuredmedia":[{"embeddable":true,"href":"https:\/\/new.igihe.com\/french\/wp-json\/wp\/v2\/media\/4000062017"}],"wp:attachment":[{"href":"https:\/\/new.igihe.com\/french\/wp-json\/wp\/v2\/media?parent=37870"}],"wp:term":[{"taxonomy":"category","embeddable":true,"href":"https:\/\/new.igihe.com\/french\/wp-json\/wp\/v2\/categories?post=37870"},{"taxonomy":"post_tag","embeddable":true,"href":"https:\/\/new.igihe.com\/french\/wp-json\/wp\/v2\/tags?post=37870"},{"taxonomy":"byline","embeddable":true,"href":"https:\/\/new.igihe.com\/french\/wp-json\/wp\/v2\/byline?post=37870"},{"taxonomy":"hashtag","embeddable":true,"href":"https:\/\/new.igihe.com\/french\/wp-json\/wp\/v2\/hashtag?post=37870"}],"curies":[{"name":"wp","href":"https:\/\/api.w.org\/{rel}","templated":true}]}}