{"id":37869,"date":"2025-06-05T12:07:58","date_gmt":"2025-06-05T12:07:58","guid":{"rendered":"https:\/\/new.igihe.com\/french\/Defendre-l-espace-d-un-debat-rigoureux-et-vivant-en-RDC-37869\/"},"modified":"2025-06-05T12:07:24","modified_gmt":"2025-06-05T12:07:24","slug":"Defendre-l-espace-d-un-debat-rigoureux-et-vivant-en-RDC","status":"publish","type":"post","link":"https:\/\/new.igihe.com\/french\/Defendre-l-espace-d-un-debat-rigoureux-et-vivant-en-RDC\/","title":{"rendered":"D\u00e9fendre l\u2019espace d\u2019un d\u00e9bat rigoureux et vivant en RDC"},"content":{"rendered":"<p>Ce n\u2019est point seulement l\u2019autonomie du champ m\u00e9diatique qui est ici en jeu, mais bien la possibilit\u00e9 d\u2019une parole affranchie des tutelles politiques, rigoureuse dans sa m\u00e9thode, \u00e9prise de v\u00e9rit\u00e9, et soucieuse de restituer la complexit\u00e9 irr\u00e9ductible du r\u00e9el. <\/p>\n<p>En s\u2019en prenant \u00e0 ceux dont le labeur consiste pr\u00e9cis\u00e9ment \u00e0 interroger, \u00e0 nuancer, \u00e0 d\u00e9jouer les narratifs officiels, c\u2019est l\u2019architecture fragile mais essentielle du d\u00e9bat public que l\u2019on \u00e9branle. Face \u00e0 ces vell\u00e9it\u00e9s autoritaires, la r\u00e9ponse ne saurait \u00eatre la complaisance ou le silence, mais l\u2019affirmation intransigeante d\u2019une parole libre, irr\u00e9v\u00e9rencieuse si n\u00e9cessaire, fid\u00e8le \u00e0 l\u2019\u00e9thique du doute, et jalouse de cette ind\u00e9pendance critique qui seule permet \u00e0 la d\u00e9mocratie de ne point sombrer dans la liturgie creuse du consensus impos\u00e9.<\/p>\n<p>En ces temps de saturation discursive, d\u2019injonctions moralisatrices et de polarisations outranci\u00e8res, affirmer la n\u00e9cessit\u00e9 d\u2019un espace libre de d\u00e9bat, d\u2019analyse critique et de pens\u00e9e vivante rel\u00e8ve d\u2019un geste \u00e9minemment politique autant qu\u2019intellectuel. Ce n\u2019est pas seulement revendiquer un droit formel \u00e0 la parole, mais \u0153uvrer \u00e0 la possibilit\u00e9 d\u2019un autre dire rigoureux, nuanc\u00e9, libre, soucieux de la complexit\u00e9 du r\u00e9el et r\u00e9tif \u00e0 toute r\u00e9duction id\u00e9ologique. <\/p>\n<p>D\u00e8s lors, d\u00e9fendre un tel espace revient \u00e0 proclamer, contre vents et mar\u00e9es, qu\u2019une autre parole est possible, non soumise aux diktats de l\u2019imm\u00e9diatet\u00e9, de la simplification ou de la doxa dominante.<\/p>\n<p>La parole v\u00e9ritablement libre n\u2019est jamais pure expression spontan\u00e9e ou d\u00e9brid\u00e9e ; elle suppose au contraire un patient travail de discernement, une rigueur intellectuelle qui s\u2019adosse \u00e0 la m\u00e9moire, \u00e0 la culture, \u00e0 l\u2019exercice de la pens\u00e9e dans toute son exigence. <\/p>\n<p>Elle s\u2019inscrit dans une \u00e9thique de la v\u00e9rit\u00e9 qui refuse les conforts de l\u2019approximation comme les s\u00e9ductions du slogan. C\u2019est pourquoi tout espace vou\u00e9 au d\u00e9bat authentique ne saurait se confondre avec les ar\u00e8nes du bavardage m\u00e9diatique ou les tribunes soumises aux logiques algorithmiques de l\u2019indignation permanente : il exige un cadre, une tenue, une discipline int\u00e9rieure bref, une volont\u00e9 partag\u00e9e de penser ensemble sans se d\u00e9rober \u00e0 la complexit\u00e9 du monde.<\/p>\n<p>Or, cette complexit\u00e9, loin d\u2019\u00eatre un obstacle, constitue pr\u00e9cis\u00e9ment la condition d\u2019une parole vivante. Car penser, c\u2019est r\u00e9sister aux sch\u00e8mes simplificateurs, \u00e0 la tentation de l\u2019univocit\u00e9 ou du manich\u00e9isme. C\u2019est faire droit \u00e0 la pluralit\u00e9 des points de vue, \u00e0 la profondeur des contextes, \u00e0 l\u2019ambivalence des faits. <\/p>\n<p>La pens\u00e9e v\u00e9ritable est lente, inqui\u00e8te, nuanc\u00e9e ; elle se tient \u00e0 distance des certitudes h\u00e2tives et des dogmatismes. Elle accueille l\u2019incertitude non comme une faiblesse, mais comme le ferment d\u2019une recherche constante de sens. En cela, elle s\u2019oppose frontalement \u00e0 la rh\u00e9torique binaire qui, aujourd\u2019hui, gangr\u00e8ne tant les sph\u00e8res politiques que culturelles.<\/p>\n<p>D\u00e9fendre un tel espace n\u2019est donc pas une posture abstraite ; c\u2019est une responsabilit\u00e9 civique, presque morale. Car la disparition ou la neutralisation de ces lieux de pens\u00e9e met en p\u00e9ril la possibilit\u00e9 m\u00eame du dissensus \u00e9clair\u00e9, du d\u00e9saccord f\u00e9cond, de la d\u00e9mocratie d\u00e9lib\u00e9rative. <\/p>\n<p>Lorsque toute parole se voit d\u2019embl\u00e9e frapp\u00e9e de suspicion, non point jug\u00e9e sur la rigueur de son argumentation ou la pertinence de son propos, mais r\u00e9duite \u00e0 l\u2019origine suppos\u00e9e de celui qui la prof\u00e8re son appartenance r\u00e9elle ou fantasm\u00e9e, son pr\u00e9tendu \u00ab agenda \u00bb, ou quelque identit\u00e9 assign\u00e9e \u00e0 des fins de disqualification, alors ce n\u2019est plus le d\u00e9bat que l\u2019on honore, mais le proc\u00e8s que l\u2019on instruit. <\/p>\n<p>Le d\u00e9saccord devient d\u00e9l\u00e9gitimation, la contradiction se mue en mise en accusation, et l\u2019\u00e9change intellectuel, en tribunal id\u00e9ologique. Dans un tel climat, la pens\u00e9e ne circule plus librement : elle s\u2019ankylose, \u00e9touff\u00e9e sous le poids des anath\u00e8mes. <\/p>\n<p>Il ne s\u2019agit plus de comprendre ni de confronter, mais de condamner sans appel, au nom d\u2019une morale aussi fluctuante que tyrannique. Ainsi se d\u00e9lite l\u2019espace public, non sous l\u2019effet d\u2019un manque d\u2019opinions, mais par l\u2019impossibilit\u00e9 croissante de les faire dialoguer sans suspicion ni excommunication. <\/p>\n<p>Ce r\u00e9tr\u00e9cissement du champ discursif, insidieux et progressif, constitue une menace majeure pour toute soci\u00e9t\u00e9 qui pr\u00e9tend encore se r\u00e9clamer des id\u00e9aux de raison, de pluralisme et de libert\u00e9.<\/p>\n<p>La parole se r\u00e9tracte, la pens\u00e9e se replie, et l\u2019espace public devient le th\u00e9\u00e2tre d\u2019un affrontement st\u00e9rile entre monologues sourds.<\/p>\n<p>Ainsi, affirmer qu\u2019\u00ab une autre parole est possible \u00bb ne rel\u00e8ve ni de l\u2019utopie na\u00efve ni de la posture de rupture : c\u2019est un acte de foi en l\u2019intelligence humaine, en sa capacit\u00e9 \u00e0 se forger, \u00e0 se confronter, \u00e0 se transformer dans le creuset de l\u2019\u00e9change rigoureux. <\/p>\n<p>C\u2019est r\u00e9habiliter le sens noble du d\u00e9bat comme lieu de formation, de d\u00e9cantation, de maturation. C\u2019est refuser que la parole soit confisqu\u00e9e par les plus bruyants, les plus prompts \u00e0 juger, les moins enclins \u00e0 \u00e9couter. Et c\u2019est, en d\u00e9finitive, d\u00e9fendre une certaine id\u00e9e de la civilisation celle qui, depuis Socrate, place le dialogue au c\u0153ur du vivre-ensemble et la pens\u00e9e au fondement du politique.<\/p>\n<p>En un mot, il s\u2019agit d\u2019opposer au vacarme uniforme une parole incarn\u00e9e, habit\u00e9e, capable de se tenir dans l\u2019\u00e9cart, dans l\u2019entre-deux, l\u00e0 o\u00f9 na\u00eet, toujours, la pens\u00e9e v\u00e9ritable. Ce combat pour un espace libre et vivant n\u2019est pas secondaire : il conditionne tout le reste. Car sans lui, la libert\u00e9 n\u2019est qu\u2019un mot vide, et la v\u00e9rit\u00e9, une proie livr\u00e9e aux vents mauvais\u00a0de\u00a0l\u2019opinion.<\/p>\n<figure class=\"spip-document spip-document-62016 aligncenter\"><img decoding=\"async\" src=\"https:\/\/fr.igihe.com\/IMG\/jpg\/cb-6.jpg\" alt=\"Face aux attaques r\u00e9p\u00e9t\u00e9es de Christian Bosembe contre la libert\u00e9 d\u2019information, les journalistes se mobilisent pour d\u00e9fendre leur mission\" \/><\/figure>\n","protected":false},"excerpt":{"rendered":"<p>\u00c0 la suite des assauts r\u00e9p\u00e9t\u00e9s de Christian Bosembe contre la libert\u00e9 d\u2019information dont la virulence ne dissimule que m\u00e9diocrement le dessein de museler toute parole discordante, la profession journalistique, dans un sursaut de dignit\u00e9, se dresse en rempart pour pr\u00e9server ce qui constitue l\u2019essence m\u00eame de sa mission : d\u00e9fendre un espace libre de d\u00e9bat, d\u2019analyse critique et de pens\u00e9e vivante.<\/p>\n","protected":false},"author":488,"featured_media":4000062015,"comment_status":"open","ping_status":"open","sticky":false,"template":"","format":"standard","meta":{"footnotes":""},"categories":[7544],"tags":[7605],"byline":[9102],"hashtag":[],"class_list":["post-37869","post","type-post","status-publish","format-standard","has-post-thumbnail","hentry","category-politique","tag-homenews","byline-tite-gatabazi"],"bylines":[{"id":9102,"name":"Tite Gatabazi","slug":"tite-gatabazi","description":"","image":{"id":0,"url":"https:\/\/secure.gravatar.com\/avatar\/?s=96&d=mm&f=y&r=g","alt":"Default avatar","title":"Default avatar","caption":"","mime_type":"image\/jpeg","sizes":[]},"user_id":472}],"contributors":[{"id":9102,"name":"Tite Gatabazi","slug":"tite-gatabazi","description":"","image":{"id":0,"url":"https:\/\/secure.gravatar.com\/avatar\/?s=96&d=mm&f=y&r=g","alt":"Default avatar","title":"Default avatar","caption":"","mime_type":"image\/jpeg","sizes":[]},"user_id":472}],"featured_image":{"id":4000062015,"url":"https:\/\/fr-images.igihe.com\/IMG\/logo\/cb_cp-6.jpg","alt":"","caption":"","mime_type":"image\/jpeg","width":0,"height":0,"sizes":{"thumbnail":{"url":"https:\/\/fr-images.igihe.com\/IMG\/logo\/cb_cp-6.jpg","width":1,"height":1},"medium":{"url":"https:\/\/fr-images.igihe.com\/IMG\/logo\/cb_cp-6.jpg","width":1,"height":1},"medium_large":{"url":"https:\/\/fr-images.igihe.com\/IMG\/logo\/cb_cp-6.jpg","width":1,"height":1},"large":{"url":"https:\/\/fr-images.igihe.com\/IMG\/logo\/cb_cp-6.jpg","width":1,"height":1},"full":{"url":"https:\/\/fr-images.igihe.com\/IMG\/logo\/cb_cp-6.jpg","width":0,"height":0}}},"_links":{"self":[{"href":"https:\/\/new.igihe.com\/french\/wp-json\/wp\/v2\/posts\/37869","targetHints":{"allow":["GET"]}}],"collection":[{"href":"https:\/\/new.igihe.com\/french\/wp-json\/wp\/v2\/posts"}],"about":[{"href":"https:\/\/new.igihe.com\/french\/wp-json\/wp\/v2\/types\/post"}],"author":[{"embeddable":true,"href":"https:\/\/new.igihe.com\/french\/wp-json\/wp\/v2\/users\/488"}],"replies":[{"embeddable":true,"href":"https:\/\/new.igihe.com\/french\/wp-json\/wp\/v2\/comments?post=37869"}],"version-history":[{"count":0,"href":"https:\/\/new.igihe.com\/french\/wp-json\/wp\/v2\/posts\/37869\/revisions"}],"wp:featuredmedia":[{"embeddable":true,"href":"https:\/\/new.igihe.com\/french\/wp-json\/wp\/v2\/media\/4000062015"}],"wp:attachment":[{"href":"https:\/\/new.igihe.com\/french\/wp-json\/wp\/v2\/media?parent=37869"}],"wp:term":[{"taxonomy":"category","embeddable":true,"href":"https:\/\/new.igihe.com\/french\/wp-json\/wp\/v2\/categories?post=37869"},{"taxonomy":"post_tag","embeddable":true,"href":"https:\/\/new.igihe.com\/french\/wp-json\/wp\/v2\/tags?post=37869"},{"taxonomy":"byline","embeddable":true,"href":"https:\/\/new.igihe.com\/french\/wp-json\/wp\/v2\/byline?post=37869"},{"taxonomy":"hashtag","embeddable":true,"href":"https:\/\/new.igihe.com\/french\/wp-json\/wp\/v2\/hashtag?post=37869"}],"curies":[{"name":"wp","href":"https:\/\/api.w.org\/{rel}","templated":true}]}}