{"id":37857,"date":"2025-06-04T15:58:11","date_gmt":"2025-06-04T15:58:11","guid":{"rendered":"https:\/\/new.igihe.com\/french\/La-justice-posthume-d-Alfred-Dreyfus-37857\/"},"modified":"2025-06-04T15:54:14","modified_gmt":"2025-06-04T15:54:14","slug":"La-justice-posthume-d-Alfred-Dreyfus","status":"publish","type":"post","link":"https:\/\/new.igihe.com\/french\/La-justice-posthume-d-Alfred-Dreyfus\/","title":{"rendered":"La justice posthume d\u2019Alfred Dreyfus"},"content":{"rendered":"<p>Cet acte solennel, bien que tardif, s\u2019inscrit dans une volont\u00e9 m\u00e9morielle de parachever une r\u00e9habilitation qui, depuis plus d\u2019un si\u00e8cle, demeurait incompl\u00e8te, une plaie b\u00e9ante dans l&#8217;histoire morale de la nation.<\/p>\n<p>En 1894, le capitaine Alfred Dreyfus, officier juif de l\u2019arm\u00e9e fran\u00e7aise, fut condamn\u00e9 pour trahison, accus\u00e9 \u00e0 tort d\u2019avoir livr\u00e9 des documents secrets \u00e0 l\u2019Empire allemand. <\/p>\n<p>Ce verdict inique, prononc\u00e9 sans preuves tangibles, reposait sur des faux grossiers, sur des rumeurs malveillantes et, surtout, sur un antis\u00e9mitisme visc\u00e9ral qui gangrenait alors les institutions militaires et la presse r\u00e9actionnaire. <\/p>\n<p>L\u2019affaire, que l\u2019on nommera bient\u00f4t simplement \u00ab l\u2019Affaire \u00bb, devint un r\u00e9v\u00e9lateur saisissant de l\u2019\u00e2me fran\u00e7aise, mettant \u00e0 nu les fractures id\u00e9ologiques et sociales d\u2019un pays partag\u00e9 entre la R\u00e9publique des Lumi\u00e8res et les t\u00e9n\u00e8bres du nationalisme x\u00e9nophobe.<\/p>\n<p>Dreyfus fut d\u00e9grad\u00e9 en place publique et rel\u00e9gu\u00e9 \u00e0 l\u2019enfer p\u00e9nitentiaire de l\u2019\u00eele du Diable, en Guyane, o\u00f9 il surv\u00e9cut dans des conditions inhumaines, tandis qu\u2019en m\u00e9tropole, la France s\u2019embrasait. <\/p>\n<p>Ce n\u2019est qu\u2019en 1906, apr\u00e8s une mobilisation sans pr\u00e9c\u00e9dent de l\u2019opinion \u00e9clair\u00e9e o\u00f9 se distingu\u00e8rent \u00c9mile Zola, Jean Jaur\u00e8s et Clemenceau, que la Cour de cassation r\u00e9habilita enfin Dreyfus, mettant un terme \u00e0 une trag\u00e9die judiciaire d\u2019une rare ignominie. Toutefois, cette r\u00e9habilitation, aussi l\u00e9gitime f\u00fbt-elle, resta imparfaite : l\u2019arm\u00e9e, avec une froide obstination, ne daigna pas restituer \u00e0 l\u2019ancien capitaine le rang qui aurait d\u00fb \u00eatre le sien, le maintenant dans une position inf\u00e9rieure \u00e0 celle qu\u2019il aurait d\u00fb occuper s\u2019il n\u2019avait \u00e9t\u00e9 injustement condamn\u00e9.<\/p>\n<p>La repr\u00e9sentation nationale a voulu briser ce dernier verrou de l\u2019humiliation posthume. Par l\u2019adoption unanime d\u2019une proposition de loi initi\u00e9e par l\u2019ancien Premier ministre Gabriel Attal, Alfred Dreyfus est d\u00e9sormais promu g\u00e9n\u00e9ral de brigade \u00e0 titre posthume. Ce geste, selon les mots du rapporteur Charles Sitzenstuhl, d\u00e9put\u00e9 du Bas-Rhin, constitue une forme de \u00ab r\u00e9paration morale \u00bb autant qu\u2019un devoir de v\u00e9rit\u00e9 historique. <\/p>\n<p>La ministre d\u00e9l\u00e9gu\u00e9e \u00e0 la M\u00e9moire, Patricia Mirall\u00e8s, a soulign\u00e9 la port\u00e9e symbolique de ce vote dans un contexte contemporain marqu\u00e9 par une r\u00e9surgence inqui\u00e9tante des actes antis\u00e9mites, rappelant que l\u2019Histoire n\u2019est jamais close tant que la justice n\u2019est pas pleinement rendue.<\/p>\n<p>Il faut mesurer \u00e0 sa juste valeur ce moment de reconnaissance : Dreyfus, qui combattit \u00e0 nouveau pour la France durant la Premi\u00e8re Guerre mondiale, resta toute sa vie meurtri par l\u2019injustice qu\u2019il subit et par le silence d\u2019une R\u00e9publique trop lente \u00e0 panser ses propres trahisons. <\/p>\n<p>La loi de 1906, bien que salutaire, n\u2019avait pas proc\u00e9d\u00e9 \u00e0 la reconstitution de carri\u00e8re qu\u2019exigeait pourtant l\u2019\u00e9thique r\u00e9publicaine ; la promotion au rang de commandant, loin de r\u00e9parer l\u2019outrage, l\u2019avait fig\u00e9 dans une position mutil\u00e9e, \u00e0 l\u2019image d\u2019une m\u00e9moire nationale trop souvent oublieuse.<\/p>\n<p>En 2006, Jacques Chirac avait reconnu que justice ne lui avait \u00e9t\u00e9 que partiellement rendue. Quinze ans plus tard, Emmanuel Macron, dans un rare \u00e9lan de lucidit\u00e9 historique, \u00e9voquait la n\u00e9cessit\u00e9 de cette reconnaissance posthume, pla\u00e7ant la responsabilit\u00e9 sur l\u2019institution militaire et le Parlement. <\/p>\n<p>C\u2019est d\u00e9sormais chose faite, mais cette reconnaissance, si elle honore Dreyfus, interroge aussi la R\u00e9publique sur sa capacit\u00e9 \u00e0 tirer les le\u00e7ons de ses propres d\u00e9faillances.<\/p>\n<p>Car l\u2019affaire Dreyfus n\u2019appartient pas uniquement au pass\u00e9. Elle continue de hanter les replis de la soci\u00e9t\u00e9 fran\u00e7aise, o\u00f9 les relents d\u2019un antis\u00e9mitisme sournois, parfois travesti en discours identitaire ou en pseudo-contestation de l\u2019\u00e9lite, ressurgissent avec une r\u00e9gularit\u00e9 inqui\u00e9tante. Le spectre de la trahison int\u00e9rieure, instrumentalis\u00e9 pour stigmatiser une minorit\u00e9, reste une tentation dans les marges du d\u00e9bat public. <\/p>\n<p>La R\u00e9publique, si elle veut rester fid\u00e8le \u00e0 sa devise, se doit d\u2019en faire un rempart permanent, et non une simple comm\u00e9moration.<\/p>\n<p>Dans ce geste tardif, il ne s\u2019agit pas seulement de r\u00e9parer une injustice, mais de renouveler un serment : celui de ne plus jamais confondre la d\u00e9fense de la nation avec le rejet de ses enfants, celui de ne plus jamais sacrifier un homme \u00e0 l\u2019autel de la peur ou du pr\u00e9jug\u00e9. Dreyfus g\u00e9n\u00e9ral, c\u2019est la R\u00e9publique qui, enfin, ose regarder en face l\u2019un de ses plus grands\u00a0naufrages.<\/p>\n<figure class=\"spip-document spip-document-61991 aligncenter\"><img decoding=\"async\" src=\"https:\/\/fr.igihe.com\/IMG\/png\/cp.png\" alt=\"130 ans apr\u00e8s l\u2019affaire qui \u00e9branla la R\u00e9publique, l\u2019Assembl\u00e9e nationale a unanimement promu Alfred Dreyfus au grade de g\u00e9n\u00e9ral de brigade\" \/><\/figure>\n","protected":false},"excerpt":{"rendered":"<p>Cent trente ann\u00e9es apr\u00e8s la temp\u00eate judiciaire qui fit vaciller les fondements moraux de la R\u00e9publique, l\u2019Assembl\u00e9e nationale fran\u00e7aise a unanimement approuv\u00e9 l\u2019\u00e9l\u00e9vation au rang de g\u00e9n\u00e9ral de brigade d\u2019Alfred Dreyfus, figure embl\u00e9matique de l&#8217;injustice d&#8217;\u00c9tat et martyr de l&#8217;antis\u00e9mitisme r\u00e9publicain. <\/p>\n","protected":false},"author":488,"featured_media":4000061990,"comment_status":"open","ping_status":"open","sticky":false,"template":"","format":"standard","meta":{"footnotes":""},"categories":[7544],"tags":[7605],"byline":[9102],"hashtag":[],"class_list":["post-37857","post","type-post","status-publish","format-standard","has-post-thumbnail","hentry","category-politique","tag-homenews","byline-tite-gatabazi"],"bylines":[{"id":9102,"name":"Tite Gatabazi","slug":"tite-gatabazi","description":"","image":{"id":0,"url":"https:\/\/secure.gravatar.com\/avatar\/?s=96&d=mm&f=y&r=g","alt":"Default avatar","title":"Default avatar","caption":"","mime_type":"image\/jpeg","sizes":[]},"user_id":472}],"contributors":[{"id":9102,"name":"Tite Gatabazi","slug":"tite-gatabazi","description":"","image":{"id":0,"url":"https:\/\/secure.gravatar.com\/avatar\/?s=96&d=mm&f=y&r=g","alt":"Default avatar","title":"Default avatar","caption":"","mime_type":"image\/jpeg","sizes":[]},"user_id":472}],"featured_image":{"id":4000061990,"url":"https:\/\/fr-images.igihe.com\/IMG\/logo\/cp-3.png","alt":"","caption":"","mime_type":"image\/png","width":0,"height":0,"sizes":{"thumbnail":{"url":"https:\/\/fr-images.igihe.com\/IMG\/logo\/cp-3.png","width":1,"height":1},"medium":{"url":"https:\/\/fr-images.igihe.com\/IMG\/logo\/cp-3.png","width":1,"height":1},"medium_large":{"url":"https:\/\/fr-images.igihe.com\/IMG\/logo\/cp-3.png","width":1,"height":1},"large":{"url":"https:\/\/fr-images.igihe.com\/IMG\/logo\/cp-3.png","width":1,"height":1},"full":{"url":"https:\/\/fr-images.igihe.com\/IMG\/logo\/cp-3.png","width":0,"height":0}}},"_links":{"self":[{"href":"https:\/\/new.igihe.com\/french\/wp-json\/wp\/v2\/posts\/37857","targetHints":{"allow":["GET"]}}],"collection":[{"href":"https:\/\/new.igihe.com\/french\/wp-json\/wp\/v2\/posts"}],"about":[{"href":"https:\/\/new.igihe.com\/french\/wp-json\/wp\/v2\/types\/post"}],"author":[{"embeddable":true,"href":"https:\/\/new.igihe.com\/french\/wp-json\/wp\/v2\/users\/488"}],"replies":[{"embeddable":true,"href":"https:\/\/new.igihe.com\/french\/wp-json\/wp\/v2\/comments?post=37857"}],"version-history":[{"count":0,"href":"https:\/\/new.igihe.com\/french\/wp-json\/wp\/v2\/posts\/37857\/revisions"}],"wp:featuredmedia":[{"embeddable":true,"href":"https:\/\/new.igihe.com\/french\/wp-json\/wp\/v2\/media\/4000061990"}],"wp:attachment":[{"href":"https:\/\/new.igihe.com\/french\/wp-json\/wp\/v2\/media?parent=37857"}],"wp:term":[{"taxonomy":"category","embeddable":true,"href":"https:\/\/new.igihe.com\/french\/wp-json\/wp\/v2\/categories?post=37857"},{"taxonomy":"post_tag","embeddable":true,"href":"https:\/\/new.igihe.com\/french\/wp-json\/wp\/v2\/tags?post=37857"},{"taxonomy":"byline","embeddable":true,"href":"https:\/\/new.igihe.com\/french\/wp-json\/wp\/v2\/byline?post=37857"},{"taxonomy":"hashtag","embeddable":true,"href":"https:\/\/new.igihe.com\/french\/wp-json\/wp\/v2\/hashtag?post=37857"}],"curies":[{"name":"wp","href":"https:\/\/api.w.org\/{rel}","templated":true}]}}