{"id":37855,"date":"2025-06-04T13:08:15","date_gmt":"2025-06-04T13:08:15","guid":{"rendered":"https:\/\/new.igihe.com\/french\/La-Rwanda-Convention-signe-son-grand-retour-aux-Etats-Unis-37855\/"},"modified":"2025-06-09T10:16:57","modified_gmt":"2025-06-09T10:16:57","slug":"La-Rwanda-Convention-signe-son-grand-retour-aux-Etats-Unis","status":"publish","type":"post","link":"https:\/\/new.igihe.com\/french\/La-Rwanda-Convention-signe-son-grand-retour-aux-Etats-Unis\/","title":{"rendered":"La &#8216;Rwanda Convention&#8217; signe son grand retour aux \u00c9tats-Unis"},"content":{"rendered":"<p>Pendant trois jours, les participants prendront part \u00e0 des activit\u00e9s portant sur la richesse de la culture rwandaise, des moments d\u2019\u00e9change et de convivialit\u00e9, ainsi que des discussions ax\u00e9es sur la contribution de chacun au d\u00e9veloppement du pays.<\/p>\n<p>L\u2019\u00e9dition 2025 de la \u00ab Rwanda Convention \u00bb rev\u00eat un caract\u00e8re particulier, car elle co\u00efncidera avec les c\u00e9l\u00e9brations de la 31e comm\u00e9moration de la Lib\u00e9ration du Rwanda, ainsi que de la f\u00eate de l\u2019Ind\u00e9pendance des \u00c9tats-Unis.<\/p>\n<p>L\u2019Ambassadrice du Rwanda aux \u00c9tats-Unis, Mukantabana Mathilde, a soulign\u00e9 l\u2019importance de cette convention, invitant les Rwandais \u00e0 s\u2019inscrire afin de ne pas manquer ce rendez-vous majeur.<\/p>\n<p>\u00ab Cet \u00e9v\u00e9nement nous offre une occasion de nous retrouver entre Rwandais, de renforcer nos liens et de partager des moments chaleureux. Venez nombreux c\u00e9l\u00e9brer dans la joie et la convivialit\u00e9. De nombreuses activit\u00e9s sont pr\u00e9vues : rencontres autour du commerce, \u00e9changes entre participants et opportunit\u00e9s pour les jeunes de se rencontrer et de tisser des liens \u00bb, a-t-elle d\u00e9clar\u00e9.<\/p>\n<p>L\u2019Ambassadrice a \u00e9galement indiqu\u00e9 qu\u2019il s\u2019agira d\u2019une opportunit\u00e9 unique pour les entreprises rwandaises de rencontrer les membres de la diaspora vivant aux \u00c9tats-Unis et de leur pr\u00e9senter leurs services et produits.<\/p>\n<p>\u00ab Cette rencontre r\u00e9unira un grand nombre de Rwandais ainsi que des amis du Rwanda. C\u2019est pourquoi nous avons invit\u00e9 des entreprises rwandaises \u00e0 venir \u00e0 leur rencontre, \u00e9changer et nouer des partenariats. Aujourd\u2019hui, de plus en plus de personnes, qu\u2019elles soient Rwandaises ou amies du Rwanda, choisissent d\u2019investir dans le pays \u00bb, a-t-elle ajout\u00e9.<\/p>\n<p>{{Le Rwanda s\u2019invite aux \u00c9tats-Unis}}<\/p>\n<p>Les participants au &#8216;Rwanda Convention 2025&#8217; auront l\u2019impression de se retrouver au Rwanda, tant les services propos\u00e9s sur place seront complets. Des institutions publiques comme priv\u00e9es seront repr\u00e9sent\u00e9es afin de r\u00e9pondre \u00e0 tous les besoins des participants.<\/p>\n<p>Le pr\u00e9sident de l\u2019Association des Rwandais de Dallas-Fort Worth, membre du comit\u00e9 d\u2019organisation de l\u2019\u00e9v\u00e9nement, a soulign\u00e9 que cette convention constitue une occasion pour la diaspora de se rencontrer, d\u2019\u00e9changer, de partager et de comm\u00e9morer collectivement la Lib\u00e9ration du Rwanda.<\/p>\n<p>\u00ab Ce sera l\u2019occasion de se r\u00e9unir et de d\u00e9couvrir les activit\u00e9s pr\u00e9vues. Il y aura des banques, des institutions publiques, la PSF [F\u00e9d\u00e9ration du secteur priv\u00e9], divers services et bien d\u2019autres choses encore. Chacun doit venir pr\u00eat \u00e0 saisir les opportunit\u00e9s offertes par ce grand rassemblement. \u00bb, a-t-il d\u00e9clar\u00e9.<\/p>\n<p>Mazimpaka, membre de la communaut\u00e9 rwandaise vivant au Texas et l\u2019un des organisateurs des activit\u00e9s sportives lors de la rencontre, a expliqu\u00e9 :<\/p>\n<p>\u00ab Les jeunes participeront \u00e0 des ateliers de sensibilisation visant \u00e0 les encourager \u00e0 se d\u00e9velopper personnellement et professionnellement. Ils prendront \u00e9galement part \u00e0 des comp\u00e9titions de basketball, football et volleyball. \u00bb<\/p>\n<p>Parmi les participants, on retrouvera d\u2019anciens joueurs de l\u2019\u00e9quipe nationale de volleyball et de basketball r\u00e9sidant aux \u00c9tats-Unis, dont la pr\u00e9sence a pour but d\u2019inspirer les jeunes et de les inciter \u00e0 suivre un bon exemple.<\/p>\n<p>\u00ab Des enfants de moins de 18 ans participeront \u00e9galement aux tournois de basketball, avec une s\u00e9lection pr\u00e9vue pour repr\u00e9senter la diaspora lors du championnat panafricain de basketball qui se tiendra au Rwanda en septembre 2025. \u00bb, a-t-il ajout\u00e9.<\/p>\n<p>Les comp\u00e9titions se tiendront le 4 juillet, de 10 h \u00e0 15 h. Les panels de discussion, incluant des th\u00e9matiques autour de la jeunesse et de la culture, auront lieu le lendemain.<\/p>\n<p>{{La culture traditionnelle \u00e0 l\u2019honneur \u00bb}}<\/p>\n<p>La &#8221; Rwanda Convention 2025 &#8221; r\u00e9unira des Rwandais de tous horizons, venus notamment des \u00c9tats-Unis, du Canada, d\u2019Europe, du Rwanda, ainsi que d\u2019autres r\u00e9gions du monde.<\/p>\n<p>L\u2019un des objectifs majeurs de cet \u00e9v\u00e9nement est de permettre aux participants de se retrouver, d\u2019\u00e9changer, de faire connaissance et de discuter des opportunit\u00e9s existantes tant au Rwanda qu\u2019aux \u00c9tats-Unis.<\/p>\n<p>Iraba Clenia, membre du comit\u00e9 d\u2019organisation du &#8221; Rwanda Convention 2025 &#8220;, a indiqu\u00e9 que la culture traditionnelle y sera particuli\u00e8rement c\u00e9l\u00e9br\u00e9e.<\/p>\n<p>\u00ab Une exposition mettra en lumi\u00e8re les produits fabriqu\u00e9s au Rwanda. Des chants et danses traditionnels seront pr\u00e9sent\u00e9s, ainsi qu\u2019un d\u00e9fil\u00e9 de tenues traditionnelles rwandaises. Par ailleurs, des conf\u00e9rences historiques seront anim\u00e9es par des sp\u00e9cialistes du domaine. \u00bb a-t-elle expliqu\u00e9. <\/p>\n<p>Elle a precis\u00e9 que d\u2019autres activit\u00e9s sont \u00e9galement pr\u00e9vues pour permettre aux Rwandais et \u00e0 leurs amis de mieux comprendre la richesse unique du Rwanda.<\/p>\n<p>\u00ab Cet \u00e9v\u00e9nement s\u2019adresse tout particuli\u00e8rement \u00e0 la jeunesse, car l\u2019avenir de notre pays repose entre leurs mains. Ils doivent venir pour s\u2019impr\u00e9gner de notre culture, mieux conna\u00eetre l\u2019histoire qui nous a fa\u00e7onn\u00e9s, d\u00e9couvrir les opportunit\u00e9s qui s\u2019offrent \u00e0 eux, et prendre pleinement conscience de leur r\u00f4le dans le d\u00e9veloppement futur de notre pays. \u00bb a d\u00e9clar\u00e9 Iraba.<\/p>\n<p>Les participants \u00e0 cet \u00e9v\u00e9nement auront l\u2019opportunit\u00e9 de prendre part \u00e0 diverses activit\u00e9s sportives, notamment le football, le basketball, le volleyball, ainsi qu\u2019\u00e0 des jeux \u00e9ducatifs con\u00e7us pour approfondir la connaissance et la pr\u00e9servation de l\u2019histoire ancestrale.<\/p>\n<p>L\u2019\u00e9v\u00e9nement accueillera \u00e9galement des artistes de renom issus du Rwanda et des \u00c9tats-Unis, qui contribueront \u00e0 animer les festivit\u00e9s et \u00e0 divertir les participants.<\/p>\n<p>Parmi les t\u00eates d\u2019affiche attendues figurent The Ben, Meddy et Intore Massamba, qui promettent d\u2019enchanter le public.<\/p>\n<p>\u00ab Nous avons d\u00e9j\u00e0 bien avanc\u00e9 dans les pr\u00e9paratifs et l\u2019organisation de ces \u00e9v\u00e9nements \u00bb, a d\u00e9clar\u00e9 Ernesto Ugeziwe, membre de la communaut\u00e9 rwandaise r\u00e9sidant au Texas et l\u2019un des organisateurs des activit\u00e9s r\u00e9cr\u00e9atives de la convention.<\/p>\n<p>Le premier concert, qui marquera la c\u00e9l\u00e9bration de la Journ\u00e9e de la Lib\u00e9ration, se tiendra le 4 juillet et sera anim\u00e9 par Intore Massamba.<\/p>\n<p>Le lendemain, un concert d\u00e9di\u00e9 \u00e0 la jeunesse sera organis\u00e9, anim\u00e9 par l\u2019artiste The Ben, accompagn\u00e9 d\u2019autres musiciens et DJs sp\u00e9cialis\u00e9s en mixage, tous bas\u00e9s aux \u00c9tats-Unis.<\/p>\n<p>\u00ab Nous avons \u00e9galement un groupe d\u2019artistes venus du Rwanda pr\u00eats \u00e0 se produire, \u00bb a pr\u00e9cis\u00e9 Ugeziwe.<\/p>\n<p>La &#8221; Rwanda Convention 2025 &#8221; s\u2019ach\u00e8vera par une session de pri\u00e8re, &#8216;l&#8217;USRCA Prayer Breakfast&#8217;, o\u00f9 l\u2019ap\u00f4tre Paul Gitwaza officiera en tant que pr\u00e9dicateur, tandis que l\u2019artiste Meddy dirigera les moments de louange et d\u2019adoration.<\/p>\n<p>Au-del\u00e0 des spectacles et des retrouvailles, un \u00e9v\u00e9nement comme la &#8221; Rwanda Convention 2025 &#8221; permet aux Rwandais de renforcer leur solidarit\u00e9 et contribuer activement au d\u00e9veloppement de leur pays d\u2019origine, notamment par des investissements dans divers secteurs.<\/p>\n<p>En 2024, les transferts de fonds de la diaspora vers le Rwanda ont atteint 505 millions de dollars am\u00e9ricains.<\/p>\n<p>En Outre, plus de 1 500 personnes sont attendues \u00e0 cet \u00e9v\u00e9nement.<\/p>\n<p>Pour vous inscrire, cliquez ici : https:\/\/rwandaconvention.com\/<\/p>\n<figure class=\"spip-document spip-document-61989 aligncenter\"><img decoding=\"async\" src=\"https:\/\/fr.igihe.com\/IMG\/jpg\/rc-2.jpg\" alt=\"Apr\u00e8s six ans d\u2019interruption la \u00ab Rwanda Convention \u00bb revient du 4 au 6 juillet 2025 au Irving Convention Center, au Texas\" \/><\/figure>\n","protected":false},"excerpt":{"rendered":"<p>Apr\u00e8s six ans d\u2019interruption, la \u00ab Rwanda Convention \u00bb revient du 4 au 6 juillet 2025 au Irving Convention Center, au Texas. Tr\u00e8s attendu, cet \u00e9v\u00e9nement rassemblera aussi bien les Rwandais de la diaspora que ceux r\u00e9sidant au pays, autour d\u2019un programme diversifi\u00e9 m\u00ealant culture, \u00e9changes, sport et d\u00e9veloppement.<\/p>\n","protected":false},"author":488,"featured_media":4000061988,"comment_status":"open","ping_status":"open","sticky":false,"template":"","format":"standard","meta":{"footnotes":""},"categories":[7529],"tags":[7605],"byline":[7717],"hashtag":[],"class_list":["post-37855","post","type-post","status-publish","format-standard","has-post-thumbnail","hentry","category-actualite-3","tag-homenews","byline-igihe"],"bylines":[{"id":7717,"name":"IGIHE","slug":"igihe","description":"","image":{"id":0,"url":"https:\/\/secure.gravatar.com\/avatar\/?s=96&d=mm&f=y&r=g","alt":"Default avatar","title":"Default avatar","caption":"","mime_type":"image\/jpeg","sizes":[]},"user_id":393}],"contributors":[{"id":7717,"name":"IGIHE","slug":"igihe","description":"","image":{"id":0,"url":"https:\/\/secure.gravatar.com\/avatar\/?s=96&d=mm&f=y&r=g","alt":"Default avatar","title":"Default avatar","caption":"","mime_type":"image\/jpeg","sizes":[]},"user_id":393}],"featured_image":{"id":4000061988,"url":"https:\/\/fr-images.igihe.com\/IMG\/logo\/rc_cp-2.jpg","alt":"","caption":"","mime_type":"image\/jpeg","width":0,"height":0,"sizes":{"thumbnail":{"url":"https:\/\/fr-images.igihe.com\/IMG\/logo\/rc_cp-2.jpg","width":1,"height":1},"medium":{"url":"https:\/\/fr-images.igihe.com\/IMG\/logo\/rc_cp-2.jpg","width":1,"height":1},"medium_large":{"url":"https:\/\/fr-images.igihe.com\/IMG\/logo\/rc_cp-2.jpg","width":1,"height":1},"large":{"url":"https:\/\/fr-images.igihe.com\/IMG\/logo\/rc_cp-2.jpg","width":1,"height":1},"full":{"url":"https:\/\/fr-images.igihe.com\/IMG\/logo\/rc_cp-2.jpg","width":0,"height":0}}},"_links":{"self":[{"href":"https:\/\/new.igihe.com\/french\/wp-json\/wp\/v2\/posts\/37855","targetHints":{"allow":["GET"]}}],"collection":[{"href":"https:\/\/new.igihe.com\/french\/wp-json\/wp\/v2\/posts"}],"about":[{"href":"https:\/\/new.igihe.com\/french\/wp-json\/wp\/v2\/types\/post"}],"author":[{"embeddable":true,"href":"https:\/\/new.igihe.com\/french\/wp-json\/wp\/v2\/users\/488"}],"replies":[{"embeddable":true,"href":"https:\/\/new.igihe.com\/french\/wp-json\/wp\/v2\/comments?post=37855"}],"version-history":[{"count":0,"href":"https:\/\/new.igihe.com\/french\/wp-json\/wp\/v2\/posts\/37855\/revisions"}],"wp:featuredmedia":[{"embeddable":true,"href":"https:\/\/new.igihe.com\/french\/wp-json\/wp\/v2\/media\/4000061988"}],"wp:attachment":[{"href":"https:\/\/new.igihe.com\/french\/wp-json\/wp\/v2\/media?parent=37855"}],"wp:term":[{"taxonomy":"category","embeddable":true,"href":"https:\/\/new.igihe.com\/french\/wp-json\/wp\/v2\/categories?post=37855"},{"taxonomy":"post_tag","embeddable":true,"href":"https:\/\/new.igihe.com\/french\/wp-json\/wp\/v2\/tags?post=37855"},{"taxonomy":"byline","embeddable":true,"href":"https:\/\/new.igihe.com\/french\/wp-json\/wp\/v2\/byline?post=37855"},{"taxonomy":"hashtag","embeddable":true,"href":"https:\/\/new.igihe.com\/french\/wp-json\/wp\/v2\/hashtag?post=37855"}],"curies":[{"name":"wp","href":"https:\/\/api.w.org\/{rel}","templated":true}]}}