{"id":37854,"date":"2025-06-04T15:30:21","date_gmt":"2025-06-04T15:30:21","guid":{"rendered":"https:\/\/new.igihe.com\/french\/Crise-neerlandaise-et-peril-europeen-37854\/"},"modified":"2025-06-04T15:29:31","modified_gmt":"2025-06-04T15:29:31","slug":"Crise-neerlandaise-et-peril-europeen","status":"publish","type":"post","link":"https:\/\/new.igihe.com\/french\/Crise-neerlandaise-et-peril-europeen\/","title":{"rendered":"Crise n\u00e9erlandaise et p\u00e9ril europ\u00e9en"},"content":{"rendered":"<p>Ce d\u00e9sengagement, motiv\u00e9 par l\u2019absence d\u2019un accord sur le durcissement de la politique migratoire, cheval de bataille obsessionnel du PVV, met en lumi\u00e8re les profondes tensions id\u00e9ologiques qui d\u00e9chirent les d\u00e9mocraties europ\u00e9ennes, prisonni\u00e8res d\u2019un populisme qu\u2019elles ont, dans leur impr\u00e9voyance, souvent contribu\u00e9 \u00e0 l\u00e9gitimer.<\/p>\n<p>Le refus de cosigner un plan commun sur l\u2019asile a suffi \u00e0 briser une coalition d\u00e9j\u00e0 fragile, fruit d\u2019un compromis improbable entre des forces antagonistes. Et dans cette rupture, se r\u00e9v\u00e8le une constante du populisme contemporain : son usage instrumental des institutions d\u00e9mocratiques comme leviers de d\u00e9stabilisation. <\/p>\n<p>En retirant son soutien au gouvernement sans assumer les charges du pouvoir, Geert Wilders illustre \u00e0 merveille cette posture paradoxale d\u2019un courant politique qui conspue l\u2019ordre \u00e9tabli tout en s\u2019en nourrissant, qui invoque la volont\u00e9 populaire tout en minant les fondements d\u00e9lib\u00e9ratifs du politique.<\/p>\n<p>La pr\u00e9cipitation du roi Willem-Alexander \u00e0 \u00e9courter sa visite d\u2019\u00c9tat en R\u00e9publique tch\u00e8que, face \u00e0 ce bouleversement institutionnel, t\u00e9moigne de la gravit\u00e9 de la crise : ce n\u2019est pas seulement un gouvernement qui vacille, mais bien un pilier de la d\u00e9mocratie parlementaire n\u00e9erlandaise, r\u00e9put\u00e9e pour sa stabilit\u00e9 et son pragmatisme. <\/p>\n<p>\u00c0 travers les Pays-Bas, c\u2019est l\u2019ensemble du continent europ\u00e9en qui est confront\u00e9 \u00e0 une lame de fond : l\u2019irr\u00e9sistible ascension des forces dites \u00ab anti-syst\u00e8me \u00bb, dont les discours virulents et \u00e9motionnels s\u2019alimentent des fractures identitaires, de l\u2019ins\u00e9curit\u00e9 culturelle et de la d\u00e9fiance g\u00e9n\u00e9ralis\u00e9e envers les \u00e9lites traditionnelles.<\/p>\n<p>Derri\u00e8re le masque de la r\u00e9bellion, les partis populistes europ\u00e9ens du PVV aux Fr\u00e8res d\u2019Italie, du Rassemblement national en France \u00e0 l\u2019AfD allemande jouent une partition redoutablement coh\u00e9rente. Ils orchestrent une dramaturgie politique fond\u00e9e sur la peur : peur de l\u2019Autre, peur du d\u00e9clin, peur de la dilution civilisationnelle. <\/p>\n<p>Leur rh\u00e9torique manich\u00e9enne oppose une nation id\u00e9alis\u00e9e \u00e0 des ennemis int\u00e9rieurs et ext\u00e9rieurs, pr\u00e9sent\u00e9s comme les agents d\u2019une subversion cosmopolite ou islamisante. Ce faisant, ils reconqui\u00e8rent des \u00e9lectorats d\u00e9boussol\u00e9s, fatigu\u00e9s de compromis technocratiques et assoiff\u00e9s de r\u00e9cits forts.<\/p>\n<p>Mais le danger de cette pouss\u00e9e est moins dans sa v\u00e9h\u00e9mence que dans sa capacit\u00e9 \u00e0 corroder les principes m\u00eames de la d\u00e9mocratie lib\u00e9rale. En pr\u00e9tendant redonner la parole au \u00ab peuple \u00bb, ces mouvements essentialisent ce dernier, le r\u00e9duisant \u00e0 une fiction homog\u00e8ne o\u00f9 toute dissidence devient trahison. <\/p>\n<p>Ils fragilisent la pluralit\u00e9, polarisent l\u2019espace public et sapent l\u2019\u00c9tat de droit sous couvert de restaurer l\u2019ordre. Ils participent d\u2019une crise civilisationnelle plus vaste, o\u00f9 l\u2019Europe, d\u00e9sorient\u00e9e par la globalisation, le vieillissement de ses populations et la fatigue de ses id\u00e9aux universalistes, semble h\u00e9siter entre r\u00e9silience d\u00e9mocratique et tentation autoritaire.<\/p>\n<p>L\u2019affaire Wilders n\u2019est pas un \u00e9piph\u00e9nom\u00e8ne national, mais le sympt\u00f4me d\u2019un malaise continental. L\u2019Europe, vieille de ses gloires pass\u00e9es et lasse de ses propres exigences, vacille devant la mont\u00e9e d\u2019une radicalit\u00e9 que l\u2019on croyait contenue. Si elle ne parvient pas \u00e0 r\u00e9enchanter le projet d\u00e9mocratique par une parole claire, incarn\u00e9e et exigeante, elle risque de c\u00e9der, sous les assauts conjugu\u00e9s de la peur, de la col\u00e8re et de la nostalgie, \u00e0 ceux qui exploitent le syst\u00e8me pour mieux\u00a0le\u00a0dissoudre.<\/p>\n<figure class=\"spip-document spip-document-61987 aligncenter\"><img decoding=\"async\" src=\"https:\/\/fr.igihe.com\/IMG\/png\/screenshot_16_.png\" alt=\"Le retrait brutal de Geert Wilders, chef du PVV, a provoqu\u00e9 la chute du gouvernement de Dick Schoof\" \/><\/figure>\n","protected":false},"excerpt":{"rendered":"<p>La sc\u00e8ne politique n\u00e9erlandaise vient de conna\u00eetre une secousse sismique dont l\u2019\u00e9picentre r\u00e9sonne bien au-del\u00e0 de La Haye. Par son retrait fracassant de la coalition gouvernementale, le tribun d\u2019extr\u00eame droite Geert Wilders, chef de file du Parti pour la libert\u00e9 (PVV), a pr\u00e9cipit\u00e9 la chute de l\u2019ex\u00e9cutif dirig\u00e9 par Dick Schoof, figure ind\u00e9pendante issue des hautes sph\u00e8res de l\u2019administration. <\/p>\n","protected":false},"author":488,"featured_media":4000061985,"comment_status":"open","ping_status":"open","sticky":false,"template":"","format":"standard","meta":{"footnotes":""},"categories":[7544],"tags":[7605],"byline":[9102],"hashtag":[],"class_list":["post-37854","post","type-post","status-publish","format-standard","has-post-thumbnail","hentry","category-politique","tag-homenews","byline-tite-gatabazi"],"bylines":[{"id":9102,"name":"Tite Gatabazi","slug":"tite-gatabazi","description":"","image":{"id":0,"url":"https:\/\/secure.gravatar.com\/avatar\/?s=96&d=mm&f=y&r=g","alt":"Default avatar","title":"Default avatar","caption":"","mime_type":"image\/jpeg","sizes":[]},"user_id":472}],"contributors":[{"id":9102,"name":"Tite Gatabazi","slug":"tite-gatabazi","description":"","image":{"id":0,"url":"https:\/\/secure.gravatar.com\/avatar\/?s=96&d=mm&f=y&r=g","alt":"Default avatar","title":"Default avatar","caption":"","mime_type":"image\/jpeg","sizes":[]},"user_id":472}],"featured_image":{"id":4000061985,"url":"https:\/\/fr-images.igihe.com\/IMG\/logo\/ed_cp.jpg","alt":"","caption":"","mime_type":"image\/jpeg","width":0,"height":0,"sizes":{"thumbnail":{"url":"https:\/\/fr-images.igihe.com\/IMG\/logo\/ed_cp.jpg","width":1,"height":1},"medium":{"url":"https:\/\/fr-images.igihe.com\/IMG\/logo\/ed_cp.jpg","width":1,"height":1},"medium_large":{"url":"https:\/\/fr-images.igihe.com\/IMG\/logo\/ed_cp.jpg","width":1,"height":1},"large":{"url":"https:\/\/fr-images.igihe.com\/IMG\/logo\/ed_cp.jpg","width":1,"height":1},"full":{"url":"https:\/\/fr-images.igihe.com\/IMG\/logo\/ed_cp.jpg","width":0,"height":0}}},"_links":{"self":[{"href":"https:\/\/new.igihe.com\/french\/wp-json\/wp\/v2\/posts\/37854","targetHints":{"allow":["GET"]}}],"collection":[{"href":"https:\/\/new.igihe.com\/french\/wp-json\/wp\/v2\/posts"}],"about":[{"href":"https:\/\/new.igihe.com\/french\/wp-json\/wp\/v2\/types\/post"}],"author":[{"embeddable":true,"href":"https:\/\/new.igihe.com\/french\/wp-json\/wp\/v2\/users\/488"}],"replies":[{"embeddable":true,"href":"https:\/\/new.igihe.com\/french\/wp-json\/wp\/v2\/comments?post=37854"}],"version-history":[{"count":0,"href":"https:\/\/new.igihe.com\/french\/wp-json\/wp\/v2\/posts\/37854\/revisions"}],"wp:featuredmedia":[{"embeddable":true,"href":"https:\/\/new.igihe.com\/french\/wp-json\/wp\/v2\/media\/4000061985"}],"wp:attachment":[{"href":"https:\/\/new.igihe.com\/french\/wp-json\/wp\/v2\/media?parent=37854"}],"wp:term":[{"taxonomy":"category","embeddable":true,"href":"https:\/\/new.igihe.com\/french\/wp-json\/wp\/v2\/categories?post=37854"},{"taxonomy":"post_tag","embeddable":true,"href":"https:\/\/new.igihe.com\/french\/wp-json\/wp\/v2\/tags?post=37854"},{"taxonomy":"byline","embeddable":true,"href":"https:\/\/new.igihe.com\/french\/wp-json\/wp\/v2\/byline?post=37854"},{"taxonomy":"hashtag","embeddable":true,"href":"https:\/\/new.igihe.com\/french\/wp-json\/wp\/v2\/hashtag?post=37854"}],"curies":[{"name":"wp","href":"https:\/\/api.w.org\/{rel}","templated":true}]}}