{"id":37846,"date":"2025-06-03T17:16:00","date_gmt":"2025-06-03T17:16:00","guid":{"rendered":"https:\/\/new.igihe.com\/french\/Kinshasa-censure-toute-information-concernant-Joseph-Kabila-et-son-parti-37846\/"},"modified":"2025-06-03T17:15:17","modified_gmt":"2025-06-03T17:15:17","slug":"Kinshasa-censure-toute-information-concernant-Joseph-Kabila-et-son-parti","status":"publish","type":"post","link":"https:\/\/new.igihe.com\/french\/Kinshasa-censure-toute-information-concernant-Joseph-Kabila-et-son-parti\/","title":{"rendered":"Kinshasa censure toute information concernant Joseph Kabila et son parti"},"content":{"rendered":"<p>Cette d\u00e9cision, annonc\u00e9e le 2 juin 2025, intervient alors que Joseph Kabila poursuit des consultations avec divers groupes dans les zones de l\u2019Est du pays contr\u00f4l\u00e9es par la coalition AFC\/M23.<\/p>\n<p>\u00ab \u00c0 compter de ce jour, a d\u00e9clar\u00e9 Christian Bosembe, il est formellement interdit aux journalistes et aux organes de presse de publier des informations sur les dirigeants du PPRD, de s\u2019exprimer \u00e0 leur sujet ou de leur accorder une quelconque tribune. Il est \u00e9galement interdit de relayer les propos ou les activit\u00e9s de Joseph Kabila. \u00bb<\/p>\n<p>Ceci-dit, Lawrence Kanyuka, porte-parole de la coalition AFC\/M23, a pr\u00e9cis\u00e9 que cette interdiction ne concerne pas les journalistes exer\u00e7ant dans les zones sous contr\u00f4le de l\u2019alliance.<\/p>\n<p>\u00ab La d\u00e9cision du gouvernement de Kinshasa d\u2019interdire la diffusion d\u2019informations relatives aux activit\u00e9s du pr\u00e9sident Joseph Kabila Kabange ne s\u2019applique pas aux journalistes et aux m\u00e9dias op\u00e9rant dans les zones que nous avons lib\u00e9r\u00e9es \u00bb, a-t-il indiqu\u00e9.<\/p>\n<p>Le gouvernement de la RDC accuse Joseph Kabila de trahison, d\u2019appartenance \u00e0 un groupe arm\u00e9 ill\u00e9gal, ainsi que de crimes de guerre et de crimes contre l\u2019humanit\u00e9, pointant du doigt un r\u00f4le pr\u00e9sum\u00e9 de leader au sein de l\u2019AFC\/M23.<\/p>\n<p>En revanche, le site &#8216;Reconstruire la RDC&#8217;, fond\u00e9 par Joseph Kabila, affirme que sa pr\u00e9sence \u00e0 Goma s\u2019inscrit dans une d\u00e9marche de paix, en contradiction avec les accusations du gouvernement.<\/p>\n<p>Par ailleurs, Joseph Kabila a re\u00e7u le m\u00eame jour, \u00e0 sa r\u00e9sidence de Kinyogote pr\u00e8s de Goma, une d\u00e9l\u00e9gation du Mouvement Radical pour le Changement (MRC), mandat\u00e9e par Franck Diongo, opposant \u00e0 F\u00e9lix Tshisekedi. La d\u00e9l\u00e9gation a r\u00e9affirm\u00e9 l\u2019engagement du MRC \u00e0 soutenir l\u2019unit\u00e9 nationale et \u00e0 r\u00e9pondre \u00e0 l\u2019appel de Kabila en faveur du rel\u00e8vement du pays.<\/p>\n<p>R\u00e9fugi\u00e9 politique en Belgique depuis juin 2024, Franck Diongo demeure l\u2019un des opposants les plus virulents au pr\u00e9sident F\u00e9lix Tshisekedi. \u00c0 plusieurs reprises, il a d\u00e9nonc\u00e9 avec v\u00e9h\u00e9mence le r\u00e9gime en place, qu\u2019il qualifie de \u00ab sanglant \u00bb, l\u2019accusant de graves violations des droits humains, de pratiques r\u00e9pressives, de corruption g\u00e9n\u00e9ralis\u00e9e, et de menace contre l\u2019unit\u00e9 nationale.<\/p>\n<p>Depuis son retour fin mai, Kabila a men\u00e9 plusieurs initiatives, notamment des rencontres avec des leaders religieux, des repr\u00e9sentants du M23 et des associations de jeunes.<\/p>\n<p>Ces d\u00e9marches font suite \u00e0 son allocution du 23 mai, au cours de laquelle il a pr\u00e9sent\u00e9 une feuille de route r\u00e9partie en douze points visant \u00e0 mettre fin \u00e0 la violence et \u00e0 reconstruire la RDC, comprenant notamment le retrait des forces \u00e9trang\u00e8res, le d\u00e9sarmement des groupes arm\u00e9s et le renforcement de la coop\u00e9ration r\u00e9gionale.<\/p>\n<figure class=\"spip-document spip-document-61961 aligncenter\"><img decoding=\"async\" src=\"https:\/\/fr.igihe.com\/IMG\/jpg\/cb-4.jpg\" alt=\"Le pr\u00e9sident de la &#039;CSAC&#039; de la RDC, Christian Bosembe, a interdit aux m\u00e9dias de diffuser toute information relative \u00e0 Joseph Kabila et \u00e0 son parti, le \u2019PPRD\u2019\" \/><\/figure>\n<figure class=\"spip-document spip-document-61962 aligncenter\"><img decoding=\"async\" src=\"https:\/\/fr.igihe.com\/IMG\/jpg\/jkb-7.jpg\" alt=\"Le gouvernement de la RDC accuse Joseph Kabila de trahison, d\u2019appartenance \u00e0 un groupe arm\u00e9 ill\u00e9gal, ainsi que de crimes de guerre et crimes contre l\u2019humanit\u00e9\" \/><\/figure>\n","protected":false},"excerpt":{"rendered":"<p>Le pr\u00e9sident du Conseil sup\u00e9rieur de l\u2019audiovisuel et de la communication (CSAC) de la R\u00e9publique d\u00e9mocratique du Congo, Christian Bosembe, a interdit aux m\u00e9dias de diffuser toute information relative \u00e0 Joseph Kabila et \u00e0 son parti, le &#8216;PPRD&#8217;.<\/p>\n","protected":false},"author":488,"featured_media":4000061960,"comment_status":"open","ping_status":"open","sticky":false,"template":"","format":"standard","meta":{"footnotes":""},"categories":[7544],"tags":[7605],"byline":[9865],"hashtag":[],"class_list":["post-37846","post","type-post","status-publish","format-standard","has-post-thumbnail","hentry","category-politique","tag-homenews","byline-alain-bertrand-tunezerwe"],"bylines":[{"id":9865,"name":"Alain Bertrand Tunezerwe","slug":"alain-bertrand-tunezerwe","description":"","image":{"id":0,"url":"https:\/\/secure.gravatar.com\/avatar\/?s=96&d=mm&f=y&r=g","alt":"Default avatar","title":"Default avatar","caption":"","mime_type":"image\/jpeg","sizes":[]},"user_id":452}],"contributors":[{"id":9865,"name":"Alain Bertrand Tunezerwe","slug":"alain-bertrand-tunezerwe","description":"","image":{"id":0,"url":"https:\/\/secure.gravatar.com\/avatar\/?s=96&d=mm&f=y&r=g","alt":"Default avatar","title":"Default avatar","caption":"","mime_type":"image\/jpeg","sizes":[]},"user_id":452}],"featured_image":{"id":4000061960,"url":"https:\/\/fr-images.igihe.com\/IMG\/logo\/jkb_2_cp.jpg","alt":"","caption":"","mime_type":"image\/jpeg","width":0,"height":0,"sizes":{"thumbnail":{"url":"https:\/\/fr-images.igihe.com\/IMG\/logo\/jkb_2_cp.jpg","width":1,"height":1},"medium":{"url":"https:\/\/fr-images.igihe.com\/IMG\/logo\/jkb_2_cp.jpg","width":1,"height":1},"medium_large":{"url":"https:\/\/fr-images.igihe.com\/IMG\/logo\/jkb_2_cp.jpg","width":1,"height":1},"large":{"url":"https:\/\/fr-images.igihe.com\/IMG\/logo\/jkb_2_cp.jpg","width":1,"height":1},"full":{"url":"https:\/\/fr-images.igihe.com\/IMG\/logo\/jkb_2_cp.jpg","width":0,"height":0}}},"_links":{"self":[{"href":"https:\/\/new.igihe.com\/french\/wp-json\/wp\/v2\/posts\/37846","targetHints":{"allow":["GET"]}}],"collection":[{"href":"https:\/\/new.igihe.com\/french\/wp-json\/wp\/v2\/posts"}],"about":[{"href":"https:\/\/new.igihe.com\/french\/wp-json\/wp\/v2\/types\/post"}],"author":[{"embeddable":true,"href":"https:\/\/new.igihe.com\/french\/wp-json\/wp\/v2\/users\/488"}],"replies":[{"embeddable":true,"href":"https:\/\/new.igihe.com\/french\/wp-json\/wp\/v2\/comments?post=37846"}],"version-history":[{"count":0,"href":"https:\/\/new.igihe.com\/french\/wp-json\/wp\/v2\/posts\/37846\/revisions"}],"wp:featuredmedia":[{"embeddable":true,"href":"https:\/\/new.igihe.com\/french\/wp-json\/wp\/v2\/media\/4000061960"}],"wp:attachment":[{"href":"https:\/\/new.igihe.com\/french\/wp-json\/wp\/v2\/media?parent=37846"}],"wp:term":[{"taxonomy":"category","embeddable":true,"href":"https:\/\/new.igihe.com\/french\/wp-json\/wp\/v2\/categories?post=37846"},{"taxonomy":"post_tag","embeddable":true,"href":"https:\/\/new.igihe.com\/french\/wp-json\/wp\/v2\/tags?post=37846"},{"taxonomy":"byline","embeddable":true,"href":"https:\/\/new.igihe.com\/french\/wp-json\/wp\/v2\/byline?post=37846"},{"taxonomy":"hashtag","embeddable":true,"href":"https:\/\/new.igihe.com\/french\/wp-json\/wp\/v2\/hashtag?post=37846"}],"curies":[{"name":"wp","href":"https:\/\/api.w.org\/{rel}","templated":true}]}}