{"id":37844,"date":"2025-06-04T08:35:34","date_gmt":"2025-06-04T08:35:34","guid":{"rendered":"https:\/\/new.igihe.com\/french\/Le-ciel-europeen-s-empourpre-sous-l-haleine-enflammee-du-Canada-37844\/"},"modified":"2025-06-04T08:34:31","modified_gmt":"2025-06-04T08:34:31","slug":"Le-ciel-europeen-s-empourpre-sous-l-haleine-enflammee-du-Canada","status":"publish","type":"post","link":"https:\/\/new.igihe.com\/french\/Le-ciel-europeen-s-empourpre-sous-l-haleine-enflammee-du-Canada\/","title":{"rendered":"Le ciel europ\u00e9en s\u2019empourpre sous l\u2019haleine enflamm\u00e9e du Canada"},"content":{"rendered":"<p>Ces volutes, charg\u00e9es de monoxyde de carbone et d\u2019autres r\u00e9sidus de combustion, ne constituent certes aucun p\u00e9ril sanitaire imm\u00e9diat, car elles \u00e9voluent \u00e0 haute altitude. N\u00e9anmoins, leur pr\u00e9sence visible dans le ciel, signal\u00e9e par des cr\u00e9puscules aux reflets orang\u00e9s et un voile brumeux persistant, agit comme un sympt\u00f4me visuel du d\u00e9r\u00e8glement climatique global.<\/p>\n<p>Les provinces canadiennes du Manitoba et de la Saskatchewan, victimes d\u2019une s\u00e9cheresse persistante et anormale, connaissent actuellement un d\u00e9but de saison des feux d\u2019une violence sans pr\u00e9c\u00e9dent. L\u2019\u00c9tat d\u2019urgence y a \u00e9t\u00e9 d\u00e9cr\u00e9t\u00e9, des milliers de citoyens \u00e9vacu\u00e9s, et des dizaines de milliers d\u2019hectares livr\u00e9s aux flammes. Ce sc\u00e9nario infernal, qui tend \u00e0 devenir la norme, s&#8217;inscrit dans un contexte plan\u00e9taire d\u2019embrasement climatique, o\u00f9 les \u00e9cosyst\u00e8mes, surchauff\u00e9s, s\u2019enflamment \u00e0 la moindre \u00e9tincelle.<\/p>\n<p>Selon les experts du programme europ\u00e9en Copernicus (CAMS), un premier panache de fum\u00e9e a travers\u00e9 la M\u00e9diterran\u00e9e mi-mai, atteignant la Gr\u00e8ce et l\u2019Orient m\u00e9diterran\u00e9en. Un second, bien plus massif, a touch\u00e9 le nord-ouest de l\u2019Europe au d\u00e9but du mois de juin, et d\u2019autres sont attendus dans les jours \u00e0 venir. Ces masses de particules, bien qu\u2019\u00e9voluant dans les couches sup\u00e9rieures de l\u2019atmosph\u00e8re, t\u00e9moignent d\u2019un effondrement silencieux, d\u2019une plan\u00e8te qui \u00e9touffe sous les cons\u00e9quences de ses propres d\u00e9s\u00e9quilibres.<\/p>\n<p>Car le Canada n\u2019est pas seul \u00e0 \u00eatre la proie des flammes. \u00c0 des milliers de kilom\u00e8tres de l\u00e0, dans les immensit\u00e9s orientales de la Russie, les for\u00eats de Sib\u00e9rie notamment \u00e0 l\u2019Est du lac Ba\u00efkal sont ravag\u00e9es par des incendies colossaux depuis le mois d\u2019avril. On estime que ces brasiers ont d\u00e9j\u00e0 rel\u00e2ch\u00e9 plus de 35 m\u00e9gatonnes de carbone dans l\u2019atmosph\u00e8re. Il s\u2019agit l\u00e0 d\u2019une v\u00e9ritable bombe climatique, contribuant \u00e0 l\u2019acc\u00e9l\u00e9ration du r\u00e9chauffement mondial.<\/p>\n<p>Ces manifestations violentes et r\u00e9currentes ne sont pas les caprices erratiques d\u2019une nature fantasque, mais les signes avant-coureurs d\u2019un basculement syst\u00e9mique. Le r\u00e9chauffement climatique nourri par les \u00e9missions anthropiques de gaz \u00e0 effet de serre, la d\u00e9forestation massive, la surexploitation des sols cr\u00e9e un terreau favorable \u00e0 l\u2019expansion des incendies de for\u00eat, \u00e0 l\u2019aridification des terres, et \u00e0 la prolongation des saisons s\u00e8ches. Le climat devient un facteur d\u2019amplification de tous les extr\u00eames.<\/p>\n<p>Selon les autorit\u00e9s canadiennes, les mois \u00e0 venir pourraient \u00eatre &#8220;bien au-dessus de la moyenne&#8221; en termes de danger pyroclimatique, notamment en raison d\u2019une s\u00e9cheresse qualifi\u00e9e de &#8220;grave ou extr\u00eame&#8221; dans plusieurs provinces. Le feu, d\u00e9sormais, ne se contente plus de consumer des territoires : il emporte avec lui les illusions d\u2019une stabilit\u00e9 climatique, r\u00e9v\u00e9lant cr\u00fbment l\u2019\u00e9tendue de la crise \u00e9cologique.<\/p>\n<p>Ainsi, les fum\u00e9es qui d\u00e9rivent au-dessus de l\u2019Europe, loin d\u2019\u00eatre de simples volutes \u00e9th\u00e9r\u00e9es, sont les messag\u00e8res d\u2019un monde qui vacille. Ce sont les ombres flottantes d\u2019un d\u00e9sordre global, les pr\u00e9mices visibles d\u2019un effondrement lent mais inexorable. Le ciel nous parle, encore faut-il vouloir\u00a0l\u2019\u00e9couter.<\/p>\n<figure class=\"spip-document spip-document-61959 aligncenter\"><img decoding=\"async\" src=\"https:\/\/fr.igihe.com\/IMG\/jpg\/cd.jpg\" alt=\"Les cieux d\u2019Europe, ces derniers jours, se sont par\u00e9s d\u2019\u00e9tranges teintes cuivr\u00e9es, rappelant \u00e0 l\u2019homme moderne la pr\u00e9carit\u00e9 de son emprise sur une nature qu\u2019il croyait soumise\" \/><\/figure>\n","protected":false},"excerpt":{"rendered":"<p>Les cieux d\u2019Europe, ces derniers jours, se sont par\u00e9s d\u2019\u00e9tranges teintes cuivr\u00e9es, rappelant \u00e0 l\u2019homme moderne la pr\u00e9carit\u00e9 de son emprise sur une nature qu\u2019il croyait soumise. Ce ph\u00e9nom\u00e8ne, aussi po\u00e9tique qu\u2019alarme\u0301, r\u00e9sulte de la d\u00e9rive inqui\u00e9tante d\u2019un climat d\u00e9r\u00e9gl\u00e9 : des fum\u00e9es issues des incendies titanesques ravageant les for\u00eats canadiennes ont franchi l\u2019Atlantique, venant effleurer l\u2019atmosph\u00e8re du vieux continent.<\/p>\n","protected":false},"author":488,"featured_media":4000061958,"comment_status":"open","ping_status":"open","sticky":false,"template":"","format":"standard","meta":{"footnotes":""},"categories":[7565],"tags":[7605],"byline":[9102],"hashtag":[],"class_list":["post-37844","post","type-post","status-publish","format-standard","has-post-thumbnail","hentry","category-environnement","tag-homenews","byline-tite-gatabazi"],"bylines":[{"id":9102,"name":"Tite Gatabazi","slug":"tite-gatabazi","description":"","image":{"id":0,"url":"https:\/\/secure.gravatar.com\/avatar\/?s=96&d=mm&f=y&r=g","alt":"Default avatar","title":"Default avatar","caption":"","mime_type":"image\/jpeg","sizes":[]},"user_id":472}],"contributors":[{"id":9102,"name":"Tite Gatabazi","slug":"tite-gatabazi","description":"","image":{"id":0,"url":"https:\/\/secure.gravatar.com\/avatar\/?s=96&d=mm&f=y&r=g","alt":"Default avatar","title":"Default avatar","caption":"","mime_type":"image\/jpeg","sizes":[]},"user_id":472}],"featured_image":{"id":4000061958,"url":"https:\/\/fr-images.igihe.com\/IMG\/logo\/cd_cp.jpg","alt":"","caption":"","mime_type":"image\/jpeg","width":0,"height":0,"sizes":{"thumbnail":{"url":"https:\/\/fr-images.igihe.com\/IMG\/logo\/cd_cp.jpg","width":1,"height":1},"medium":{"url":"https:\/\/fr-images.igihe.com\/IMG\/logo\/cd_cp.jpg","width":1,"height":1},"medium_large":{"url":"https:\/\/fr-images.igihe.com\/IMG\/logo\/cd_cp.jpg","width":1,"height":1},"large":{"url":"https:\/\/fr-images.igihe.com\/IMG\/logo\/cd_cp.jpg","width":1,"height":1},"full":{"url":"https:\/\/fr-images.igihe.com\/IMG\/logo\/cd_cp.jpg","width":0,"height":0}}},"_links":{"self":[{"href":"https:\/\/new.igihe.com\/french\/wp-json\/wp\/v2\/posts\/37844","targetHints":{"allow":["GET"]}}],"collection":[{"href":"https:\/\/new.igihe.com\/french\/wp-json\/wp\/v2\/posts"}],"about":[{"href":"https:\/\/new.igihe.com\/french\/wp-json\/wp\/v2\/types\/post"}],"author":[{"embeddable":true,"href":"https:\/\/new.igihe.com\/french\/wp-json\/wp\/v2\/users\/488"}],"replies":[{"embeddable":true,"href":"https:\/\/new.igihe.com\/french\/wp-json\/wp\/v2\/comments?post=37844"}],"version-history":[{"count":0,"href":"https:\/\/new.igihe.com\/french\/wp-json\/wp\/v2\/posts\/37844\/revisions"}],"wp:featuredmedia":[{"embeddable":true,"href":"https:\/\/new.igihe.com\/french\/wp-json\/wp\/v2\/media\/4000061958"}],"wp:attachment":[{"href":"https:\/\/new.igihe.com\/french\/wp-json\/wp\/v2\/media?parent=37844"}],"wp:term":[{"taxonomy":"category","embeddable":true,"href":"https:\/\/new.igihe.com\/french\/wp-json\/wp\/v2\/categories?post=37844"},{"taxonomy":"post_tag","embeddable":true,"href":"https:\/\/new.igihe.com\/french\/wp-json\/wp\/v2\/tags?post=37844"},{"taxonomy":"byline","embeddable":true,"href":"https:\/\/new.igihe.com\/french\/wp-json\/wp\/v2\/byline?post=37844"},{"taxonomy":"hashtag","embeddable":true,"href":"https:\/\/new.igihe.com\/french\/wp-json\/wp\/v2\/hashtag?post=37844"}],"curies":[{"name":"wp","href":"https:\/\/api.w.org\/{rel}","templated":true}]}}