{"id":37840,"date":"2025-06-03T14:27:08","date_gmt":"2025-06-03T14:27:08","guid":{"rendered":"https:\/\/new.igihe.com\/french\/Le-President-Kagame-entame-une-visite-officielle-de-deux-jours-en-Algerie-37840\/"},"modified":"2025-06-07T08:28:24","modified_gmt":"2025-06-07T08:28:24","slug":"Le-President-Kagame-entame-une-visite-officielle-de-deux-jours-en-Algerie","status":"publish","type":"post","link":"https:\/\/new.igihe.com\/french\/Le-President-Kagame-entame-une-visite-officielle-de-deux-jours-en-Algerie\/","title":{"rendered":"Le Pr\u00e9sident Kagame entame une visite officielle de deux jours en Alg\u00e9rie"},"content":{"rendered":"<p>Au cours de cette visite, les deux chefs d\u2019\u00c9tat auront un entretien en t\u00eate-\u00e0-t\u00eate au Palais d\u2019El Mouradia, suivi de r\u00e9unions bilat\u00e9rales entre leurs d\u00e9l\u00e9gations respectives. Ils s\u2019adresseront ensuite conjointement \u00e0 la presse lors d\u2019une conf\u00e9rence de presse conjointe.<\/p>\n<p>Plusieurs accords bilat\u00e9raux entre les gouvernements du Rwanda et de la R\u00e9publique alg\u00e9rienne d\u00e9mocratique et populaire devraient \u00eatre sign\u00e9s \u00e0 cette occasion.<\/p>\n<p>Durant son s\u00e9jour, le Pr\u00e9sident Kagame d\u00e9posera une gerbe au Maqam Echahid (M\u00e9morial des Martyrs), en hommage aux victimes de la guerre d\u2019ind\u00e9pendance alg\u00e9rienne.<\/p>\n<p>Le Chef de l\u2019\u00c9tat devrait \u00e9galement visiter l\u2019\u00c9cole Nationale d\u2019Intelligence Artificielle (ENSIA), o\u00f9 cinq \u00e9tudiants rwandais sont actuellement inscrits dans des programmes sp\u00e9cialis\u00e9s en intelligence artificielle et en science des donn\u00e9es.<\/p>\n<p>Un d\u00eener d\u2019\u00c9tat sera \u00e9galement organis\u00e9 en l\u2019honneur du Pr\u00e9sident Kagame. Il s\u2019agit de sa deuxi\u00e8me visite en R\u00e9publique alg\u00e9rienne d\u00e9mocratique et populaire, apr\u00e8s celle effectu\u00e9e en 2015.<\/p>\n<p>Cette visite s\u2019inscrit dans la continuit\u00e9 des efforts d\u00e9ploy\u00e9s pour renforcer les relations et la coop\u00e9ration entre le Rwanda et l\u2019Alg\u00e9rie. \u00c0 titre d\u2019exemple, le 9 d\u00e9cembre 2024, le Pr\u00e9sident Kagame s\u2019\u00e9tait entretenu avec son homologue alg\u00e9rien, Abdelmadjid Tebboune, afin d\u2019examiner les voies et moyens de consolider cette collaboration.<\/p>\n<p>Cette rencontre, qui s&#8217;\u00e9tait tenue en marge du Forum continental sur l\u2019\u00e9ducation et l\u2019employabilit\u00e9 des jeunes \u00e0 Nouakchott, en Mauritanie, avait port\u00e9 sur le renforcement des partenariats dans des secteurs cl\u00e9s tels que l\u2019\u00e9ducation, la d\u00e9fense et la s\u00e9curit\u00e9.<\/p>\n<p>Les deux chefs d\u2019\u00c9tat avaient \u00e9galement explor\u00e9 les possibilit\u00e9s de coop\u00e9ration dans les domaines de l\u2019agriculture et du d\u00e9veloppement des infrastructures.<\/p>\n<p>L\u2019Alg\u00e9rie et le Rwanda entretiennent une coop\u00e9ration \u00e9troite dans des secteurs cl\u00e9s tels que la s\u00e9curit\u00e9 et l\u2019\u00e9ducation, comprenant un programme d\u2019\u00e9change permettant \u00e0 des \u00e9tudiants rwandais de poursuivre leurs \u00e9tudes en Alg\u00e9rie.<\/p>\n<p>Au cours de l\u2019ann\u00e9e acad\u00e9mique 2016-2017, l\u2019Alg\u00e9rie a attribu\u00e9 des bourses \u00e0 25 \u00e9tudiants rwandais, t\u00e9moignant de son engagement en faveur de la coop\u00e9ration \u00e9ducative.<\/p>\n<p>Depuis 1982, les deux pays ont conclu plusieurs accords portant sur le d\u00e9veloppement \u00e9conomique, la protection sociale, les \u00e9changes culturels et la coop\u00e9ration institutionnelle.<\/p>\n<p>Les deux pays se sont \u00e9galement engag\u00e9s \u00e0 renforcer leur coop\u00e9ration dans les secteurs de la sant\u00e9, du commerce, de l\u2019investissement, de la s\u00e9curit\u00e9 et de l\u2019\u00e9ducation.<\/p>\n<p>En d\u00e9cembre 2023, l\u2019Alg\u00e9rie a inaugur\u00e9 son ambassade au Rwanda, renfor\u00e7ant ainsi ses relations diplomatiques et de coop\u00e9ration avec Kigali.<\/p>\n<p>Par ailleurs, la visite du Pr\u00e9sident Kagame en Alg\u00e9rie co\u00efncide avec la pr\u00e9sence de l\u2019\u00e9quipe nationale de football, les &#8216;Amavubi&#8217;, dans le pays pour un match amical contre la s\u00e9lection alg\u00e9rienne.<\/p>\n<figure class=\"spip-document spip-document-61953\"><img decoding=\"async\" src=\"https:\/\/fr.igihe.com\/IMG\/jpg\/a-6.jpg\" alt=\"Le Pr\u00e9sident Paul Kagame a \u00e9t\u00e9 accueilli par son h\u00f4te, le Pr\u00e9sident Abdelmadjid Tebboune, \u00e0 son arriv\u00e9e en Alg\u00e9rie.\" \/><\/figure>\n<figure class=\"spip-document spip-document-61952\"><img decoding=\"async\" src=\"https:\/\/fr.igihe.com\/IMG\/jpg\/c-8.jpg\" alt=\"Le Pr\u00e9sident Paul Kagame est arriv\u00e9 ce mardi 3 juin 2025 \u00e0 Alger, en R\u00e9publique alg\u00e9rienne d\u00e9mocratique et populaire, pour une visite officielle de deux jours\" \/><\/figure>\n","protected":false},"excerpt":{"rendered":"<p>Le Pr\u00e9sident Paul Kagame est arriv\u00e9 ce mardi 3 juin 2025 \u00e0 Alger, en R\u00e9publique alg\u00e9rienne d\u00e9mocratique et populaire, pour une visite officielle de deux jours, \u00e0 l\u2019invitation de son homologue, le Pr\u00e9sident Abdelmadjid Tebboune.<\/p>\n","protected":false},"author":488,"featured_media":4000061951,"comment_status":"open","ping_status":"open","sticky":false,"template":"","format":"standard","meta":{"footnotes":""},"categories":[7544],"tags":[7605],"byline":[9865],"hashtag":[],"class_list":["post-37840","post","type-post","status-publish","format-standard","has-post-thumbnail","hentry","category-politique","tag-homenews","byline-alain-bertrand-tunezerwe"],"bylines":[{"id":9865,"name":"Alain Bertrand Tunezerwe","slug":"alain-bertrand-tunezerwe","description":"","image":{"id":0,"url":"https:\/\/secure.gravatar.com\/avatar\/?s=96&d=mm&f=y&r=g","alt":"Default avatar","title":"Default avatar","caption":"","mime_type":"image\/jpeg","sizes":[]},"user_id":452}],"contributors":[{"id":9865,"name":"Alain Bertrand Tunezerwe","slug":"alain-bertrand-tunezerwe","description":"","image":{"id":0,"url":"https:\/\/secure.gravatar.com\/avatar\/?s=96&d=mm&f=y&r=g","alt":"Default avatar","title":"Default avatar","caption":"","mime_type":"image\/jpeg","sizes":[]},"user_id":452}],"featured_image":{"id":4000061951,"url":"https:\/\/fr-images.igihe.com\/IMG\/logo\/a-2.jpg","alt":"","caption":"","mime_type":"image\/jpeg","width":0,"height":0,"sizes":{"thumbnail":{"url":"https:\/\/fr-images.igihe.com\/IMG\/logo\/a-2.jpg","width":1,"height":1},"medium":{"url":"https:\/\/fr-images.igihe.com\/IMG\/logo\/a-2.jpg","width":1,"height":1},"medium_large":{"url":"https:\/\/fr-images.igihe.com\/IMG\/logo\/a-2.jpg","width":1,"height":1},"large":{"url":"https:\/\/fr-images.igihe.com\/IMG\/logo\/a-2.jpg","width":1,"height":1},"full":{"url":"https:\/\/fr-images.igihe.com\/IMG\/logo\/a-2.jpg","width":0,"height":0}}},"_links":{"self":[{"href":"https:\/\/new.igihe.com\/french\/wp-json\/wp\/v2\/posts\/37840","targetHints":{"allow":["GET"]}}],"collection":[{"href":"https:\/\/new.igihe.com\/french\/wp-json\/wp\/v2\/posts"}],"about":[{"href":"https:\/\/new.igihe.com\/french\/wp-json\/wp\/v2\/types\/post"}],"author":[{"embeddable":true,"href":"https:\/\/new.igihe.com\/french\/wp-json\/wp\/v2\/users\/488"}],"replies":[{"embeddable":true,"href":"https:\/\/new.igihe.com\/french\/wp-json\/wp\/v2\/comments?post=37840"}],"version-history":[{"count":0,"href":"https:\/\/new.igihe.com\/french\/wp-json\/wp\/v2\/posts\/37840\/revisions"}],"wp:featuredmedia":[{"embeddable":true,"href":"https:\/\/new.igihe.com\/french\/wp-json\/wp\/v2\/media\/4000061951"}],"wp:attachment":[{"href":"https:\/\/new.igihe.com\/french\/wp-json\/wp\/v2\/media?parent=37840"}],"wp:term":[{"taxonomy":"category","embeddable":true,"href":"https:\/\/new.igihe.com\/french\/wp-json\/wp\/v2\/categories?post=37840"},{"taxonomy":"post_tag","embeddable":true,"href":"https:\/\/new.igihe.com\/french\/wp-json\/wp\/v2\/tags?post=37840"},{"taxonomy":"byline","embeddable":true,"href":"https:\/\/new.igihe.com\/french\/wp-json\/wp\/v2\/byline?post=37840"},{"taxonomy":"hashtag","embeddable":true,"href":"https:\/\/new.igihe.com\/french\/wp-json\/wp\/v2\/hashtag?post=37840"}],"curies":[{"name":"wp","href":"https:\/\/api.w.org\/{rel}","templated":true}]}}