{"id":37837,"date":"2025-06-03T14:32:50","date_gmt":"2025-06-03T14:32:50","guid":{"rendered":"https:\/\/new.igihe.com\/french\/Le-Rwanda-mise-sur-le-gaz-methane-du-lac-Kivu-pour-reduire-les-combustibles-37837\/"},"modified":"2025-06-03T14:28:20","modified_gmt":"2025-06-03T14:28:20","slug":"Le-Rwanda-mise-sur-le-gaz-methane-du-lac-Kivu-pour-reduire-les-combustibles","status":"publish","type":"post","link":"https:\/\/new.igihe.com\/french\/Le-Rwanda-mise-sur-le-gaz-methane-du-lac-Kivu-pour-reduire-les-combustibles\/","title":{"rendered":"Le Rwanda mise sur le gaz m\u00e9thane du lac Kivu pour r\u00e9duire les combustibles polluants"},"content":{"rendered":"<p>S\u2019exprimant ce 3 juin 2025 lors d\u2019une r\u00e9union avec la Commission du D\u00e9veloppement \u00e9conomique et des Finances, dans le cadre de l\u2019\u00e9valuation des efforts gouvernementaux visant \u00e0 \u00e9largir l\u2019acc\u00e8s \u00e0 des sources d\u2019\u00e9nergie de cuisson plus durables, la ministre de l\u2019Environnement, Dr Valentine Uwamariya, a assur\u00e9 que le Rwanda place de grands espoirs dans l\u2019exploitation de cette ressource locale, tant pour ses b\u00e9n\u00e9fices \u00e9conomiques qu\u2019environnementaux.<\/p>\n<p>\u00ab La solution durable que nous envisageons est l\u2019exploitation du gaz m\u00e9thane du lac Kivu pour la cuisson domestique. \u00bb, a indiqu\u00e9 Dr Uwamariya, pr\u00e9cisant que le recours \u00e0 cette source d\u2019\u00e9nergie est attendu \u00e0 partir de 2027.<\/p>\n<p>Dr Uwamariya a aussi mis en avant les progr\u00e8s accomplis au cours des sept derni\u00e8res ann\u00e9es, pr\u00e9cisant que la septi\u00e8me Enqu\u00eate int\u00e9gr\u00e9e sur les conditions de vie des m\u00e9nages (EICV7) a r\u00e9v\u00e9l\u00e9 qu\u2019en 2024, 5,4 % des m\u00e9nages rwandais utilisaient des combustibles propres, contre seulement 1 % en 2017.<\/p>\n<p>Une enqu\u00eate men\u00e9e aupr\u00e8s de 15 066 m\u00e9nages r\u00e9v\u00e8le que 75 % des foyers rwandais utilisent encore le bois comme principale source d\u2019\u00e9nergie pour la cuisson, 18,8 % le charbon de bois, 0,6 % les r\u00e9sidus agricoles, et seulement 5,4 % le gaz, le biogaz ou l\u2019\u00e9lectricit\u00e9.<\/p>\n<p>Dans la ville de Kigali, 23 % des m\u00e9nages cuisinent au gaz, 59 % au charbon de bois, et 17 % utilisent encore du bois.<\/p>\n<p>Le s\u00e9nateur Alexis Mugisha a affirm\u00e9 que le faible recours au gaz s\u2019explique principalement par son co\u00fbt \u00e9lev\u00e9, et a demand\u00e9 des pr\u00e9cisions sur l\u2019\u00e9tat d\u2019avancement du projet d\u2019exploitation du gaz m\u00e9thane pour la cuisson.<\/p>\n<p>La ministre a insist\u00e9 sur le fait que le projet pourrait consid\u00e9rablement r\u00e9duire les importations de gaz, aujourd\u2019hui co\u00fbteuses : \u00ab Si nous r\u00e9ussissons \u00e0 exploiter le gaz du Kivu, cela entra\u00eenera une r\u00e9duction significative de l\u2019utilisation des combustibles polluants \u00bb, a-t-elle d\u00e9clar\u00e9.<\/p>\n<p>\u00ab L\u2019\u00e9tat d\u2019avancement actuel du projet est prometteur et, s\u2019il se concr\u00e9tise comme pr\u00e9vu, nous le consid\u00e9rons comme une r\u00e9ponse p\u00e9renne aux d\u00e9fis actuels. \u00bb a-t-elle ajout\u00e9, pr\u00e9cisant qu\u2019une fois le gaz trait\u00e9, la priorit\u00e9 sera donn\u00e9e aux \u00e9tablissements scolaires \u2014 en raison de leur forte consommation d\u2019\u00e9nergie \u2014 ainsi qu\u2019\u00e0 d\u2019autres institutions.<\/p>\n<p>Le Rwanda s\u2019est fix\u00e9 pour objectif de r\u00e9duire \u00e0 42 % d\u2019ici 2030 la proportion de m\u00e9nages utilisant encore le bois ou le charbon de bois pour la cuisson. Pour atteindre cette ambition, un investissement estim\u00e9 \u00e0 1,37 milliard de dollars am\u00e9ricains est pr\u00e9vu.<\/p>\n<p>Parall\u00e8lement, le pays construit des r\u00e9servoirs capables de stocker jusqu\u2019\u00e0 15 millions de kilogrammes de gaz de cuisson, afin de constituer une r\u00e9serve strat\u00e9gique qui permettra de mieux faire face aux fluctuations des prix sur les march\u00e9s internationaux.<\/p>\n<p>En outre, le gouvernement pr\u00e9voit d\u2019introduire un syst\u00e8me de vente du gaz au kilo, une mesure visant \u00e0 rendre cette source d\u2019\u00e9nergie plus accessible aux m\u00e9nages \u00e0 faible revenu et \u00e0 r\u00e9duire davantage l\u2019utilisation des combustibles issus du bois.<\/p>\n<figure class=\"spip-document spip-document-61941 aligncenter\"><img decoding=\"async\" src=\"https:\/\/fr.igihe.com\/IMG\/jpg\/mg-3.jpg\" alt=\"Le gouvernement pr\u00e9voit de d\u00e9buter d\u00e8s 2027 l\u2019exploitation du gaz m\u00e9thane extrait du lac Kivu pour la cuisson au sein des menages\" \/><\/figure>\n","protected":false},"excerpt":{"rendered":"<p>Le gouvernement pr\u00e9voit de d\u00e9buter d\u00e8s 2027 l\u2019exploitation du gaz m\u00e9thane extrait du lac Kivu pour la cuisson au sein des menages. Ce projet vise \u00e0 r\u00e9duire la d\u00e9pendance aux combustibles polluants tout en offrant une solution durable face \u00e0 la hausse continue des prix du gaz import\u00e9.<\/p>\n","protected":false},"author":488,"featured_media":4000061940,"comment_status":"open","ping_status":"open","sticky":false,"template":"","format":"standard","meta":{"footnotes":""},"categories":[7565],"tags":[7605],"byline":[9865],"hashtag":[],"class_list":["post-37837","post","type-post","status-publish","format-standard","has-post-thumbnail","hentry","category-environnement","tag-homenews","byline-alain-bertrand-tunezerwe"],"bylines":[{"id":9865,"name":"Alain Bertrand Tunezerwe","slug":"alain-bertrand-tunezerwe","description":"","image":{"id":0,"url":"https:\/\/secure.gravatar.com\/avatar\/?s=96&d=mm&f=y&r=g","alt":"Default avatar","title":"Default avatar","caption":"","mime_type":"image\/jpeg","sizes":[]},"user_id":452}],"contributors":[{"id":9865,"name":"Alain Bertrand Tunezerwe","slug":"alain-bertrand-tunezerwe","description":"","image":{"id":0,"url":"https:\/\/secure.gravatar.com\/avatar\/?s=96&d=mm&f=y&r=g","alt":"Default avatar","title":"Default avatar","caption":"","mime_type":"image\/jpeg","sizes":[]},"user_id":452}],"featured_image":{"id":4000061940,"url":"https:\/\/fr-images.igihe.com\/IMG\/logo\/gm_cp.jpg","alt":"","caption":"","mime_type":"image\/jpeg","width":0,"height":0,"sizes":{"thumbnail":{"url":"https:\/\/fr-images.igihe.com\/IMG\/logo\/gm_cp.jpg","width":1,"height":1},"medium":{"url":"https:\/\/fr-images.igihe.com\/IMG\/logo\/gm_cp.jpg","width":1,"height":1},"medium_large":{"url":"https:\/\/fr-images.igihe.com\/IMG\/logo\/gm_cp.jpg","width":1,"height":1},"large":{"url":"https:\/\/fr-images.igihe.com\/IMG\/logo\/gm_cp.jpg","width":1,"height":1},"full":{"url":"https:\/\/fr-images.igihe.com\/IMG\/logo\/gm_cp.jpg","width":0,"height":0}}},"_links":{"self":[{"href":"https:\/\/new.igihe.com\/french\/wp-json\/wp\/v2\/posts\/37837","targetHints":{"allow":["GET"]}}],"collection":[{"href":"https:\/\/new.igihe.com\/french\/wp-json\/wp\/v2\/posts"}],"about":[{"href":"https:\/\/new.igihe.com\/french\/wp-json\/wp\/v2\/types\/post"}],"author":[{"embeddable":true,"href":"https:\/\/new.igihe.com\/french\/wp-json\/wp\/v2\/users\/488"}],"replies":[{"embeddable":true,"href":"https:\/\/new.igihe.com\/french\/wp-json\/wp\/v2\/comments?post=37837"}],"version-history":[{"count":0,"href":"https:\/\/new.igihe.com\/french\/wp-json\/wp\/v2\/posts\/37837\/revisions"}],"wp:featuredmedia":[{"embeddable":true,"href":"https:\/\/new.igihe.com\/french\/wp-json\/wp\/v2\/media\/4000061940"}],"wp:attachment":[{"href":"https:\/\/new.igihe.com\/french\/wp-json\/wp\/v2\/media?parent=37837"}],"wp:term":[{"taxonomy":"category","embeddable":true,"href":"https:\/\/new.igihe.com\/french\/wp-json\/wp\/v2\/categories?post=37837"},{"taxonomy":"post_tag","embeddable":true,"href":"https:\/\/new.igihe.com\/french\/wp-json\/wp\/v2\/tags?post=37837"},{"taxonomy":"byline","embeddable":true,"href":"https:\/\/new.igihe.com\/french\/wp-json\/wp\/v2\/byline?post=37837"},{"taxonomy":"hashtag","embeddable":true,"href":"https:\/\/new.igihe.com\/french\/wp-json\/wp\/v2\/hashtag?post=37837"}],"curies":[{"name":"wp","href":"https:\/\/api.w.org\/{rel}","templated":true}]}}