{"id":37833,"date":"2025-06-03T11:58:02","date_gmt":"2025-06-03T11:58:02","guid":{"rendered":"https:\/\/new.igihe.com\/french\/Martin-Fayulu-ou-la-vacuite-programmatique-37833\/"},"modified":"2025-06-03T11:55:54","modified_gmt":"2025-06-03T11:55:54","slug":"Martin-Fayulu-ou-la-vacuite-programmatique","status":"publish","type":"post","link":"https:\/\/new.igihe.com\/french\/Martin-Fayulu-ou-la-vacuite-programmatique\/","title":{"rendered":"Martin Fayulu ou la vacuit\u00e9 programmatique"},"content":{"rendered":"<p>Mais cette illusion, aussi fugace que trompeuse, s\u2019est aujourd\u2019hui dissip\u00e9e, laissant place \u00e0 une figure politique erratique, prisonni\u00e8re de ses propres dissonances, et manifestement incapable de s\u2019\u00e9lever \u00e0 la hauteur des exigences de l\u2019\u00c9tat.<\/p>\n<p>Depuis son \u00e9mergence sur la sc\u00e8ne publique dans les ann\u00e9es 1990, Martin Fayulu semble avoir confondu le verbe avec l\u2019action, la posture avec la vision, et l\u2019indignation avec la strat\u00e9gie. \u00c0 d\u00e9faut d\u2019un projet coh\u00e9rent, articul\u00e9 autour d\u2019un diagnostic rigoureux des maux congolais, il s\u2019abandonne aux invectives st\u00e9riles, aux anath\u00e8mes r\u00e9currents, et \u00e0 une rh\u00e9torique enfl\u00e9e de patriotisme factice, qui ne dissimule que maladroitement son absence de lucidit\u00e9 sur les dynamiques profondes qui minent la R\u00e9publique d\u00e9mocratique du Congo.<\/p>\n<p>\u00c0 rebours des vertus cardinales d\u2019un homme d\u2019\u00c9tat, gravit\u00e9, constance, hauteur de vue, Fayulu s\u2019enlise dans une surench\u00e8re d\u00e9clamatoire o\u00f9 la radicalit\u00e9 tient lieu de programme, et l\u2019outrance de m\u00e9thode. Il se compla\u00eet dans une posture de chevalier blanc, d\u00e9connect\u00e9e des contingences r\u00e9elles, et flanqu\u00e9e d\u2019un messianisme de circonstance qui suscite davantage la lassitude que l\u2019adh\u00e9sion. <\/p>\n<p>Sa parole, d\u00e9sormais d\u00e9senchant\u00e9e, semble n\u2019\u00eatre anim\u00e9e que par un ressentiment mal ma\u00eetris\u00e9 et une qu\u00eate \u00e9perdue de reconnaissance ou peut-\u00eatre, plus prosa\u00efquement, de r\u00e9insertion dans les circuits de la rente politique.<\/p>\n<p>Dernier avatar de cette d\u00e9rive : une d\u00e9claration publique aux accents dramatiques, mais d\u00e9pourvue de toute profondeur analytique, dans laquelle il pr\u00e9tend d\u00e9noncer les crises r\u00e9currentes qui frappent le Congo, sans jamais en interroger les causes structurelles qu\u2019il conna\u00eet pourtant pour avoir travers\u00e9, en tant qu\u2019acteur, toutes les phases de d\u00e9composition de l\u2019\u00c9tat congolais depuis plus de trois d\u00e9cennies. Une fois encore, la critique se fait vacarme, sans qu\u2019elle ne d\u00e9bouche sur la moindre proposition salutaire.<\/p>\n<p>Mais le comble de l\u2019incongruit\u00e9 a \u00e9t\u00e9 atteint lorsqu\u2019il a sollicit\u00e9 une audience aupr\u00e8s de F\u00e9lix Tshisekedi, le m\u00eame qu\u2019il n\u2019a cess\u00e9 d\u2019accuser de lui avoir \u00ab vol\u00e9 \u00bb la victoire \u00e9lectorale. Ce geste, rel\u00e8ve moins de la r\u00e9conciliation que d\u2019une supplique, d\u2019un appel voil\u00e9 \u00e0 la mansu\u00e9tude du pouvoir en place, voire d\u2019une demande d\u2019assistance mat\u00e9rielle. Il jette une lumi\u00e8re crue sur les ressorts v\u00e9ritables de son engagement actuel : non plus la d\u00e9fense de l\u2019int\u00e9r\u00eat g\u00e9n\u00e9ral, mais la qu\u00eate d\u2019un maroquin, d\u2019un strapontin, d\u2019une r\u00e9tribution.<\/p>\n<p>\u00c0 Kinshasa, cette volte-face alimente d\u00e9j\u00e0 les murmures : Fayulu serait d\u00e9sormais en proie au d\u00e9sarroi, pris au pi\u00e8ge d\u2019un isolement politique qu\u2019il a lui-m\u00eame creus\u00e9 \u00e0 force de refus de compromis constructifs, d\u2019arrogance tribunitienne, et d\u2019une incapacit\u00e9 notoire \u00e0 f\u00e9d\u00e9rer autour de lui des forces vives cr\u00e9dibles. Sa voix, nagu\u00e8re tonitruante, r\u00e9sonne aujourd\u2019hui comme un \u00e9cho vide, d\u00e9sarticul\u00e9, sans \u00e9lan ni port\u00e9e.<\/p>\n<p>Il est triste et politiquement tragique de constater qu\u2019un homme qui avait un temps incarn\u00e9 la r\u00e9sistance \u00e0 la confiscation d\u00e9mocratique soit r\u00e9duit \u00e0 qu\u00e9mander une reconnaissance tardive, sous les oripeaux d\u2019un discours radicalis\u00e9, et sans la moindre consistance doctrinale. <\/p>\n<p>Martin Fayulu n\u2019a pas seulement manqu\u00e9 ses rendez-vous avec l\u2019histoire ; il semble d\u00e9sormais s\u2019\u00eatre exil\u00e9 de la r\u00e9alit\u00e9 m\u00eame, incapable de s\u2019extirper de la m\u00e9diocrit\u00e9 ambiante \u00e0 laquelle il pr\u00e9tend pourtant ne pas appartenir.<\/p>\n<p>Ainsi, loin d\u2019\u00eatre l\u2019alternative tant esp\u00e9r\u00e9e, il est devenu un sympt\u00f4me suppl\u00e9mentaire de la pathologie chronique de la politique congolaise : celle d\u2019une \u00e9lite d\u00e9sorient\u00e9e, plus pr\u00e9occup\u00e9e par la captation des ressources que par l\u2019\u00e9dification d\u2019une R\u00e9publique v\u00e9ritablement souveraine, juste\u00a0et\u00a0prosp\u00e8re.<\/p>\n<figure class=\"spip-document spip-document-61934 aligncenter\"><img decoding=\"async\" src=\"https:\/\/fr.igihe.com\/IMG\/jpg\/mf-2.jpg\" alt=\"Lors de l\u2019effervescence post-\u00e9lectorale de 2018, Martin Fayulu Madidi symbolisait pour beaucoup l\u2019espoir d\u2019un changement face \u00e0 un ordre politique marqu\u00e9 par les compromissions et fraudes\" \/><\/figure>\n","protected":false},"excerpt":{"rendered":"<p>Il fut un temps celui de l\u2019effervescence post-\u00e9lectorale de 2018 o\u00f9 Martin Fayulu Madidi, port\u00e9 par la clameur des urnes et l\u2019enthousiasme d\u2019une partie de la soci\u00e9t\u00e9 civile, incarnait, aux yeux de beaucoup, une esp\u00e9rance de rupture face \u00e0 l\u2019ordre politique h\u00e9rit\u00e9 des compromissions et des fraudes. <\/p>\n","protected":false},"author":488,"featured_media":4000061932,"comment_status":"open","ping_status":"open","sticky":false,"template":"","format":"standard","meta":{"footnotes":""},"categories":[7544],"tags":[7605],"byline":[9102],"hashtag":[],"class_list":["post-37833","post","type-post","status-publish","format-standard","has-post-thumbnail","hentry","category-politique","tag-homenews","byline-tite-gatabazi"],"bylines":[{"id":9102,"name":"Tite Gatabazi","slug":"tite-gatabazi","description":"","image":{"id":0,"url":"https:\/\/secure.gravatar.com\/avatar\/?s=96&d=mm&f=y&r=g","alt":"Default avatar","title":"Default avatar","caption":"","mime_type":"image\/jpeg","sizes":[]},"user_id":472}],"contributors":[{"id":9102,"name":"Tite Gatabazi","slug":"tite-gatabazi","description":"","image":{"id":0,"url":"https:\/\/secure.gravatar.com\/avatar\/?s=96&d=mm&f=y&r=g","alt":"Default avatar","title":"Default avatar","caption":"","mime_type":"image\/jpeg","sizes":[]},"user_id":472}],"featured_image":{"id":4000061932,"url":"https:\/\/fr-images.igihe.com\/IMG\/logo\/mf_cp.jpg","alt":"","caption":"","mime_type":"image\/jpeg","width":0,"height":0,"sizes":{"thumbnail":{"url":"https:\/\/fr-images.igihe.com\/IMG\/logo\/mf_cp.jpg","width":1,"height":1},"medium":{"url":"https:\/\/fr-images.igihe.com\/IMG\/logo\/mf_cp.jpg","width":1,"height":1},"medium_large":{"url":"https:\/\/fr-images.igihe.com\/IMG\/logo\/mf_cp.jpg","width":1,"height":1},"large":{"url":"https:\/\/fr-images.igihe.com\/IMG\/logo\/mf_cp.jpg","width":1,"height":1},"full":{"url":"https:\/\/fr-images.igihe.com\/IMG\/logo\/mf_cp.jpg","width":0,"height":0}}},"_links":{"self":[{"href":"https:\/\/new.igihe.com\/french\/wp-json\/wp\/v2\/posts\/37833","targetHints":{"allow":["GET"]}}],"collection":[{"href":"https:\/\/new.igihe.com\/french\/wp-json\/wp\/v2\/posts"}],"about":[{"href":"https:\/\/new.igihe.com\/french\/wp-json\/wp\/v2\/types\/post"}],"author":[{"embeddable":true,"href":"https:\/\/new.igihe.com\/french\/wp-json\/wp\/v2\/users\/488"}],"replies":[{"embeddable":true,"href":"https:\/\/new.igihe.com\/french\/wp-json\/wp\/v2\/comments?post=37833"}],"version-history":[{"count":0,"href":"https:\/\/new.igihe.com\/french\/wp-json\/wp\/v2\/posts\/37833\/revisions"}],"wp:featuredmedia":[{"embeddable":true,"href":"https:\/\/new.igihe.com\/french\/wp-json\/wp\/v2\/media\/4000061932"}],"wp:attachment":[{"href":"https:\/\/new.igihe.com\/french\/wp-json\/wp\/v2\/media?parent=37833"}],"wp:term":[{"taxonomy":"category","embeddable":true,"href":"https:\/\/new.igihe.com\/french\/wp-json\/wp\/v2\/categories?post=37833"},{"taxonomy":"post_tag","embeddable":true,"href":"https:\/\/new.igihe.com\/french\/wp-json\/wp\/v2\/tags?post=37833"},{"taxonomy":"byline","embeddable":true,"href":"https:\/\/new.igihe.com\/french\/wp-json\/wp\/v2\/byline?post=37833"},{"taxonomy":"hashtag","embeddable":true,"href":"https:\/\/new.igihe.com\/french\/wp-json\/wp\/v2\/hashtag?post=37833"}],"curies":[{"name":"wp","href":"https:\/\/api.w.org\/{rel}","templated":true}]}}