{"id":37832,"date":"2025-06-03T11:54:55","date_gmt":"2025-06-03T11:54:55","guid":{"rendered":"https:\/\/new.igihe.com\/french\/Des-experts-en-defense-reunis-a-Kigali-pour-preparer-la-Semaine-CIMIC-2025-37832\/"},"modified":"2025-06-03T11:54:33","modified_gmt":"2025-06-03T11:54:33","slug":"Des-experts-en-defense-reunis-a-Kigali-pour-preparer-la-Semaine-CIMIC-2025","status":"publish","type":"post","link":"https:\/\/new.igihe.com\/french\/Des-experts-en-defense-reunis-a-Kigali-pour-preparer-la-Semaine-CIMIC-2025\/","title":{"rendered":"Des experts en d\u00e9fense r\u00e9unis \u00e0 Kigali pour pr\u00e9parer la &#8216;Semaine CIMIC 2025&#8217;"},"content":{"rendered":"<p>Cette r\u00e9union, qui a rassembl\u00e9 des experts en d\u00e9fense et en s\u00e9curit\u00e9, vise \u00e0 renforcer la coop\u00e9ration r\u00e9gionale en mati\u00e8re de relations civilo-militaires \u2014 un moyen important pour renforcer l\u2019aide humanitaire et faire progresser l\u2019int\u00e9gration r\u00e9gionale au sein de l&#8217;EAC.<\/p>\n<p>Cette ann\u00e9e, la Semaine de la Coop\u00e9ration Civilo-Militaire proposera une s\u00e9rie d\u2019initiatives communautaires ax\u00e9es sur la promotion de la paix, de la stabilit\u00e9 et du d\u00e9veloppement, en \u00e9troite collaboration avec les populations locales, afin d\u2019am\u00e9liorer durablement leurs conditions de vie.<\/p>\n<p>Au nom du Chef d&#8217;\u00c9tat-Major des Forces de D\u00e9fense du Rwanda (RDF), le G\u00e9n\u00e9ral de Brigade Ronald Rwivanga, porte-parole des RDF, a exprim\u00e9 sa gratitude \u00e0 tous les \u00c9tats partenaires pour leur engagement dynamique dans les initiatives r\u00e9gionales, qui incarnent pleinement la vision de l&#8217;EAC visant \u00e0 renforcer les liens entre les Forces arm\u00e9es et les populations civiles.<\/p>\n<p>\u00ab Il ne s\u2019agit pas seulement d\u2019un engagement militaire, mais aussi d\u2019un engagement humanitaire majeur, une expression forte de nos valeurs communes : unit\u00e9, solidarit\u00e9 et service \u00e0 la communaut\u00e9. \u00bb<\/p>\n<p>\u00ab La v\u00e9ritable s\u00e9curit\u00e9 repose avant tout sur la capacit\u00e9 \u00e0 proposer des solutions centr\u00e9es sur la s\u00e9curit\u00e9 humaine face aux d\u00e9fis soci\u00e9taux \u00bb, a soulign\u00e9 le G\u00e9n\u00e9ral de Brigade Rwivanga.<\/p>\n<p>Il a par ailleurs exhort\u00e9 les participants \u00e0 s\u2019impliquer activement et \u00e0 partager leurs exp\u00e9riences, afin que les conclusions de cette r\u00e9union refl\u00e8tent pleinement les attentes et aspirations des secteurs de la d\u00e9fense au sein de l&#8217;EAC.<\/p>\n<p>Le Lieutenant-Colonel Joseph Kimani, repr\u00e9sentant le Secr\u00e9taire g\u00e9n\u00e9ral de la Communaut\u00e9 d\u2019Afrique de l\u2019Est, a exprim\u00e9 sa reconnaissance au Rwanda pour avoir accueilli les activit\u00e9s de Coop\u00e9ration Civilo-Militaire (CIMIC) de cette ann\u00e9e, rappelant l&#8217;impact positif de telles initiatives. <\/p>\n<p>\u00ab Cette initiative itin\u00e9rante rapproche les communaut\u00e9s que nous servons en tant que forces militaires, renforce la confiance mutuelle et permet de relever ensemble les d\u00e9fis communs qui les concernent. \u00bb<\/p>\n<p>\u00ab Cette initiative a \u00e9galement pour objectif, renforcer l\u2019unit\u00e9 r\u00e9gionale et faire progresser l\u2019agenda d\u2019int\u00e9gration de l&#8217;EAC \u00bb, a d\u00e9clar\u00e9 le Lieutenant-Colonel Kimani.<\/p>\n<p>Les activit\u00e9s CIMIC de l&#8217;EAC, initi\u00e9es en 2018 en Ouganda, ont depuis \u00e9t\u00e9 tenues dans plusieurs \u00c9tats partenaires.<\/p>\n<figure class=\"spip-document spip-document-61930 aligncenter\"><img decoding=\"async\" src=\"https:\/\/fr.igihe.com\/IMG\/jpg\/d1-6.jpg\" alt=\"Des experts en s\u00e9curit\u00e9 de l&#039;EAC se sont r\u00e9unis pour pr\u00e9parer la Semaine de la Coop\u00e9ration Civilo-Militaire (CIMIC)\" \/><\/figure>\n<figure class=\"spip-document spip-document-61931 aligncenter\"><img decoding=\"async\" src=\"https:\/\/fr.igihe.com\/IMG\/jpg\/d2-7.jpg\" alt=\"Le G\u00e9n\u00e9ral de Brigade Ronald Rwivanga a exprim\u00e9 sa gratitude \u00e0 tous les \u00c9tats partenaires pour leur engagement dynamique dans les initiatives r\u00e9gionales\" \/><\/figure>\n<figure class=\"spip-document spip-document-61929 aligncenter\"><img decoding=\"async\" src=\"https:\/\/fr.igihe.com\/IMG\/jpg\/d3-5.jpg\" alt=\"Cette r\u00e9union vise \u00e0 renforcer la coop\u00e9ration r\u00e9gionale en mati\u00e8re de relations civilo-militaires\" \/><\/figure>\n<figure class=\"spip-document spip-document-61928 aligncenter\"><img decoding=\"async\" src=\"https:\/\/fr.igihe.com\/IMG\/jpg\/d4-4.jpg\" alt=\"Les activit\u00e9s CIMIC de la CAE, initi\u00e9es en 2018 en Ouganda, ont depuis \u00e9t\u00e9 tenues dans plusieurs \u00c9tats partenaires\" \/><\/figure>\n","protected":false},"excerpt":{"rendered":"<p>Dans le cadre d\u2019une r\u00e9union du Groupe de Travail des Experts en D\u00e9fense (GTED), des repr\u00e9sentants des \u00c9tats membres de la Communaut\u00e9 d\u2019Afrique de l\u2019Est (EAC) se sont retrouv\u00e9s \u00e0 Kigali, ce lundi 2 juin 2025, afin de planifier et harmoniser les pr\u00e9paratifs des activit\u00e9s pr\u00e9vues lors de la Semaine de la Coop\u00e9ration Civilo-Militaire (CIMIC), qui accompagnera la 5\u1d49 Journ\u00e9e des Forces Arm\u00e9es de l&#8217;EAC, pr\u00e9vue en juillet prochain au Rwanda.<\/p>\n","protected":false},"author":488,"featured_media":4000061927,"comment_status":"open","ping_status":"open","sticky":false,"template":"","format":"standard","meta":{"footnotes":""},"categories":[7540],"tags":[7605],"byline":[7717],"hashtag":[],"class_list":["post-37832","post","type-post","status-publish","format-standard","has-post-thumbnail","hentry","category-securite","tag-homenews","byline-igihe"],"bylines":[{"id":7717,"name":"IGIHE","slug":"igihe","description":"","image":{"id":0,"url":"https:\/\/secure.gravatar.com\/avatar\/?s=96&d=mm&f=y&r=g","alt":"Default avatar","title":"Default avatar","caption":"","mime_type":"image\/jpeg","sizes":[]},"user_id":393}],"contributors":[{"id":7717,"name":"IGIHE","slug":"igihe","description":"","image":{"id":0,"url":"https:\/\/secure.gravatar.com\/avatar\/?s=96&d=mm&f=y&r=g","alt":"Default avatar","title":"Default avatar","caption":"","mime_type":"image\/jpeg","sizes":[]},"user_id":393}],"featured_image":{"id":4000061927,"url":"https:\/\/fr-images.igihe.com\/IMG\/logo\/d3_cp.jpg","alt":"","caption":"","mime_type":"image\/jpeg","width":0,"height":0,"sizes":{"thumbnail":{"url":"https:\/\/fr-images.igihe.com\/IMG\/logo\/d3_cp.jpg","width":1,"height":1},"medium":{"url":"https:\/\/fr-images.igihe.com\/IMG\/logo\/d3_cp.jpg","width":1,"height":1},"medium_large":{"url":"https:\/\/fr-images.igihe.com\/IMG\/logo\/d3_cp.jpg","width":1,"height":1},"large":{"url":"https:\/\/fr-images.igihe.com\/IMG\/logo\/d3_cp.jpg","width":1,"height":1},"full":{"url":"https:\/\/fr-images.igihe.com\/IMG\/logo\/d3_cp.jpg","width":0,"height":0}}},"_links":{"self":[{"href":"https:\/\/new.igihe.com\/french\/wp-json\/wp\/v2\/posts\/37832","targetHints":{"allow":["GET"]}}],"collection":[{"href":"https:\/\/new.igihe.com\/french\/wp-json\/wp\/v2\/posts"}],"about":[{"href":"https:\/\/new.igihe.com\/french\/wp-json\/wp\/v2\/types\/post"}],"author":[{"embeddable":true,"href":"https:\/\/new.igihe.com\/french\/wp-json\/wp\/v2\/users\/488"}],"replies":[{"embeddable":true,"href":"https:\/\/new.igihe.com\/french\/wp-json\/wp\/v2\/comments?post=37832"}],"version-history":[{"count":0,"href":"https:\/\/new.igihe.com\/french\/wp-json\/wp\/v2\/posts\/37832\/revisions"}],"wp:featuredmedia":[{"embeddable":true,"href":"https:\/\/new.igihe.com\/french\/wp-json\/wp\/v2\/media\/4000061927"}],"wp:attachment":[{"href":"https:\/\/new.igihe.com\/french\/wp-json\/wp\/v2\/media?parent=37832"}],"wp:term":[{"taxonomy":"category","embeddable":true,"href":"https:\/\/new.igihe.com\/french\/wp-json\/wp\/v2\/categories?post=37832"},{"taxonomy":"post_tag","embeddable":true,"href":"https:\/\/new.igihe.com\/french\/wp-json\/wp\/v2\/tags?post=37832"},{"taxonomy":"byline","embeddable":true,"href":"https:\/\/new.igihe.com\/french\/wp-json\/wp\/v2\/byline?post=37832"},{"taxonomy":"hashtag","embeddable":true,"href":"https:\/\/new.igihe.com\/french\/wp-json\/wp\/v2\/hashtag?post=37832"}],"curies":[{"name":"wp","href":"https:\/\/api.w.org\/{rel}","templated":true}]}}