{"id":37810,"date":"2025-05-31T19:31:40","date_gmt":"2025-05-31T19:31:40","guid":{"rendered":"https:\/\/new.igihe.com\/french\/Les-clarifications-de-l-AFC-M23-37810\/"},"modified":"2025-05-31T12:54:11","modified_gmt":"2025-05-31T12:54:11","slug":"Les-clarifications-de-l-AFC-M23","status":"publish","type":"post","link":"https:\/\/new.igihe.com\/french\/Les-clarifications-de-l-AFC-M23\/","title":{"rendered":"Les clarifications de l\u2019AFC\/M23"},"content":{"rendered":"<p>Parmi les \u00e9pisodes les plus embl\u00e9matiques de cette d\u00e9rive, l\u2019affaire de Kishishe fait d\u00e9sormais figure de cas d\u2019\u00e9cole. La Mission de l\u2019Organisation des Nations Unies pour la Stabilisation en R\u00e9publique d\u00e9mocratique du Congo (MONUSCO), dans une d\u00e9marche indigne de ses standards de rigueur, s\u2019est d\u2019abord appuy\u00e9e sur des t\u00e9moignages de seconde main, du \u00ab oui-dire \u00bb pour imputer au M23 des massacres dont la mat\u00e9rialit\u00e9 \u00e9tait d\u00e9j\u00e0 sujette \u00e0 caution. <\/p>\n<p>Face au toll\u00e9 suscit\u00e9 par tant de l\u00e9g\u00e8ret\u00e9 proc\u00e9durale et d\u2019impr\u00e9cision m\u00e9thodologique, l\u2019organisation onusienne a fini par se r\u00e9tracter, r\u00e9v\u00e9lant par-l\u00e0 les fragilit\u00e9s intrins\u00e8ques de son dispositif d\u2019enqu\u00eate.<\/p>\n<p>Par ailleurs, plusieurs crimes perp\u00e9tr\u00e9s par les FARDC et leurs suppl\u00e9tifs irr\u00e9guliers, les tristement c\u00e9l\u00e8bres Wazalendo ont \u00e9t\u00e9, avec une d\u00e9sinvolture inqui\u00e9tante, attribu\u00e9s \u00e0 l\u2019AFC\/M23. <\/p>\n<p>A maintes reprises, des exactions commises en amont de l\u2019arriv\u00e9e de l\u2019Alliance dans des zones encore sous contr\u00f4le loyaliste ont \u00e9t\u00e9 utilis\u00e9es pour construire un narratif incriminant, nonobstant toute chronologie factuelle. Le bombardement de Mugunga constitue un jalon frappant de cette guerre cognitive : film\u00e9e en direct par un journaliste, d\u00e9nonc\u00e9e en temps r\u00e9el par des citoyens, l\u2019implication des FARDC et de leurs milices alli\u00e9es y \u00e9tait manifeste. <\/p>\n<p>Pourtant, la vid\u00e9o fut promptement censur\u00e9e, et l\u2019indignation redirig\u00e9e vers l\u2019Alliance, dans une tentative manifeste de travestissement de la v\u00e9rit\u00e9.<\/p>\n<p>Une indignation s\u00e9lective au service de l\u2019arbitraire : l\u2019instrumentalisation des droits humains<br \/>\nDans un rapport circonstanci\u00e9, rigoureux dans sa forme comme dans le fond, l\u2019AFC\/M23 a entrepris de d\u00e9monter pi\u00e8ce par pi\u00e8ce le tissu d\u2019incoh\u00e9rences, de raccourcis et de proc\u00e8s d\u2019intention dont elle est l\u2019objet. <\/p>\n<p>Le texte oppose au brouhaha m\u00e9diatique une s\u00e9rie d\u2019analyses crois\u00e9es, d\u00e9montrant que les accusations port\u00e9es \u00e0 l\u2019encontre de l\u2019Alliance sont \u00e0 la fois infond\u00e9es sur le plan factuel et partialement orient\u00e9es sur le plan politique.<\/p>\n<p>L\u2019Alliance souligne \u00e0 juste titre que certaines ONG, nagu\u00e8re reconnues, semblent aujourd\u2019hui align\u00e9es sur une ligne \u00e9ditoriale dict\u00e9e par des int\u00e9r\u00eats g\u00e9opolitiques peu avouables. <\/p>\n<p>Amnesty International, Human Rights Watch, voire la tr\u00e8s controvers\u00e9e MONUSCO, paraissent c\u00e9der \u00e0 une forme d\u2019indignation \u00e0 g\u00e9om\u00e9trie variable, d\u00e9non\u00e7ant avec fracas certaines atteintes suppos\u00e9es tout en gardant un mutisme assourdissant face \u00e0 des crimes av\u00e9r\u00e9s commis par les forces \u00e9tatiques ou leurs suppl\u00e9tifs.<\/p>\n<p>\u00c0 cet \u00e9gard, les trag\u00e9dies survenues \u00e0 Mudaka, Katana, Kabare ou encore dans la ville de Bukavu, bien ant\u00e9rieures \u00e0 la pr\u00e9sence de l\u2019AFC\/M23 dans ces zones, sont r\u00e9v\u00e9latrices d\u2019une volont\u00e9 manifeste d\u2019occulter les responsabilit\u00e9s premi\u00e8res. L\u2019implication pr\u00e9sum\u00e9e de la garde r\u00e9publicaine dans le carnage perp\u00e9tr\u00e9 dans une \u00e9glise de Goma demeure ainsi sous-document\u00e9e, \u00e0 peine \u00e9voqu\u00e9e par les observateurs internationaux, quand bien m\u00eame des t\u00e9moignages concordants pointent directement cette unit\u00e9 d\u2019\u00e9lite du r\u00e9gime de Kinshasa.<\/p>\n<p>{{L\u2019opprobre comme arme de guerre : saboter pour mieux dissimuler l\u2019\u00e9chec d\u2019un r\u00e9gime}}<\/p>\n<p>Il appara\u00eet, en d\u00e9finitive, que cette campagne de diffamation multiforme contre l\u2019AFC\/M23 ob\u00e9it \u00e0 une logique politique claire : d\u00e9tourner l\u2019attention des graves carences du pouvoir central en jetant le discr\u00e9dit sur un mouvement qui, par son efficacit\u00e9, sa discipline et sa capacit\u00e9 \u00e0 instaurer une certaine normalit\u00e9 s\u00e9curitaire, met en lumi\u00e8re l\u2019\u00e9chec cuisant de Kinshasa \u00e0 r\u00e9tablir l\u2019ordre public dans l\u2019Est du pays.<\/p>\n<p>En d\u00e9non\u00e7ant ce \u00ab sabotage narratif \u00bb, l\u2019AFC\/M23 ne cherche point \u00e0 \u00e9chapper \u00e0 toute reddition de comptes, elle en appelle, au contraire, \u00e0 une \u00e9valuation impartiale et rigoureuse des faits, dans le respect du droit international. Mais elle refuse de se voir imposer une culpabilit\u00e9 d\u2019emprunt, dict\u00e9e non par les faits, mais par une lecture biais\u00e9e, h\u00e9rit\u00e9e des int\u00e9r\u00eats crois\u00e9s entre diplomaties \u00e9trang\u00e8res, structures onusiennes et client\u00e9lisme gouvernemental.<\/p>\n<p>Cette strat\u00e9gie de d\u00e9l\u00e9gitimation, si elle conna\u00eetra in\u00e9vitablement des silences provisoires, se poursuivra sous d\u2019autres formes, avec le concours d\u2019un \u00e9cosyst\u00e8me informationnel instrumentalis\u00e9, dont le seul objectif est de maintenir sous l\u2019eau toute alternative politique ou militaire cr\u00e9dible.<br \/>\nMais cette entreprise de falsification ne pourra \u00e9ternellement tenir face au r\u00e9el : car la v\u00e9rit\u00e9, si longtemps ni\u00e9e, finit toujours par se frayer un chemin m\u00eame au sein des t\u00e9n\u00e8bres les\u00a0plus\u00a0\u00e9paisses.<\/p>\n<figure class=\"spip-document spip-document-61722 aligncenter\"><img decoding=\"async\" src=\"https:\/\/fr.igihe.com\/IMG\/jpg\/bn-2.jpg\" alt=\"Depuis l\u2019\u00e9mergence de l\u2019Alliance Fleuve Congo (AFC), formation politique et militaire adoss\u00e9e au M23, une v\u00e9ritable campagne d\u2019opprobre orchestr\u00e9e a \u00e9t\u00e9 m\u00e9thodiquement d\u00e9ploy\u00e9e\" \/><\/figure>\n","protected":false},"excerpt":{"rendered":"<p>Depuis l\u2019\u00e9mergence de l\u2019Alliance Fleuve Congo (AFC), formation politique et militaire adoss\u00e9e au M23, une v\u00e9ritable campagne d\u2019opprobre orchestr\u00e9e a \u00e9t\u00e9 m\u00e9thodiquement d\u00e9ploy\u00e9e pour la discr\u00e9diter aux yeux de l\u2019opinion publique tant nationale qu\u2019internationale. Cet acharnement, savamment entretenu par une convergence d\u2019acteurs diplomatiques, m\u00e9diatiques et humanitaires, s\u2019est illustr\u00e9 par une s\u00e9rie d&#8217;accusations aux fondements aussi fragiles que fallacieux.<\/p>\n","protected":false},"author":488,"featured_media":4000061721,"comment_status":"open","ping_status":"open","sticky":false,"template":"","format":"standard","meta":{"footnotes":""},"categories":[7544],"tags":[7605],"byline":[9102],"hashtag":[],"class_list":["post-37810","post","type-post","status-publish","format-standard","has-post-thumbnail","hentry","category-politique","tag-homenews","byline-tite-gatabazi"],"bylines":[{"id":9102,"name":"Tite Gatabazi","slug":"tite-gatabazi","description":"","image":{"id":0,"url":"https:\/\/secure.gravatar.com\/avatar\/?s=96&d=mm&f=y&r=g","alt":"Default avatar","title":"Default avatar","caption":"","mime_type":"image\/jpeg","sizes":[]},"user_id":472}],"contributors":[{"id":9102,"name":"Tite Gatabazi","slug":"tite-gatabazi","description":"","image":{"id":0,"url":"https:\/\/secure.gravatar.com\/avatar\/?s=96&d=mm&f=y&r=g","alt":"Default avatar","title":"Default avatar","caption":"","mime_type":"image\/jpeg","sizes":[]},"user_id":472}],"featured_image":{"id":4000061721,"url":"https:\/\/fr-images.igihe.com\/IMG\/logo\/bn_cp-2.jpg","alt":"","caption":"","mime_type":"image\/jpeg","width":0,"height":0,"sizes":{"thumbnail":{"url":"https:\/\/fr-images.igihe.com\/IMG\/logo\/bn_cp-2.jpg","width":1,"height":1},"medium":{"url":"https:\/\/fr-images.igihe.com\/IMG\/logo\/bn_cp-2.jpg","width":1,"height":1},"medium_large":{"url":"https:\/\/fr-images.igihe.com\/IMG\/logo\/bn_cp-2.jpg","width":1,"height":1},"large":{"url":"https:\/\/fr-images.igihe.com\/IMG\/logo\/bn_cp-2.jpg","width":1,"height":1},"full":{"url":"https:\/\/fr-images.igihe.com\/IMG\/logo\/bn_cp-2.jpg","width":0,"height":0}}},"_links":{"self":[{"href":"https:\/\/new.igihe.com\/french\/wp-json\/wp\/v2\/posts\/37810","targetHints":{"allow":["GET"]}}],"collection":[{"href":"https:\/\/new.igihe.com\/french\/wp-json\/wp\/v2\/posts"}],"about":[{"href":"https:\/\/new.igihe.com\/french\/wp-json\/wp\/v2\/types\/post"}],"author":[{"embeddable":true,"href":"https:\/\/new.igihe.com\/french\/wp-json\/wp\/v2\/users\/488"}],"replies":[{"embeddable":true,"href":"https:\/\/new.igihe.com\/french\/wp-json\/wp\/v2\/comments?post=37810"}],"version-history":[{"count":0,"href":"https:\/\/new.igihe.com\/french\/wp-json\/wp\/v2\/posts\/37810\/revisions"}],"wp:featuredmedia":[{"embeddable":true,"href":"https:\/\/new.igihe.com\/french\/wp-json\/wp\/v2\/media\/4000061721"}],"wp:attachment":[{"href":"https:\/\/new.igihe.com\/french\/wp-json\/wp\/v2\/media?parent=37810"}],"wp:term":[{"taxonomy":"category","embeddable":true,"href":"https:\/\/new.igihe.com\/french\/wp-json\/wp\/v2\/categories?post=37810"},{"taxonomy":"post_tag","embeddable":true,"href":"https:\/\/new.igihe.com\/french\/wp-json\/wp\/v2\/tags?post=37810"},{"taxonomy":"byline","embeddable":true,"href":"https:\/\/new.igihe.com\/french\/wp-json\/wp\/v2\/byline?post=37810"},{"taxonomy":"hashtag","embeddable":true,"href":"https:\/\/new.igihe.com\/french\/wp-json\/wp\/v2\/hashtag?post=37810"}],"curies":[{"name":"wp","href":"https:\/\/api.w.org\/{rel}","templated":true}]}}