{"id":37807,"date":"2025-05-31T00:18:32","date_gmt":"2025-05-31T00:18:32","guid":{"rendered":"https:\/\/new.igihe.com\/french\/53-femmes-condamnees-pour-genocide-contre-les-Tutsi-pretes-a-reintegrer-la-37807\/"},"modified":"2025-05-31T00:02:37","modified_gmt":"2025-05-31T00:02:37","slug":"53-femmes-condamnees-pour-genocide-contre-les-Tutsi-pretes-a-reintegrer-la","status":"publish","type":"post","link":"https:\/\/new.igihe.com\/french\/53-femmes-condamnees-pour-genocide-contre-les-Tutsi-pretes-a-reintegrer-la\/","title":{"rendered":"53 femmes condamn\u00e9es pour g\u00e9nocide contre les Tutsi pr\u00eates \u00e0 r\u00e9int\u00e9grer la soci\u00e9t\u00e9"},"content":{"rendered":"<p>Ces t\u00e9moignages ont \u00e9t\u00e9 recueillis lors des sessions de formation organis\u00e9es par le Minist\u00e8re de l\u2019Unit\u00e9 Nationale et de l&#8217;Engagement Civique (MINUBUMWE), \u00e0 l\u2019approche de leur remise en libert\u00e9. Ces formations, actuellement en cours \u00e0 la prison de Nyamagabe, r\u00e9unissent 53 femmes d\u00e9tenues \u00e0 Ngoma, Nyarugenge, Musanze et Nyamagabe.<\/p>\n<p>Mad\u00e9leine Mukashema, 68 ans, ancienne d\u00e9tenue \u00e0 Ngoma, est revenue sur l\u2019origine de la haine qui lui a \u00e9t\u00e9 inculqu\u00e9e :<\/p>\n<p>\u00ab  \u00c0 l\u2019\u00e9cole primaire, les enfants tutsi \u00e9taient souvent contraints de rester dehors pendant que nous commencions les cours. Ils subissaient des interrogatoires sur leur identit\u00e9, puis n\u2019\u00e9taient autoris\u00e9s \u00e0 entrer qu\u2019apr\u00e8s un long moment. Cela leur faisait accumuler beaucoup de retard, ce qui les faisait \u00e9chouer fr\u00e9quemment aux examens. De plus, ils \u00e9taient constamment brim\u00e9s, ce qui les emp\u00eachait d\u2019\u00e9tudier correctement \u00bb, a-t-elle racont\u00e9. <\/p>\n<p>\u00ab C\u2019est \u00e0 ce moment-l\u00e0 que le poison a commenc\u00e9 \u00e0 \u00eatre ing\u00e9r\u00e9 : on nous disait que les Tutsi \u00e9taient des tra\u00eetres, qu\u2019il ne fallait pas leur faire confiance. C\u2019est ce poison que j\u2019ai d\u2019abord absorb\u00e9. Ensuite, parler des &#8216;Inyenzi&#8217; qui \u00e9taient sur le point de nous attaquer constituait une autre mani\u00e8re d\u2019empoisonner nos esprits : celui de d\u00e9shumaniser des \u00eatres humains en les comparant \u00e0 des insectes \u00bb, a-t-elle ajout\u00e9.<\/p>\n<p>Mad\u00e9leine Mukashema a \u00e9galement pr\u00e9cis\u00e9 que le gouvernement d\u2019unit\u00e9 nationale leur a r\u00e9guli\u00e8rement propos\u00e9 des programmes visant \u00e0 changer leur \u00e9tat d\u2019esprit. Elle a insist\u00e9 sur le fait que, si elles n&#8217;avaient pas \u00e9t\u00e9 traduites en justice et r\u00e9\u00e9duqu\u00e9es, leurs mauvaises mentalit\u00e9s auraient persist\u00e9, et auraient continu\u00e9 \u00e0 propager leur id\u00e9ologie g\u00e9nocidaire.<\/p>\n<p>\u00ab Nous avons eu la chance de prendre conscience de nos crimes et demander pardon \u00bb, a-t-elle d\u00e9clar\u00e9.<\/p>\n<p>Ce chemin de repentance et de transformation est \u00e9galement celui de Kubwimana Jos\u00e9phine, qui a reconnu avoir elle aussi grandi dans la haine \u00e0 l\u2019encontre des Tutsi. Elle invite les femmes \u00e0 jouer un r\u00f4le d\u00e9terminant dans l\u2019\u00e9radication de cette haine aupr\u00e8s des enfants et des g\u00e9n\u00e9rations futures.<\/p>\n<p>\u00ab Nous devons transmettre aux enfants des valeurs positives, car nos propres parents ne nous ont l\u00e9gu\u00e9 que la haine. J\u2019ai grandi en entendant que les Tutsi \u00e9taient mauvais, alors qu\u2019en r\u00e9alit\u00e9, ma s\u0153ur avait \u00e9pous\u00e9 un Tutsi et moi-m\u00eame j\u2019ai eu des enfants avec eux \u00bb, a-t-elle t\u00e9moign\u00e9.<\/p>\n<p>Le Ministre de l\u2019Unit\u00e9 Nationale et de l\u2019Engagement Civique, Dr Bizimana Jean Damasc\u00e8ne, a exhort\u00e9 chacun \u00e0 prendre pleinement conscience de la gravit\u00e9 du g\u00e9nocide commis contre les Tutsi, rappelant qu\u2019il constitue un crime contre l\u2019humanit\u00e9.<\/p>\n<p>\u00ab Le g\u00e9nocide consiste en l\u2019extermination d\u2019un groupe ethnique, ce qui d\u00e9passe largement l\u2019\u00e9limination d\u2019un individu, car il vise \u00e0 an\u00e9antir totalement ce groupe. \u00bb a-t-il expliqu\u00e9.<\/p>\n<p>\u00ab Consid\u00e9rez les peines prononc\u00e9es par les tribunaux pour ce crime comme une forme de cl\u00e9mence, car vous \u00eates pleinement conscientes de sa gravit\u00e9 ; aucune sanction ne saurait lui \u00eatre \u00e9quivalente \u00bb, a ajout\u00e9 le Dr Bizimana.<\/p>\n<p>S\u2019adressant directement aux femmes concern\u00e9es, le Dr Bizimana a rappel\u00e9 que le gouvernement attend d\u2019elles qu\u2019elles se reprennent en main et assument pleinement leur r\u00f4le de m\u00e8res.<\/p>\n<p>\u00ab Ces formations visent \u00e0 vous aider \u00e0 redevenir des parents responsables, car vous vous en \u00e9tiez \u00e9loign\u00e9es. Un parent \u00e9l\u00e8ve ses enfants, il ne les tue pas. Allez donc soutenir le Rwanda dans la r\u00e9\u00e9ducation des autres, comme vous avez vous-m\u00eames \u00e9t\u00e9 accompagn\u00e9es dans votre r\u00e9\u00e9ducation \u00bb, a-t-il conclu.<\/p>\n<p>Ces sessions, lanc\u00e9es le 21 mai, se sont termin\u00e9es ce 30 mai 2025.<\/p>\n<figure class=\"spip-document spip-document-61717 aligncenter\"><img decoding=\"async\" src=\"https:\/\/fr.igihe.com\/IMG\/jpg\/fg-4.jpg\" alt=\"Plusieurs femmes en fin de peine, condamn\u00e9es pour leur participation au g\u00e9nocide contre les Tutsi en 1994, t\u00e9moignent d\u2019une profonde transformation\" \/><\/figure>\n<figure class=\"spip-document spip-document-61715 aligncenter\"><img decoding=\"async\" src=\"https:\/\/fr.igihe.com\/IMG\/jpg\/fg_0.jpg\" alt=\" Ces formations, actuellement en cours \u00e0 la prison de Nyamagabe, r\u00e9unissent 53 femmes d\u00e9tenues \u00e0 Ngoma, Nyarugenge, Musanze et Nyamagabe\" \/><\/figure>\n<figure class=\"spip-document spip-document-61718 aligncenter\"><img decoding=\"async\" src=\"https:\/\/fr.igihe.com\/IMG\/jpg\/fg_2-3.jpg\" alt=\"Gr\u00e2ce aux programmes de r\u00e9\u00e9ducation mis en place en d\u00e9tention, elles affirment s\u2019\u00eatre lib\u00e9r\u00e9es de la haine et des pr\u00e9jug\u00e9s qui les animaient autrefois\" \/><\/figure>\n<figure class=\"spip-document spip-document-61716 aligncenter\"><img decoding=\"async\" src=\"https:\/\/fr.igihe.com\/IMG\/jpg\/mb-6.jpg\" alt=\"Le ministre Bizimana a exhort\u00e9 chacun \u00e0 prendre pleinement conscience de la gravit\u00e9 du g\u00e9nocide commis contre les Tutsi\" \/><\/figure>\n","protected":false},"excerpt":{"rendered":"<p>Dans le cadre du processus de r\u00e9conciliation nationale, plusieurs femmes en fin de peine, condamn\u00e9es pour leur participation au g\u00e9nocide contre les Tutsi en 1994, t\u00e9moignent d\u2019une profonde transformation. Gr\u00e2ce aux programmes de r\u00e9\u00e9ducation mis en place en d\u00e9tention, elles affirment s\u2019\u00eatre lib\u00e9r\u00e9es de la haine et des pr\u00e9jug\u00e9s qui les animaient autrefois, et se disent pr\u00eates \u00e0 r\u00e9int\u00e9grer la soci\u00e9t\u00e9 rwandaise.<\/p>\n","protected":false},"author":488,"featured_media":4000061714,"comment_status":"open","ping_status":"open","sticky":false,"template":"","format":"standard","meta":{"footnotes":""},"categories":[7542],"tags":[7605],"byline":[9865],"hashtag":[],"class_list":["post-37807","post","type-post","status-publish","format-standard","has-post-thumbnail","hentry","category-art-de-vivre","tag-homenews","byline-alain-bertrand-tunezerwe"],"bylines":[{"id":9865,"name":"Alain Bertrand Tunezerwe","slug":"alain-bertrand-tunezerwe","description":"","image":{"id":0,"url":"https:\/\/secure.gravatar.com\/avatar\/?s=96&d=mm&f=y&r=g","alt":"Default avatar","title":"Default avatar","caption":"","mime_type":"image\/jpeg","sizes":[]},"user_id":452}],"contributors":[{"id":9865,"name":"Alain Bertrand Tunezerwe","slug":"alain-bertrand-tunezerwe","description":"","image":{"id":0,"url":"https:\/\/secure.gravatar.com\/avatar\/?s=96&d=mm&f=y&r=g","alt":"Default avatar","title":"Default avatar","caption":"","mime_type":"image\/jpeg","sizes":[]},"user_id":452}],"featured_image":{"id":4000061714,"url":"https:\/\/fr-images.igihe.com\/IMG\/logo\/cp-77.jpg","alt":"","caption":"","mime_type":"image\/jpeg","width":0,"height":0,"sizes":{"thumbnail":{"url":"https:\/\/fr-images.igihe.com\/IMG\/logo\/cp-77.jpg","width":1,"height":1},"medium":{"url":"https:\/\/fr-images.igihe.com\/IMG\/logo\/cp-77.jpg","width":1,"height":1},"medium_large":{"url":"https:\/\/fr-images.igihe.com\/IMG\/logo\/cp-77.jpg","width":1,"height":1},"large":{"url":"https:\/\/fr-images.igihe.com\/IMG\/logo\/cp-77.jpg","width":1,"height":1},"full":{"url":"https:\/\/fr-images.igihe.com\/IMG\/logo\/cp-77.jpg","width":0,"height":0}}},"_links":{"self":[{"href":"https:\/\/new.igihe.com\/french\/wp-json\/wp\/v2\/posts\/37807","targetHints":{"allow":["GET"]}}],"collection":[{"href":"https:\/\/new.igihe.com\/french\/wp-json\/wp\/v2\/posts"}],"about":[{"href":"https:\/\/new.igihe.com\/french\/wp-json\/wp\/v2\/types\/post"}],"author":[{"embeddable":true,"href":"https:\/\/new.igihe.com\/french\/wp-json\/wp\/v2\/users\/488"}],"replies":[{"embeddable":true,"href":"https:\/\/new.igihe.com\/french\/wp-json\/wp\/v2\/comments?post=37807"}],"version-history":[{"count":0,"href":"https:\/\/new.igihe.com\/french\/wp-json\/wp\/v2\/posts\/37807\/revisions"}],"wp:featuredmedia":[{"embeddable":true,"href":"https:\/\/new.igihe.com\/french\/wp-json\/wp\/v2\/media\/4000061714"}],"wp:attachment":[{"href":"https:\/\/new.igihe.com\/french\/wp-json\/wp\/v2\/media?parent=37807"}],"wp:term":[{"taxonomy":"category","embeddable":true,"href":"https:\/\/new.igihe.com\/french\/wp-json\/wp\/v2\/categories?post=37807"},{"taxonomy":"post_tag","embeddable":true,"href":"https:\/\/new.igihe.com\/french\/wp-json\/wp\/v2\/tags?post=37807"},{"taxonomy":"byline","embeddable":true,"href":"https:\/\/new.igihe.com\/french\/wp-json\/wp\/v2\/byline?post=37807"},{"taxonomy":"hashtag","embeddable":true,"href":"https:\/\/new.igihe.com\/french\/wp-json\/wp\/v2\/hashtag?post=37807"}],"curies":[{"name":"wp","href":"https:\/\/api.w.org\/{rel}","templated":true}]}}