{"id":37802,"date":"2025-05-30T13:48:55","date_gmt":"2025-05-30T13:48:55","guid":{"rendered":"https:\/\/new.igihe.com\/french\/Museveni-Le-refus-de-desarmer-les-forces-d-Habyarimana-a-precipite-la-chute-de-37802\/"},"modified":"2025-05-30T13:34:16","modified_gmt":"2025-05-30T13:34:16","slug":"Museveni-Le-refus-de-desarmer-les-forces-d-Habyarimana-a-precipite-la-chute-de","status":"publish","type":"post","link":"https:\/\/new.igihe.com\/french\/Museveni-Le-refus-de-desarmer-les-forces-d-Habyarimana-a-precipite-la-chute-de\/","title":{"rendered":"Museveni : Le refus de d\u00e9sarmer les forces d\u2019Habyarimana a pr\u00e9cipit\u00e9 la chute de Mobutu"},"content":{"rendered":"<p>S&#8217;exprimant lors d&#8217;une r\u00e9union de l\u2019organe charg\u00e9 du suivi de la mise en \u0153uvre de l\u2019Accord-cadre pour la paix, la s\u00e9curit\u00e9 et la coop\u00e9ration pour la RDC et la r\u00e9gion, le pr\u00e9sident Museveni a attribu\u00e9 les conflits persistants en R\u00e9publique d\u00e9mocratique du Congo aux politiques de discrimination attis\u00e9es par des puissances \u00e9trang\u00e8res sous les r\u00e9gimes de Mobutu et Habyarimana.<\/p>\n<p>\u00ab Mobutu ne se pr\u00e9occupait ni du sort de ses concitoyens ni de ses voisins. Il soutenait des groupes arm\u00e9s hostiles \u00e0 l\u2019Angola et rejetait nos id\u00e9aux, alors que nous menions une lutte contre le colonialisme. Lui, il s\u2019\u00e9tait rang\u00e9 de l\u2019autre c\u00f4t\u00e9 \u00bb, a-t-il d\u00e9clar\u00e9.<\/p>\n<p>\u00c9voquant la situation du Rwanda \u00e0 l\u2019\u00e9poque, Museveni est revenu sur le sort des Rwandais exil\u00e9s depuis 1959, ainsi que de ceux n\u00e9s en exil, qui avaient commenc\u00e9 \u00e0 s\u2019organiser pour regagner leur pays. Il a rappel\u00e9 qu\u2019\u00e0 cette p\u00e9riode, le pr\u00e9sident Juv\u00e9nal Habyarimana avait \u00e9t\u00e9 invit\u00e9 \u00e0 faciliter leur retour pacifique, mais qu\u2019il s\u2019y \u00e9tait fermement oppos\u00e9.<\/p>\n<p>\u00ab Habyarimana a dit : Non, il n\u2019y a pas de place pour eux, le Rwanda est plein. \u00bb Face \u00e0 cette impasse, ceux qui ne pouvaient plus supporter la situation sont rentr\u00e9s par la force et ont lanc\u00e9 une offensive contre le Rwanda. Mobutu est alors intervenu pour soutenir Habyarimana et les extr\u00e9mistes hutus. C\u2019est \u00e0 ce moment-l\u00e0 que les crises du Congo et du Rwanda ont commenc\u00e9 \u00e0 s\u2019entrem\u00ealer \u00bb, a expliqu\u00e9 Museveni.<\/p>\n<p>Lors de la guerre de lib\u00e9ration lanc\u00e9e en 1990 par le Front patriotique rwandais (FPR-Inkotanyi), les troupes de Mobutu, plac\u00e9es sous le commandement du g\u00e9n\u00e9ral Donatien Mahele Lieko Bokungu, surnomm\u00e9 \u00ab Tigre \u00bb, ont combattu aux c\u00f4t\u00e9s des ex-Forces arm\u00e9es rwandaises (ex-FAR) fid\u00e8les au pr\u00e9sident Habyarimana. <\/p>\n<p>D\u00e9faites de mani\u00e8re flagrante, elles se sont repli\u00e9es ensemble vers l\u2019est de la R\u00e9publique d\u00e9mocratique du Congo, entra\u00eenant avec elles les milices Interahamwe, apr\u00e8s avoir perp\u00e9tr\u00e9 l\u2019un des g\u00e9nocides les plus barbares et consid\u00e9r\u00e9s comme le plus rapide du XXe si\u00e8cle : le g\u00e9nocide commis contre les Tutsi au Rwanda en 1994.<\/p>\n<p>Museveni a expliqu\u00e9 qu\u2019apr\u00e8s cette d\u00e9faite, Mobutu avait \u00e9t\u00e9 somm\u00e9 de d\u00e9sarmer les forces r\u00e9fugi\u00e9es sur son territoire, ce qu&#8217;il a cat\u00e9goriquement refus\u00e9 de faire. Selon le pr\u00e9sident ougandais, ce refus a contraint le Rwanda \u00e0 intervenir militairement.<\/p>\n<p>\u00ab Les forces de Habyarimana ont \u00e9t\u00e9 vaincues et se sont repli\u00e9es \u00e0 Goma. Nous avons demand\u00e9 \u00e0 Mobutu de les d\u00e9sarmer, mais il a refus\u00e9 d\u2019entendre raison. Il estimait que les populations locales n\u2019avaient aucune importance, que les pays voisins ne comptaient pas, et que seuls les \u00e9trangers qui le soutenaient avaient de la valeur. Pourquoi Mobutu a-t-il refus\u00e9 d\u2019\u00e9couter ? Pourtant, nous \u00e9tions l\u00e0, pr\u00eats \u00e0 l\u2019aider \u00bb, a-t-il d\u00e9clar\u00e9.<\/p>\n<p>Selon Museveni, le refus de Mobutu de coop\u00e9rer a rendu in\u00e9vitable l\u2019intervention de forces rwandaises en octobre 1996, entra\u00eenant la chute de son r\u00e9gime quelques mois plus tard. <\/p>\n<p>Mobutu Sese Seko, arriv\u00e9 au pouvoir en 1971 apr\u00e8s avoir \u00e9vinc\u00e9 Joseph Kasa-Vubu, a \u00e9t\u00e9 renvers\u00e9 en mai 1997. Il a alors \u00e9t\u00e9 remplac\u00e9 par Laurent-D\u00e9sir\u00e9 Kabila, chef du mouvement arm\u00e9 AFDL (Alliance des forces d\u00e9mocratiques pour la lib\u00e9ration du Congo).<\/p>\n<p>Exil\u00e9 au Maroc, Mobutu est d\u00e9c\u00e9d\u00e9 en septembre 1997 des suites d\u2019un cancer de la prostate.<\/p>\n<figure class=\"spip-document spip-document-61706 aligncenter\"><img decoding=\"async\" src=\"https:\/\/fr.igihe.com\/IMG\/jpg\/ym-7.jpg\" alt=\"Le pr\u00e9sident ougandais a estim\u00e9 que Mobutu Sese Seko, aurait pu conserver le pouvoir s\u2019il avait consenti \u00e0 d\u00e9sarmer les forces de Juv\u00e9nal Habyarimana r\u00e9fugi\u00e9es sur son territoire\" \/><\/figure>\n<figure class=\"spip-document spip-document-61705 aligncenter\"><img decoding=\"async\" src=\"https:\/\/fr.igihe.com\/IMG\/jpg\/hm.jpg\" alt=\"Les conflits persistants en RDC r\u00e9sultent des politiques de discrimination attis\u00e9es par des puissances \u00e9trang\u00e8res sous les r\u00e9gimes de Mobutu et Habyarimana\" \/><\/figure>\n","protected":false},"excerpt":{"rendered":"<p>Le pr\u00e9sident ougandais Yoweri Museveni a estim\u00e9 que Mobutu Sese Seko, alors \u00e0 la t\u00eate du Za\u00efre (aujourd\u2019hui R\u00e9publique d\u00e9mocratique du Congo), aurait pu conserver le pouvoir s\u2019il avait consenti \u00e0 d\u00e9sarmer les forces de Juv\u00e9nal Habyarimana r\u00e9fugi\u00e9es sur son territoire. Selon lui, ce refus fut l\u2019un des principaux facteurs ayant conduit \u00e0 la chute de son r\u00e9gime en 1997.<\/p>\n","protected":false},"author":488,"featured_media":4000061704,"comment_status":"open","ping_status":"open","sticky":false,"template":"","format":"standard","meta":{"footnotes":""},"categories":[7544],"tags":[7605],"byline":[9865],"hashtag":[],"class_list":["post-37802","post","type-post","status-publish","format-standard","has-post-thumbnail","hentry","category-politique","tag-homenews","byline-alain-bertrand-tunezerwe"],"bylines":[{"id":9865,"name":"Alain Bertrand Tunezerwe","slug":"alain-bertrand-tunezerwe","description":"","image":{"id":0,"url":"https:\/\/secure.gravatar.com\/avatar\/?s=96&d=mm&f=y&r=g","alt":"Default avatar","title":"Default avatar","caption":"","mime_type":"image\/jpeg","sizes":[]},"user_id":452}],"contributors":[{"id":9865,"name":"Alain Bertrand Tunezerwe","slug":"alain-bertrand-tunezerwe","description":"","image":{"id":0,"url":"https:\/\/secure.gravatar.com\/avatar\/?s=96&d=mm&f=y&r=g","alt":"Default avatar","title":"Default avatar","caption":"","mime_type":"image\/jpeg","sizes":[]},"user_id":452}],"featured_image":{"id":4000061704,"url":"https:\/\/fr-images.igihe.com\/IMG\/logo\/cp-74.jpg","alt":"","caption":"","mime_type":"image\/jpeg","width":0,"height":0,"sizes":{"thumbnail":{"url":"https:\/\/fr-images.igihe.com\/IMG\/logo\/cp-74.jpg","width":1,"height":1},"medium":{"url":"https:\/\/fr-images.igihe.com\/IMG\/logo\/cp-74.jpg","width":1,"height":1},"medium_large":{"url":"https:\/\/fr-images.igihe.com\/IMG\/logo\/cp-74.jpg","width":1,"height":1},"large":{"url":"https:\/\/fr-images.igihe.com\/IMG\/logo\/cp-74.jpg","width":1,"height":1},"full":{"url":"https:\/\/fr-images.igihe.com\/IMG\/logo\/cp-74.jpg","width":0,"height":0}}},"_links":{"self":[{"href":"https:\/\/new.igihe.com\/french\/wp-json\/wp\/v2\/posts\/37802","targetHints":{"allow":["GET"]}}],"collection":[{"href":"https:\/\/new.igihe.com\/french\/wp-json\/wp\/v2\/posts"}],"about":[{"href":"https:\/\/new.igihe.com\/french\/wp-json\/wp\/v2\/types\/post"}],"author":[{"embeddable":true,"href":"https:\/\/new.igihe.com\/french\/wp-json\/wp\/v2\/users\/488"}],"replies":[{"embeddable":true,"href":"https:\/\/new.igihe.com\/french\/wp-json\/wp\/v2\/comments?post=37802"}],"version-history":[{"count":0,"href":"https:\/\/new.igihe.com\/french\/wp-json\/wp\/v2\/posts\/37802\/revisions"}],"wp:featuredmedia":[{"embeddable":true,"href":"https:\/\/new.igihe.com\/french\/wp-json\/wp\/v2\/media\/4000061704"}],"wp:attachment":[{"href":"https:\/\/new.igihe.com\/french\/wp-json\/wp\/v2\/media?parent=37802"}],"wp:term":[{"taxonomy":"category","embeddable":true,"href":"https:\/\/new.igihe.com\/french\/wp-json\/wp\/v2\/categories?post=37802"},{"taxonomy":"post_tag","embeddable":true,"href":"https:\/\/new.igihe.com\/french\/wp-json\/wp\/v2\/tags?post=37802"},{"taxonomy":"byline","embeddable":true,"href":"https:\/\/new.igihe.com\/french\/wp-json\/wp\/v2\/byline?post=37802"},{"taxonomy":"hashtag","embeddable":true,"href":"https:\/\/new.igihe.com\/french\/wp-json\/wp\/v2\/hashtag?post=37802"}],"curies":[{"name":"wp","href":"https:\/\/api.w.org\/{rel}","templated":true}]}}