{"id":37800,"date":"2025-05-30T12:37:47","date_gmt":"2025-05-30T12:37:47","guid":{"rendered":"https:\/\/new.igihe.com\/french\/Arrestation-de-Hyacinthe-Bicamumpaka-pour-son-role-presume-dans-le-genocide-37800\/"},"modified":"2025-05-30T12:34:54","modified_gmt":"2025-05-30T12:34:54","slug":"Arrestation-de-Hyacinthe-Bicamumpaka-pour-son-role-presume-dans-le-genocide","status":"publish","type":"post","link":"https:\/\/new.igihe.com\/french\/Arrestation-de-Hyacinthe-Bicamumpaka-pour-son-role-presume-dans-le-genocide\/","title":{"rendered":"Arrestation de Hyacinthe Bicamumpaka pour son r\u00f4le pr\u00e9sum\u00e9 dans le g\u00e9nocide contre les Tutsi"},"content":{"rendered":"<p>L\u2019arrestation de Hyacinthe Bicamumpaka a \u00e9t\u00e9 largement relay\u00e9e par les m\u00e9dias ce jeudi 29 mai 2025. Toutefois, selon des informations r\u00e9v\u00e9l\u00e9es par Le Parisien, elle serait intervenue d\u00e8s le mois d\u2019avril.<\/p>\n<p>Bicamumpaka est poursuivi pour participation au g\u00e9nocide contre les Tutsi, complicit\u00e9 de crimes contre l\u2019humanit\u00e9 et incitation \u00e0 commettre des crimes. \u00c0 l\u2019\u00e9poque des faits, il exer\u00e7ait comme journaliste \u00e0 la &#8216;Radio Rwanda&#8217;, o\u00f9 il aurait utilis\u00e9 les ondes pour inciter les Hutu \u00e0 massacrer les Tutsi, \u00e0 travers des propos ouvertement haineux.<\/p>\n<p>Les autorit\u00e9s judiciaires fran\u00e7aises avaient confirm\u00e9 sa mise en d\u00e9tention provisoire le 9 mai 2025.<\/p>\n<p>Selon les \u00e9l\u00e9ments de l\u2019enqu\u00eate, Hyacinthe Bicamumpaka s\u2019est particuli\u00e8rement fait remarquer en juin 1994 par un discours alarmant, prononc\u00e9 alors que les troupes fid\u00e8les au pr\u00e9sident Juv\u00e9nal Habyarimana, accul\u00e9es sur le terrain et conscientes qu\u2019elles allaient perdre la guerre face au Front patriotique rwandais (FPR), fuyaient d\u00e9sesp\u00e9r\u00e9ment.<\/p>\n<p>\u00ab M\u00eame si nous perdons cette guerre, nous reviendrons \u00bb, avait-il notamment d\u00e9clar\u00e9, pour ensuite ajouter que \u00ab le FPR h\u00e9ritera d\u2019un pays r\u00e9duit \u00e0 n\u00e9ant  \u00bb.<\/p>\n<p>\u00c0 peine deux semaines apr\u00e8s ces propos, il quitta le pays pour la France.<\/p>\n<p>En 1995, il avait \u00e9t\u00e9 pris en charge dans un centre d\u2019accueil pour demandeurs d\u2019asile \u00e9tabli dans le d\u00e9partement de Sa\u00f4ne-et-Loire.<\/p>\n<figure class=\"spip-document spip-document-61700 aligncenter\"><img decoding=\"async\" src=\"https:\/\/fr.igihe.com\/IMG\/png\/screenshot_8_.png\" alt=\"Hyacinthe Bicamumpaka \u00e9tait journaliste \u00e0 la &#039;Radio Rwanda&#039;, o\u00f9 il aurait incit\u00e9 les Hutu \u00e0 massacrer les Tutsi\" \/><\/figure>\n","protected":false},"excerpt":{"rendered":"<p>Les autorit\u00e9s judiciaires fran\u00e7aises ont proc\u00e9d\u00e9 \u00e0 l\u2019arrestation du journaliste Hyacinthe Bicamumpaka, suspect\u00e9 d\u2019avoir particip\u00e9 au g\u00e9nocide perp\u00e9tr\u00e9 contre les Tutsi au Rwanda en 1994.<\/p>\n","protected":false},"author":488,"featured_media":4000061703,"comment_status":"open","ping_status":"open","sticky":false,"template":"","format":"standard","meta":{"footnotes":""},"categories":[7542],"tags":[7605],"byline":[9865],"hashtag":[],"class_list":["post-37800","post","type-post","status-publish","format-standard","has-post-thumbnail","hentry","category-art-de-vivre","tag-homenews","byline-alain-bertrand-tunezerwe"],"bylines":[{"id":9865,"name":"Alain Bertrand Tunezerwe","slug":"alain-bertrand-tunezerwe","description":"","image":{"id":0,"url":"https:\/\/secure.gravatar.com\/avatar\/?s=96&d=mm&f=y&r=g","alt":"Default avatar","title":"Default avatar","caption":"","mime_type":"image\/jpeg","sizes":[]},"user_id":452}],"contributors":[{"id":9865,"name":"Alain Bertrand Tunezerwe","slug":"alain-bertrand-tunezerwe","description":"","image":{"id":0,"url":"https:\/\/secure.gravatar.com\/avatar\/?s=96&d=mm&f=y&r=g","alt":"Default avatar","title":"Default avatar","caption":"","mime_type":"image\/jpeg","sizes":[]},"user_id":452}],"featured_image":{"id":4000061703,"url":"https:\/\/fr-images.igihe.com\/IMG\/logo\/cp.png","alt":"","caption":"","mime_type":"image\/png","width":0,"height":0,"sizes":{"thumbnail":{"url":"https:\/\/fr-images.igihe.com\/IMG\/logo\/cp.png","width":1,"height":1},"medium":{"url":"https:\/\/fr-images.igihe.com\/IMG\/logo\/cp.png","width":1,"height":1},"medium_large":{"url":"https:\/\/fr-images.igihe.com\/IMG\/logo\/cp.png","width":1,"height":1},"large":{"url":"https:\/\/fr-images.igihe.com\/IMG\/logo\/cp.png","width":1,"height":1},"full":{"url":"https:\/\/fr-images.igihe.com\/IMG\/logo\/cp.png","width":0,"height":0}}},"_links":{"self":[{"href":"https:\/\/new.igihe.com\/french\/wp-json\/wp\/v2\/posts\/37800","targetHints":{"allow":["GET"]}}],"collection":[{"href":"https:\/\/new.igihe.com\/french\/wp-json\/wp\/v2\/posts"}],"about":[{"href":"https:\/\/new.igihe.com\/french\/wp-json\/wp\/v2\/types\/post"}],"author":[{"embeddable":true,"href":"https:\/\/new.igihe.com\/french\/wp-json\/wp\/v2\/users\/488"}],"replies":[{"embeddable":true,"href":"https:\/\/new.igihe.com\/french\/wp-json\/wp\/v2\/comments?post=37800"}],"version-history":[{"count":0,"href":"https:\/\/new.igihe.com\/french\/wp-json\/wp\/v2\/posts\/37800\/revisions"}],"wp:featuredmedia":[{"embeddable":true,"href":"https:\/\/new.igihe.com\/french\/wp-json\/wp\/v2\/media\/4000061703"}],"wp:attachment":[{"href":"https:\/\/new.igihe.com\/french\/wp-json\/wp\/v2\/media?parent=37800"}],"wp:term":[{"taxonomy":"category","embeddable":true,"href":"https:\/\/new.igihe.com\/french\/wp-json\/wp\/v2\/categories?post=37800"},{"taxonomy":"post_tag","embeddable":true,"href":"https:\/\/new.igihe.com\/french\/wp-json\/wp\/v2\/tags?post=37800"},{"taxonomy":"byline","embeddable":true,"href":"https:\/\/new.igihe.com\/french\/wp-json\/wp\/v2\/byline?post=37800"},{"taxonomy":"hashtag","embeddable":true,"href":"https:\/\/new.igihe.com\/french\/wp-json\/wp\/v2\/hashtag?post=37800"}],"curies":[{"name":"wp","href":"https:\/\/api.w.org\/{rel}","templated":true}]}}