{"id":37795,"date":"2025-05-30T10:18:14","date_gmt":"2025-05-30T10:18:14","guid":{"rendered":"https:\/\/new.igihe.com\/french\/Deux-casques-bleus-rwandais-decores-a-titre-posthume-des-medailles-Dag-37795\/"},"modified":"2025-05-30T10:16:49","modified_gmt":"2025-05-30T10:16:49","slug":"Deux-casques-bleus-rwandais-decores-a-titre-posthume-des-medailles-Dag","status":"publish","type":"post","link":"https:\/\/new.igihe.com\/french\/Deux-casques-bleus-rwandais-decores-a-titre-posthume-des-medailles-Dag\/","title":{"rendered":"Deux casques bleus rwandais d\u00e9cor\u00e9s \u00e0 titre posthume des m\u00e9dailles Dag Hammarskj\u00f6ld"},"content":{"rendered":"<p>La c\u00e9r\u00e9monie, qui s\u2019est tenue ce 29 mai 2025 au si\u00e8ge des Nations Unies \u00e0 New York, a \u00e9t\u00e9 pr\u00e9sid\u00e9e par le Secr\u00e9taire g\u00e9n\u00e9ral Ant\u00f3nio Guterres, qui a remis ces prestigieuses m\u00e9dailles.<\/p>\n<p>Les deux soldats rwandais honor\u00e9s sont le sergent-chef Fiston Murwanashyaka, d\u00e9c\u00e9d\u00e9 le 24 f\u00e9vrier 2024, et le caporal Eliakim Niyitegeka, d\u00e9c\u00e9d\u00e9 le 11 juillet 2024.<\/p>\n<p>Tous deux ont perdu la vie alors qu\u2019ils servaient au sein de la Mission multidimensionnelle int\u00e9gr\u00e9e des Nations Unies pour la stabilisation en R\u00e9publique centrafricaine (MINUSCA).<\/p>\n<p>Les m\u00e9dailles ont \u00e9t\u00e9 re\u00e7ues au nom des familles des soldats tomb\u00e9s par Martin Ngoga, ambassadeur du Rwanda aupr\u00e8s des Nations Unies.<\/p>\n<p>Les m\u00e9dailles Dag Hammarskj\u00f6ld portent le nom du deuxi\u00e8me Secr\u00e9taire g\u00e9n\u00e9ral des Nations Unies, Dag Hammarskj\u00f6ld, qui est tragiquement d\u00e9c\u00e9d\u00e9 dans un accident d\u2019avion en Zambie en septembre 1961.<\/p>\n<p>Le 22 juillet 1997, le Conseil de s\u00e9curit\u00e9 de l\u2019ONU a cr\u00e9\u00e9 ces m\u00e9dailles pour honorer ceux qui sacrifient leur vie lors de missions de maintien de paix sous mandat de l\u2019ONU.<\/p>\n<p>Lors de la m\u00eame c\u00e9r\u00e9monie, le Secr\u00e9taire g\u00e9n\u00e9ral Ant\u00f3nio Guterres a \u00e9galement d\u00e9pos\u00e9 une gerbe en hommage aux 4 400 casques bleus tomb\u00e9s depuis 1948.<\/p>\n<p>\u00ab Au fil des d\u00e9cennies, plus de 2 millions d\u2019hommes et de femmes ont servi dans 71 missions \u00e0 travers quatre continents \u00bb, a d\u00e9clar\u00e9 Ant\u00f3nio Guterres lors de la remise des m\u00e9dailles Dag Hammarskj\u00f6ld.<\/p>\n<p>\u00ab Au sein des communaut\u00e9s et des pays o\u00f9 ils interviennent, les casques bleus incarnent le meilleur des Nations Unies. Ensemble, ils ont contribu\u00e9 \u00e0 am\u00e9liorer la vie de millions de personnes. \u00bb<\/p>\n<p>Ant\u00f3nio Guterres a soulign\u00e9 les d\u00e9fis complexes auxquels les casques bleus sont aujourd\u2019hui confront\u00e9s \u2014 le terrorisme, la criminalit\u00e9 transfrontali\u00e8re et la d\u00e9sinformation \u2014 des menaces qui les rendent particuli\u00e8rement vuln\u00e9rables aux attaques.<\/p>\n<p>Il a insist\u00e9 sur la n\u00e9cessit\u00e9 d\u2019adapter les op\u00e9rations de maintien de paix afin de faire face \u00e0 ces nouvelles r\u00e9alit\u00e9s dans un contexte mondial difficile.<\/p>\n<p>Lors de la c\u00e9r\u00e9monie, Guterres a \u00e9galement remis le Prix du D\u00e9fenseur militaire de l\u2019\u00e9galit\u00e9 des sexes de l\u2019ONU 2024 \u00e0 Sharon Mwinsote Syme, originaire du Ghana.<\/p>\n<p>Par ailleurs, la Chief Superintendent Zainab Gbla, originaire de Sierra Leone, a re\u00e7u le Prix de la femme officier de police de l\u2019ann\u00e9e. Ces deux femmes ont servi au sein de la Force int\u00e9rimaire des Nations Unies pour Abyei.<\/p>\n<p>Les c\u00e9r\u00e9monies de ce jeudi ont \u00e9galement marqu\u00e9 la c\u00e9l\u00e9bration annuelle de la Journ\u00e9e internationale des casques bleus, comm\u00e9mor\u00e9e chaque 29 mai.<\/p>\n<figure class=\"spip-document spip-document-61688 aligncenter\"><img decoding=\"async\" src=\"https:\/\/fr.igihe.com\/IMG\/jpg\/rp_2-3.jpg\" alt=\"Les Nations Unies ont d\u00e9cern\u00e9 \u00e0 titre posthume les m\u00e9dailles Dag Hammarskj\u00f6ld \u00e0 57 casques bleus, dont deux Rwandais\" \/><\/figure>\n<p><doc61689|center><\/p>\n<figure class=\"spip-document spip-document-61690 aligncenter\"><img decoding=\"async\" src=\"https:\/\/fr.igihe.com\/IMG\/jpg\/rp_1-3.jpg\" alt=\"Les m\u00e9dailles ont \u00e9t\u00e9 re\u00e7ues au nom des familles des soldats tomb\u00e9s par Martin Ngoga, ambassadeur du Rwanda aupr\u00e8s des Nations Unies\" \/><\/figure>\n","protected":false},"excerpt":{"rendered":"<p>Les Nations Unies (ONU) ont d\u00e9cern\u00e9 \u00e0 titre posthume les m\u00e9dailles Dag Hammarskj\u00f6ld \u00e0 57 casques bleus provenant de plus de 30 pays, parmi lesquels deux soldats rwandais d\u00e9c\u00e9d\u00e9s en 2024 alors qu\u2019ils servaient sous le drapeau de l\u2019ONU, ainsi qu\u2019un soldat fran\u00e7ais port\u00e9 disparu en 1973.<\/p>\n","protected":false},"author":488,"featured_media":4000061687,"comment_status":"open","ping_status":"open","sticky":false,"template":"","format":"standard","meta":{"footnotes":""},"categories":[7529],"tags":[7605],"byline":[9865],"hashtag":[],"class_list":["post-37795","post","type-post","status-publish","format-standard","has-post-thumbnail","hentry","category-actualite-3","tag-homenews","byline-alain-bertrand-tunezerwe"],"bylines":[{"id":9865,"name":"Alain Bertrand Tunezerwe","slug":"alain-bertrand-tunezerwe","description":"","image":{"id":0,"url":"https:\/\/secure.gravatar.com\/avatar\/?s=96&d=mm&f=y&r=g","alt":"Default avatar","title":"Default avatar","caption":"","mime_type":"image\/jpeg","sizes":[]},"user_id":452}],"contributors":[{"id":9865,"name":"Alain Bertrand Tunezerwe","slug":"alain-bertrand-tunezerwe","description":"","image":{"id":0,"url":"https:\/\/secure.gravatar.com\/avatar\/?s=96&d=mm&f=y&r=g","alt":"Default avatar","title":"Default avatar","caption":"","mime_type":"image\/jpeg","sizes":[]},"user_id":452}],"featured_image":{"id":4000061687,"url":"https:\/\/fr-images.igihe.com\/IMG\/logo\/cp-73.jpg","alt":"","caption":"","mime_type":"image\/jpeg","width":0,"height":0,"sizes":{"thumbnail":{"url":"https:\/\/fr-images.igihe.com\/IMG\/logo\/cp-73.jpg","width":1,"height":1},"medium":{"url":"https:\/\/fr-images.igihe.com\/IMG\/logo\/cp-73.jpg","width":1,"height":1},"medium_large":{"url":"https:\/\/fr-images.igihe.com\/IMG\/logo\/cp-73.jpg","width":1,"height":1},"large":{"url":"https:\/\/fr-images.igihe.com\/IMG\/logo\/cp-73.jpg","width":1,"height":1},"full":{"url":"https:\/\/fr-images.igihe.com\/IMG\/logo\/cp-73.jpg","width":0,"height":0}}},"_links":{"self":[{"href":"https:\/\/new.igihe.com\/french\/wp-json\/wp\/v2\/posts\/37795","targetHints":{"allow":["GET"]}}],"collection":[{"href":"https:\/\/new.igihe.com\/french\/wp-json\/wp\/v2\/posts"}],"about":[{"href":"https:\/\/new.igihe.com\/french\/wp-json\/wp\/v2\/types\/post"}],"author":[{"embeddable":true,"href":"https:\/\/new.igihe.com\/french\/wp-json\/wp\/v2\/users\/488"}],"replies":[{"embeddable":true,"href":"https:\/\/new.igihe.com\/french\/wp-json\/wp\/v2\/comments?post=37795"}],"version-history":[{"count":0,"href":"https:\/\/new.igihe.com\/french\/wp-json\/wp\/v2\/posts\/37795\/revisions"}],"wp:featuredmedia":[{"embeddable":true,"href":"https:\/\/new.igihe.com\/french\/wp-json\/wp\/v2\/media\/4000061687"}],"wp:attachment":[{"href":"https:\/\/new.igihe.com\/french\/wp-json\/wp\/v2\/media?parent=37795"}],"wp:term":[{"taxonomy":"category","embeddable":true,"href":"https:\/\/new.igihe.com\/french\/wp-json\/wp\/v2\/categories?post=37795"},{"taxonomy":"post_tag","embeddable":true,"href":"https:\/\/new.igihe.com\/french\/wp-json\/wp\/v2\/tags?post=37795"},{"taxonomy":"byline","embeddable":true,"href":"https:\/\/new.igihe.com\/french\/wp-json\/wp\/v2\/byline?post=37795"},{"taxonomy":"hashtag","embeddable":true,"href":"https:\/\/new.igihe.com\/french\/wp-json\/wp\/v2\/hashtag?post=37795"}],"curies":[{"name":"wp","href":"https:\/\/api.w.org\/{rel}","templated":true}]}}