{"id":37793,"date":"2025-05-29T19:12:39","date_gmt":"2025-05-29T19:12:39","guid":{"rendered":"https:\/\/new.igihe.com\/french\/Le-President-Kagame-appelle-a-repenser-la-gestion-des-conflits-mondiaux-37793\/"},"modified":"2025-05-29T19:12:28","modified_gmt":"2025-05-29T19:12:28","slug":"Le-President-Kagame-appelle-a-repenser-la-gestion-des-conflits-mondiaux","status":"publish","type":"post","link":"https:\/\/new.igihe.com\/french\/Le-President-Kagame-appelle-a-repenser-la-gestion-des-conflits-mondiaux\/","title":{"rendered":"Le Pr\u00e9sident Kagame appelle \u00e0 repenser la gestion des conflits mondiaux"},"content":{"rendered":"<p>S\u2019exprimant lors du Forum international d\u2019Astana 2025, au Kazakhstan, le Pr\u00e9sident Paul Kagame a mis en garde contre l\u2019inefficacit\u00e9 du mod\u00e8le actuel de m\u00e9diation des conflits, fond\u00e9 sur les cessez-le-feu et une diplomatie \u00e0 court terme, affirmant qu\u2019il n\u2019avait jamais permis d\u2019instaurer une paix v\u00e9ritable et durable.<\/p>\n<p>\u00ab On accorde davantage d\u2019attention \u00e0 la gestion des conflits qu\u2019\u00e0 la r\u00e9solution de leurs causes profondes \u00bb, a-t-il d\u00e9clar\u00e9 lors d\u2019une s\u00e9ance pl\u00e9ni\u00e8re \u00e0 laquelle assistaient le pr\u00e9sident kazakh Kassym-Jomart Toka\u00efev, la pr\u00e9sidente de la Mac\u00e9doine du Nord, Gordana Davukova, ainsi que de nombreuses autres personnalit\u00e9s internationales.<\/p>\n<p>\u00ab On peut calmer une situation pendant quelques mois, voire quelques ann\u00e9es, mais la m\u00eame crise finit souvent par ressurgir, parfois de mani\u00e8re encore plus grave, ou laisse place \u00e0 de nouveaux conflits. Il ne s\u2019agit donc pas simplement de g\u00e9rer les crises, mais de s\u2019attaquer \u00e0 leurs causes profondes. \u00bb<\/p>\n<p>Le Pr\u00e9sident Kagame a soulign\u00e9 que des probl\u00e8mes anciens et non r\u00e9solus, aggrav\u00e9s par des int\u00e9r\u00eats particuliers, alimentent l\u2019instabilit\u00e9 dans plusieurs r\u00e9gions, notamment en Afrique.<\/p>\n<p> Il a cit\u00e9, entre autres, les conflits persistants au Soudan et dans l\u2019est de la R\u00e9publique d\u00e9mocratique du Congo (RDC), o\u00f9 les rebelles du M23 ont r\u00e9cemment pris le contr\u00f4le de vastes territoires.<\/p>\n<p>Le Forum international d\u2019Astana, plac\u00e9 sous le th\u00e8me \u00ab Connecter les esprits, fa\u00e7onner l\u2019avenir \u00bb, a rassembl\u00e9 plus de 5 000 participants venus du monde entier. Ils ont \u00e9chang\u00e9 autour des grandes crises mondiales interconnect\u00e9es, telles que le changement climatique, les enjeux \u00e9nerg\u00e9tiques, les tensions g\u00e9opolitiques et la r\u00e9silience \u00e9conomique.<\/p>\n<p>Lors de la s\u00e9ance pl\u00e9ni\u00e8re, le Pr\u00e9sident Kagame a \u00e9galement retrac\u00e9 le parcours de reconstruction du Rwanda apr\u00e8s le g\u00e9nocide contre les Tutsi de 1994, insistant sur l\u2019importance de la r\u00e9silience et des solutions endog\u00e8nes.<\/p>\n<p>\u00ab Nous avons tir\u00e9 des le\u00e7ons de notre histoire, alors que le g\u00e9nocide se d\u00e9roulait et que le reste du monde d\u00e9tournait le regard \u00bb, a-t-il d\u00e9clar\u00e9. \u00ab Nous avons commenc\u00e9 par recoller les morceaux et b\u00e2tir une confiance qui nous a permis de cr\u00e9er des institutions responsables, \u00e0 l\u2019\u00e9coute des besoins de notre peuple. \u00bb<\/p>\n<p>Reconnaissant l\u2019importance du soutien ext\u00e9rieur dont a b\u00e9n\u00e9fici\u00e9 le Rwanda, Paul Kagame a insist\u00e9 sur le fait que cette aide n\u2019aurait pas port\u00e9 ses fruits si elle n\u2019avait pas \u00e9t\u00e9 accompagn\u00e9e d\u2019un engagement fort au niveau national.<\/p>\n<p>\u00ab Nous avons re\u00e7u le soutien de nombreux amis et partenaires, mais cela n\u2019aurait eu aucun impact si nous n\u2019\u00e9tions pas rest\u00e9s unis et si nous n\u2019avions pas fait notre part de l\u2019int\u00e9rieur \u00bb, a-t-il ajout\u00e9.<\/p>\n<p>Le Chef de l\u2019\u00c9tat a soulign\u00e9 que ce principe concerne toutes les nations, qu\u2019il s\u2019agisse de petits \u00c9tats, de pays en voie de d\u00e9veloppement ou d\u2019autres, et s\u2019applique \u00e0 toutes celles qui souhaitent garantir leur avenir dans un monde de plus en plus instable.<\/p>\n<p>Le Pr\u00e9sident a \u00e9galement dress\u00e9 un constat critique de l\u2019architecture financi\u00e8re mondiale, qu\u2019il a qualifi\u00e9e de \u00ab structurellement d\u00e9faillante et politiquement biais\u00e9e \u00bb.<\/p>\n<p>Selon lui, les pays en voie de d\u00e9veloppement subissent encore des \u00e9valuations des risques d\u00e9pass\u00e9es et une application in\u00e9gale des r\u00e8gles financi\u00e8res internationales, ce qui limite leur acc\u00e8s au financement et freine leur d\u00e9veloppement.<\/p>\n<p>\u00ab On parle beaucoup de r\u00e9former l\u2019architecture financi\u00e8re mondiale\u2026 Mais le probl\u00e8me n\u2019est pas seulement structurel, il est aussi politique \u00bb, a d\u00e9clar\u00e9 Paul Kagame, tout en appellant \u00e0 un renouveau de la coop\u00e9ration Sud-Sud, notamment entre l\u2019Afrique et l\u2019Asie centrale, qu\u2019il a pr\u00e9sent\u00e9 comme un compl\u00e9ment strat\u00e9gique \u2014 et non une alternative \u2014 \u00e0 l\u2019engagement global.<\/p>\n<figure class=\"spip-document spip-document-61681 aligncenter\"><img decoding=\"async\" src=\"https:\/\/fr.igihe.com\/IMG\/jpg\/pk_1-64.jpg\" alt=\"Le Pr\u00e9sident Paul Kagame a appel\u00e9 la communaut\u00e9 internationale \u00e0 changer radicalement son approche de la gestion des conflits mondiaux\" \/><\/figure>\n<figure class=\"spip-document spip-document-61680 aligncenter\"><img decoding=\"async\" src=\"https:\/\/fr.igihe.com\/IMG\/jpg\/pk_4-28.jpg\" alt=\"Le Forum international d\u2019Astana a r\u00e9uni plus de 5 000 participants pour discuter des crises mondiales li\u00e9es au climat, \u00e0 l\u2019\u00e9nergie, \u00e0 la g\u00e9opolitique et \u00e0 l\u2019\u00e9conomie\" \/><\/figure>\n<figure class=\"spip-document spip-document-61679 aligncenter\"><img decoding=\"async\" src=\"https:\/\/fr.igihe.com\/IMG\/jpg\/pk_3-48.jpg\" alt=\"Le Forum international d\u2019Astana \u00e9tait plac\u00e9 sous le th\u00e8me \u00ab Connecter les esprits, fa\u00e7onner l\u2019avenir \u00bb\" \/><\/figure>\n<figure class=\"spip-document spip-document-61682 aligncenter\"><img decoding=\"async\" src=\"https:\/\/fr.igihe.com\/IMG\/jpg\/pk_2-65.jpg\" alt=\"\" \/><\/figure>\n","protected":false},"excerpt":{"rendered":"<p>Le Pr\u00e9sident Paul Kagame a appel\u00e9 la communaut\u00e9 internationale \u00e0 changer radicalement son approche de la gestion des conflits mondiaux, exhortant les dirigeants \u00e0 s\u2019attaquer aux causes profondes du conflit plut\u00f4t que de se contenter d\u2019appliquer des mesures temporaires.<\/p>\n","protected":false},"author":488,"featured_media":4000061678,"comment_status":"open","ping_status":"open","sticky":false,"template":"","format":"standard","meta":{"footnotes":""},"categories":[7544],"tags":[7605],"byline":[9865],"hashtag":[],"class_list":["post-37793","post","type-post","status-publish","format-standard","has-post-thumbnail","hentry","category-politique","tag-homenews","byline-alain-bertrand-tunezerwe"],"bylines":[{"id":9865,"name":"Alain Bertrand Tunezerwe","slug":"alain-bertrand-tunezerwe","description":"","image":{"id":0,"url":"https:\/\/secure.gravatar.com\/avatar\/?s=96&d=mm&f=y&r=g","alt":"Default avatar","title":"Default avatar","caption":"","mime_type":"image\/jpeg","sizes":[]},"user_id":452}],"contributors":[{"id":9865,"name":"Alain Bertrand Tunezerwe","slug":"alain-bertrand-tunezerwe","description":"","image":{"id":0,"url":"https:\/\/secure.gravatar.com\/avatar\/?s=96&d=mm&f=y&r=g","alt":"Default avatar","title":"Default avatar","caption":"","mime_type":"image\/jpeg","sizes":[]},"user_id":452}],"featured_image":{"id":4000061678,"url":"https:\/\/fr-images.igihe.com\/IMG\/logo\/pk_1_cp-14.jpg","alt":"","caption":"","mime_type":"image\/jpeg","width":0,"height":0,"sizes":{"thumbnail":{"url":"https:\/\/fr-images.igihe.com\/IMG\/logo\/pk_1_cp-14.jpg","width":1,"height":1},"medium":{"url":"https:\/\/fr-images.igihe.com\/IMG\/logo\/pk_1_cp-14.jpg","width":1,"height":1},"medium_large":{"url":"https:\/\/fr-images.igihe.com\/IMG\/logo\/pk_1_cp-14.jpg","width":1,"height":1},"large":{"url":"https:\/\/fr-images.igihe.com\/IMG\/logo\/pk_1_cp-14.jpg","width":1,"height":1},"full":{"url":"https:\/\/fr-images.igihe.com\/IMG\/logo\/pk_1_cp-14.jpg","width":0,"height":0}}},"_links":{"self":[{"href":"https:\/\/new.igihe.com\/french\/wp-json\/wp\/v2\/posts\/37793","targetHints":{"allow":["GET"]}}],"collection":[{"href":"https:\/\/new.igihe.com\/french\/wp-json\/wp\/v2\/posts"}],"about":[{"href":"https:\/\/new.igihe.com\/french\/wp-json\/wp\/v2\/types\/post"}],"author":[{"embeddable":true,"href":"https:\/\/new.igihe.com\/french\/wp-json\/wp\/v2\/users\/488"}],"replies":[{"embeddable":true,"href":"https:\/\/new.igihe.com\/french\/wp-json\/wp\/v2\/comments?post=37793"}],"version-history":[{"count":0,"href":"https:\/\/new.igihe.com\/french\/wp-json\/wp\/v2\/posts\/37793\/revisions"}],"wp:featuredmedia":[{"embeddable":true,"href":"https:\/\/new.igihe.com\/french\/wp-json\/wp\/v2\/media\/4000061678"}],"wp:attachment":[{"href":"https:\/\/new.igihe.com\/french\/wp-json\/wp\/v2\/media?parent=37793"}],"wp:term":[{"taxonomy":"category","embeddable":true,"href":"https:\/\/new.igihe.com\/french\/wp-json\/wp\/v2\/categories?post=37793"},{"taxonomy":"post_tag","embeddable":true,"href":"https:\/\/new.igihe.com\/french\/wp-json\/wp\/v2\/tags?post=37793"},{"taxonomy":"byline","embeddable":true,"href":"https:\/\/new.igihe.com\/french\/wp-json\/wp\/v2\/byline?post=37793"},{"taxonomy":"hashtag","embeddable":true,"href":"https:\/\/new.igihe.com\/french\/wp-json\/wp\/v2\/hashtag?post=37793"}],"curies":[{"name":"wp","href":"https:\/\/api.w.org\/{rel}","templated":true}]}}