{"id":37790,"date":"2025-05-29T17:02:27","date_gmt":"2025-05-29T17:02:27","guid":{"rendered":"https:\/\/new.igihe.com\/french\/Jean-Guy-Afrika-La-situation-en-RDC-n-a-pas-entrave-les-investissements-au-37790\/"},"modified":"2025-06-02T12:01:23","modified_gmt":"2025-06-02T12:01:23","slug":"Jean-Guy-Afrika-La-situation-en-RDC-n-a-pas-entrave-les-investissements-au","status":"publish","type":"post","link":"https:\/\/new.igihe.com\/french\/Jean-Guy-Afrika-La-situation-en-RDC-n-a-pas-entrave-les-investissements-au\/","title":{"rendered":"Jean Guy Afrika : \u00ab La situation en RDC n\u2019a pas entrav\u00e9 les investissements au Rwanda \u00bb"},"content":{"rendered":"<p>Depuis plus de trente ans, l\u2019est de la R\u00e9publique d\u00e9mocratique du Congo est plong\u00e9 dans une ins\u00e9curit\u00e9 persistante, principalement aliment\u00e9e par des groupes arm\u00e9s, dont les FDLR, compos\u00e9s d\u2019individus impliqu\u00e9s dans le g\u00e9nocide perp\u00e9tr\u00e9 contre les Tutsi au Rwanda en 1994.<\/p>\n<p>Cette situation a forc\u00e9 des milliers de Congolais, majoritairement rwandophones, \u00e0 chercher refuge dans les pays voisins.<\/p>\n<p>La crise des r\u00e9fugi\u00e9s, aggrav\u00e9e par l\u2019incapacit\u00e9 des autorit\u00e9s congolaises \u00e0 r\u00e9tablir la s\u00e9curit\u00e9, a favoris\u00e9 l\u2019\u00e9mergence du groupe rebelle M23, qui se pr\u00e9sente comme d\u00e9fenseur des droits des Congolais rwandophones marginalis\u00e9s depuis longtemps.<\/p>\n<p>Depuis la fin de l\u2019ann\u00e9e 2021, le groupe M23 est engag\u00e9 dans un conflit arm\u00e9 contre les Forces arm\u00e9es de la R\u00e9publique d\u00e9mocratique du Congo (FARDC), ce qui a entra\u00een\u00e9 de nouveaux d\u00e9placements de populations et une instabilit\u00e9 croissante dans la r\u00e9gion.<\/p>\n<p>Lors d\u2019une interview accord\u00e9e \u00e0 Jeune Afrique, Jean Guy Afrika, Directeur g\u00e9n\u00e9ral du &#8216;Rwanda Development Board&#8217;, a \u00e9t\u00e9 interrog\u00e9 sur l\u2019impact de ce conflit dans l\u2019est de la RDC, pays voisin du Rwanda, sur les investissements au Rwanda.<\/p>\n<p>\u00ab Je tiens d\u2019embl\u00e9e \u00e0 pr\u00e9ciser que la situation dans l\u2019est de la RDC n\u2019a en aucun cas affect\u00e9 les flux d\u2019investissements au Rwanda \u00bb, a affirm\u00e9 Jean Guy Afrika.<\/p>\n<p>\u00ab En 2024, les donn\u00e9es les plus r\u00e9centes r\u00e9v\u00e8lent une hausse de 32 % des investissements enregistr\u00e9s, qui ont atteint pr\u00e8s de 3,2 milliards de dollars, contre environ 2,5 milliards l\u2019ann\u00e9e pr\u00e9c\u00e9dente. C\u2019est un fait av\u00e9r\u00e9, et nous sommes en mesure de fournir ces chiffres si n\u00e9cessaire. \u00bb<\/p>\n<p>Cette r\u00e9silience, a-t-il expliqu\u00e9, d\u00e9coule des mesures d\u00e9fensives proactives mises en \u0153uvre par le Rwanda, lesquelles ont emp\u00each\u00e9 que le conflit ne d\u00e9borde sur son territoire.<\/p>\n<p>Les investissements cons\u00e9quents dans le dispositif s\u00e9curitaire national ont permis de garantir un environnement stable, offrant ainsi aux investisseurs des garanties solides malgr\u00e9 l\u2019instabilit\u00e9 engendr\u00e9e par la crise des r\u00e9fugi\u00e9s en provenance de la RDC et les affrontements entre les rebelles du M23 et les Forces arm\u00e9es de la RDC (FARDC).<\/p>\n<p>Afrika a \u00e9galement soulign\u00e9 que la situation r\u00e9gionale tend \u00e0 se stabiliser, les processus de paix de Nairobi et de Luanda ayant \u00e9t\u00e9 fusionn\u00e9s au sein d\u2019un cadre unique plac\u00e9 sous l\u2019\u00e9gide de l\u2019Union africaine (UA).<\/p>\n<p>\u00ab Initialement, la Communaut\u00e9 d\u2019Afrique de l\u2019Est (EAC) et la Communaut\u00e9 de d\u00e9veloppement de l\u2019Afrique australe (SADC) \u00e9taient impliqu\u00e9es, mais ces deux m\u00e9canismes ont \u00e9t\u00e9 r\u00e9unis et sont d\u00e9sormais coordonn\u00e9s par l\u2019Union africaine, \u00e0 la suite de la signature des principes d\u2019accord \u00bb, a-t-il pr\u00e9cis\u00e9. \u00ab La voie \u00e0 suivre est d\u00e9sormais beaucoup plus claire, et les craintes qui pouvaient subsister appartiennent au pass\u00e9. \u00bb<\/p>\n<p>Cette avanc\u00e9e a renforc\u00e9 la confiance des investisseurs, favorisant une hausse de 30 % des investissements enregistr\u00e9s en 2024 par rapport \u00e0 2023.<\/p>\n<p>Le succ\u00e8s de la RDB repose sur une politique r\u00e9solument favorable aux investisseurs, incarn\u00e9e notamment par un guichet unique centralisant 24 agences et proposant plus de 400 services, parmi lesquels la d\u00e9livrance de licences et d\u2019autorisations.<\/p>\n<p>\u00ab L\u2019objectif \u00e9tait d\u2019offrir une exp\u00e9rience sans complications pour les investisseurs \u00bb, a soulign\u00e9 Jean Guy Afrika. \u00ab Au Rwanda, la cr\u00e9ation et la gestion d\u2019une entreprise s\u2019effectuent dans un cadre r\u00e9glementaire stable, avec un strict respect des contrats et une bureaucratie r\u00e9duite au minimum. \u00bb<\/p>\n<p>Ce syst\u00e8me simplifi\u00e9 permet de lever les principaux obstacles, tels que les permis fonciers, les titres de propri\u00e9t\u00e9, les autorisations de construire, ainsi que l\u2019acc\u00e8s \u00e0 l\u2019\u00e9lectricit\u00e9 et aux autres ressources \u00e9nerg\u00e9tiques, assurant ainsi un parcours fluide et s\u00e9curis\u00e9 pour les investisseurs.<\/p>\n<p>La strat\u00e9gie du Rwanda, centr\u00e9e sur des secteurs cl\u00e9s, a largement contribu\u00e9 \u00e0 stimuler une croissance soutenue.<\/p>\n<p>\u00ab Au d\u00e9part, c\u2019\u00e9tait \u00e0 nous de partager notre histoire, mais aujourd\u2019hui, ce sont de plus en plus les investisseurs eux-m\u00eames qui en sont les meilleurs ambassadeurs. Nous concentrons nos efforts sur des secteurs prioritaires : l\u2019immobilier, l\u2019agriculture o\u00f9 nous visons une meilleure productivit\u00e9, le tourisme, ainsi que l\u2019industrie manufacturi\u00e8re, qui repr\u00e9sente un levier majeur de notre d\u00e9veloppement \u00bb, a pr\u00e9cis\u00e9 Afrika.<\/p>\n<p>\u00ab L\u2019avantage comp\u00e9titif distinctif du Rwanda se confirme de plus en plus : un cadre r\u00e9glementaire favorable et pr\u00e9visible, offrant aux entrepreneurs la libert\u00e9 de mener leurs activit\u00e9s comme ils l\u2019entendent. \u00bb<\/p>\n<p>Pour soutenir une croissance durable, la RDB analyse syst\u00e9matiquement les taux de p\u00e9rennit\u00e9 des entreprises afin d\u2019identifier leurs besoins et d\u2019y apporter des r\u00e9ponses adapt\u00e9es.<\/p>\n<figure class=\"spip-document spip-document-61673 aligncenter\"><img decoding=\"async\" src=\"https:\/\/fr.igihe.com\/IMG\/jpg\/jga.jpg\" alt=\"Le Directeur g\u00e9n\u00e9ral de la RDB, a indiqu\u00e9 que la situation dans l\u2019est de la RDC n\u2019avait eu aucun impact sur les flux d\u2019investissements vers le Rwanda\" \/><\/figure>\n","protected":false},"excerpt":{"rendered":"<p>Jean Guy Afrika, Directeur g\u00e9n\u00e9ral du Rwanda Development Board (RDB), a indiqu\u00e9 que la situation dans l\u2019est de la R\u00e9publique d\u00e9mocratique du Congo n\u2019avait eu aucun impact sur les flux d\u2019investissements vers le Rwanda, soulignant une hausse significative de 32 % en 2024, avec des investissements qui ont atteint pr\u00e8s de 3,2 milliards de dollars, contre 2,5 milliards l\u2019ann\u00e9e pr\u00e9c\u00e9dente.<\/p>\n","protected":false},"author":488,"featured_media":4000061672,"comment_status":"open","ping_status":"open","sticky":false,"template":"","format":"standard","meta":{"footnotes":""},"categories":[7528],"tags":[7605],"byline":[9865],"hashtag":[],"class_list":["post-37790","post","type-post","status-publish","format-standard","has-post-thumbnail","hentry","category-economie-2","tag-homenews","byline-alain-bertrand-tunezerwe"],"bylines":[{"id":9865,"name":"Alain Bertrand Tunezerwe","slug":"alain-bertrand-tunezerwe","description":"","image":{"id":0,"url":"https:\/\/secure.gravatar.com\/avatar\/?s=96&d=mm&f=y&r=g","alt":"Default avatar","title":"Default avatar","caption":"","mime_type":"image\/jpeg","sizes":[]},"user_id":452}],"contributors":[{"id":9865,"name":"Alain Bertrand Tunezerwe","slug":"alain-bertrand-tunezerwe","description":"","image":{"id":0,"url":"https:\/\/secure.gravatar.com\/avatar\/?s=96&d=mm&f=y&r=g","alt":"Default avatar","title":"Default avatar","caption":"","mime_type":"image\/jpeg","sizes":[]},"user_id":452}],"featured_image":{"id":4000061672,"url":"https:\/\/fr-images.igihe.com\/IMG\/logo\/jga_cp.jpg","alt":"","caption":"","mime_type":"image\/jpeg","width":0,"height":0,"sizes":{"thumbnail":{"url":"https:\/\/fr-images.igihe.com\/IMG\/logo\/jga_cp.jpg","width":1,"height":1},"medium":{"url":"https:\/\/fr-images.igihe.com\/IMG\/logo\/jga_cp.jpg","width":1,"height":1},"medium_large":{"url":"https:\/\/fr-images.igihe.com\/IMG\/logo\/jga_cp.jpg","width":1,"height":1},"large":{"url":"https:\/\/fr-images.igihe.com\/IMG\/logo\/jga_cp.jpg","width":1,"height":1},"full":{"url":"https:\/\/fr-images.igihe.com\/IMG\/logo\/jga_cp.jpg","width":0,"height":0}}},"_links":{"self":[{"href":"https:\/\/new.igihe.com\/french\/wp-json\/wp\/v2\/posts\/37790","targetHints":{"allow":["GET"]}}],"collection":[{"href":"https:\/\/new.igihe.com\/french\/wp-json\/wp\/v2\/posts"}],"about":[{"href":"https:\/\/new.igihe.com\/french\/wp-json\/wp\/v2\/types\/post"}],"author":[{"embeddable":true,"href":"https:\/\/new.igihe.com\/french\/wp-json\/wp\/v2\/users\/488"}],"replies":[{"embeddable":true,"href":"https:\/\/new.igihe.com\/french\/wp-json\/wp\/v2\/comments?post=37790"}],"version-history":[{"count":0,"href":"https:\/\/new.igihe.com\/french\/wp-json\/wp\/v2\/posts\/37790\/revisions"}],"wp:featuredmedia":[{"embeddable":true,"href":"https:\/\/new.igihe.com\/french\/wp-json\/wp\/v2\/media\/4000061672"}],"wp:attachment":[{"href":"https:\/\/new.igihe.com\/french\/wp-json\/wp\/v2\/media?parent=37790"}],"wp:term":[{"taxonomy":"category","embeddable":true,"href":"https:\/\/new.igihe.com\/french\/wp-json\/wp\/v2\/categories?post=37790"},{"taxonomy":"post_tag","embeddable":true,"href":"https:\/\/new.igihe.com\/french\/wp-json\/wp\/v2\/tags?post=37790"},{"taxonomy":"byline","embeddable":true,"href":"https:\/\/new.igihe.com\/french\/wp-json\/wp\/v2\/byline?post=37790"},{"taxonomy":"hashtag","embeddable":true,"href":"https:\/\/new.igihe.com\/french\/wp-json\/wp\/v2\/hashtag?post=37790"}],"curies":[{"name":"wp","href":"https:\/\/api.w.org\/{rel}","templated":true}]}}