{"id":37789,"date":"2025-05-29T16:47:47","date_gmt":"2025-05-29T16:47:47","guid":{"rendered":"https:\/\/new.igihe.com\/french\/Les-assises-d-un-nouveau-pacte-democratique-au-Senegal-37789\/"},"modified":"2025-05-29T16:40:24","modified_gmt":"2025-05-29T16:40:24","slug":"Les-assises-d-un-nouveau-pacte-democratique-au-Senegal","status":"publish","type":"post","link":"https:\/\/new.igihe.com\/french\/Les-assises-d-un-nouveau-pacte-democratique-au-Senegal\/","title":{"rendered":"Les assises d\u2019un nouveau pacte d\u00e9mocratique au S\u00e9n\u00e9gal"},"content":{"rendered":"<p>A Diamniadio, p\u00f4le urbain embl\u00e9matique d\u2019une modernit\u00e9 s\u00e9n\u00e9galaise encore en gestation, se sont r\u00e9unis repr\u00e9sentants de l\u2019opposition \u00e0 l\u2019exception notable des fid\u00e8les de l\u2019ancien pr\u00e9sident Macky Sall, membres de la soci\u00e9t\u00e9 civile, syndicalistes, universitaires et experts, pour ouvrir un cycle de dialogues devant s\u2019achever le 4 juin.<\/p>\n<p>Ce forum, pr\u00e9sent\u00e9 comme la cinqui\u00e8me mouture du \u00ab dialogue national \u00bb, se veut pourtant rupture autant que continuit\u00e9 : rupture, car il \u00e9mane d\u2019un pouvoir fra\u00eechement \u00e9lu sur les d\u00e9combres d\u2019un r\u00e9gime largement d\u00e9cri\u00e9 ; continuit\u00e9, parce qu\u2019il reprend, en apparence, les formes consultatives d\u00e9j\u00e0 initi\u00e9es sous l\u2019\u00e8re pr\u00e9c\u00e9dente. <\/p>\n<p>Le geste de M. Faye, s\u2019il s\u2019inscrit dans un \u00e9lan d\u2019apaisement et d\u2019ouverture, n\u2019en demeure pas moins une entreprise de reprise en main politique, dans un contexte o\u00f9 l\u2019ex\u00e9cutif a engag\u00e9 des poursuites judiciaires contre plusieurs figures embl\u00e9matiques de l\u2019ancien pouvoir.<\/p>\n<p>Ainsi, cinq anciens ministres, dont trois ont \u00e9t\u00e9 incarc\u00e9r\u00e9s parmi lesquels Amadou Mansour Faye, beau-fr\u00e8re de Macky Sall ont \u00e9t\u00e9 traduits devant la Haute Cour de justice pour des faits pr\u00e9sum\u00e9s de malversations. Loin d\u2019\u00eatre anecdotiques, ces proc\u00e9dures participent d\u2019une strat\u00e9gie de restauration \u00e9thique de l\u2019\u00c9tat, o\u00f9 l\u2019exigence de redevabilit\u00e9 devient le mot d\u2019ordre d\u2019un pouvoir d\u00e9sireux d\u2019incarner l\u2019antith\u00e8se morale de son pr\u00e9d\u00e9cesseur.<\/p>\n<p>{{Les assises d\u2019un nouveau pacte d\u00e9mocratique}}<\/p>\n<p>A l\u2019heure o\u00f9 les fragilit\u00e9s institutionnelles du S\u00e9n\u00e9gal ont \u00e9t\u00e9 mises \u00e0 nu par les tensions violentes de la p\u00e9riode 2021-2024, le choix d\u2019un dialogue structur\u00e9 autour de th\u00e9matiques aussi fondamentales que la rationalisation des partis politiques, le statut de l\u2019opposition, la r\u00e9vision du syst\u00e8me de parrainage pr\u00e9sidentiel ou encore la transformation du Conseil constitutionnel en v\u00e9ritable Cour constitutionnelle, rev\u00eat une port\u00e9e d\u00e9terminante.<\/p>\n<p>Il ne s\u2019agit pas seulement, pour le pouvoir en place, de m\u00e9nager l\u2019opposition ou de gagner du temps : il est question d\u2019instaurer, sur les ruines d\u2019un consensus ab\u00eem\u00e9, un pacte de refondation d\u00e9mocratique apte \u00e0 pr\u00e9venir les convulsions futures. <\/p>\n<p>La concertation nationale devient d\u00e8s lors un th\u00e9\u00e2tre de r\u00e9\u00e9laboration des \u00e9quilibres institutionnels, o\u00f9 s\u2019invente la forme s\u00e9n\u00e9galaise d\u2019une d\u00e9mocratie r\u00e9nov\u00e9e.<\/p>\n<p>Le gouvernement, dans un dossier de presse transmis \u00e0 l\u2019ouverture des assises, affirme sa volont\u00e9 de parvenir \u00e0 des \u00ab consensus forts \u00bb garantissant l\u2019exercice des libert\u00e9s fondamentales et la pr\u00e9servation de la paix civile. Cette intention, si elle se traduit dans les actes, pourrait inaugurer une \u00e8re de maturit\u00e9 politique, affranchie des d\u00e9rives autoritaires et des client\u00e9lismes end\u00e9miques.<\/p>\n<p>{{Pr\u00e9venir les fractures, restaurer l\u2019esp\u00e9rance}}<\/p>\n<p>Car il serait vain de pr\u00e9tendre refonder sans reconna\u00eetre les blessures. Les trag\u00e9dies r\u00e9centes, ces jeunes fauch\u00e9s par balles lors des affrontements politiques des trois derni\u00e8res ann\u00e9es p\u00e8sent lourdement sur la conscience nationale. La m\u00e9moire collective, encore impr\u00e9gn\u00e9e des deuils, exige plus qu\u2019un simple vernis d\u00e9mocratique : elle appelle \u00e0 une justice restauratrice, \u00e0 une v\u00e9rit\u00e9 partag\u00e9e, et \u00e0 une gouvernance enfin enracin\u00e9e dans l\u2019\u00e9coute et la transparence.<\/p>\n<p>Le d\u00e9fi du pr\u00e9sident Faye et de son premier ministre Ousmane Sonko est donc double : il leur faut \u00e0 la fois incarner une rupture \u00e9thique avec les pratiques du pass\u00e9 et f\u00e9d\u00e9rer les forces politiques autour d\u2019un avenir commun. Toute exclusion durable, tout usage partisan de la justice, toute mise \u00e0 l\u2019\u00e9cart des voix critiques ferait peser sur cette initiative le soup\u00e7on d\u2019un dialogue de fa\u00e7ade.<\/p>\n<p>Mais si la dynamique engag\u00e9e par cette concertation nationale se prolonge par des actes concrets, elle pourrait consacrer le S\u00e9n\u00e9gal comme l\u2019un des laboratoires politiques les plus audacieux du continent, o\u00f9 la d\u00e9mocratie ne se borne pas \u00e0 la r\u00e9gularit\u00e9 \u00e9lectorale, mais s\u2019affirme comme un bien commun \u00e0 r\u00e9inventer sans rel\u00e2che.<\/p>\n<p>Au-del\u00e0 de l\u2019\u00e9cume des proc\u00e8s, des querelles partisanes et des anath\u00e8mes crois\u00e9s, se joue aujourd\u2019hui, \u00e0 Diamniadio, une bataille d\u00e9cisive pour l\u2019avenir d\u00e9mocratique du S\u00e9n\u00e9gal. Le pari du dialogue, s\u2019il est sinc\u00e8rement conduit, pourrait faire mentir les proph\u00e8tes du d\u00e9senchantement politique et faire \u00e9clore, dans les marges de la d\u00e9fiance, les germes d\u2019un renouveau\u00a0r\u00e9publicain.<\/p>\n<figure class=\"spip-document spip-document-61671 aligncenter\"><img decoding=\"async\" src=\"https:\/\/fr.igihe.com\/IMG\/jpg\/df-2.jpg\" alt=\"Le pr\u00e9sident Bassirou Diomaye Faye a lanc\u00e9 une large concertation nationale sur la refondation institutionnelle\" \/><\/figure>\n","protected":false},"excerpt":{"rendered":"<p>C\u2019est dans un climat politique encore charg\u00e9 des remous de l\u2019alternance d\u00e9mocratique que le pr\u00e9sident s\u00e9n\u00e9galais Bassirou Diomaye Faye a convoqu\u00e9, le 28 mai 2025, une concertation nationale de grande ampleur, plac\u00e9e sous le signe de la refondation institutionnelle et de la consolidation r\u00e9publicaine. <\/p>\n","protected":false},"author":488,"featured_media":4000061670,"comment_status":"open","ping_status":"open","sticky":false,"template":"","format":"standard","meta":{"footnotes":""},"categories":[7544],"tags":[7605],"byline":[9102],"hashtag":[],"class_list":["post-37789","post","type-post","status-publish","format-standard","has-post-thumbnail","hentry","category-politique","tag-homenews","byline-tite-gatabazi"],"bylines":[{"id":9102,"name":"Tite Gatabazi","slug":"tite-gatabazi","description":"","image":{"id":0,"url":"https:\/\/secure.gravatar.com\/avatar\/?s=96&d=mm&f=y&r=g","alt":"Default avatar","title":"Default avatar","caption":"","mime_type":"image\/jpeg","sizes":[]},"user_id":472}],"contributors":[{"id":9102,"name":"Tite Gatabazi","slug":"tite-gatabazi","description":"","image":{"id":0,"url":"https:\/\/secure.gravatar.com\/avatar\/?s=96&d=mm&f=y&r=g","alt":"Default avatar","title":"Default avatar","caption":"","mime_type":"image\/jpeg","sizes":[]},"user_id":472}],"featured_image":{"id":4000061670,"url":"https:\/\/fr-images.igihe.com\/IMG\/logo\/df_cp.jpg","alt":"","caption":"","mime_type":"image\/jpeg","width":0,"height":0,"sizes":{"thumbnail":{"url":"https:\/\/fr-images.igihe.com\/IMG\/logo\/df_cp.jpg","width":1,"height":1},"medium":{"url":"https:\/\/fr-images.igihe.com\/IMG\/logo\/df_cp.jpg","width":1,"height":1},"medium_large":{"url":"https:\/\/fr-images.igihe.com\/IMG\/logo\/df_cp.jpg","width":1,"height":1},"large":{"url":"https:\/\/fr-images.igihe.com\/IMG\/logo\/df_cp.jpg","width":1,"height":1},"full":{"url":"https:\/\/fr-images.igihe.com\/IMG\/logo\/df_cp.jpg","width":0,"height":0}}},"_links":{"self":[{"href":"https:\/\/new.igihe.com\/french\/wp-json\/wp\/v2\/posts\/37789","targetHints":{"allow":["GET"]}}],"collection":[{"href":"https:\/\/new.igihe.com\/french\/wp-json\/wp\/v2\/posts"}],"about":[{"href":"https:\/\/new.igihe.com\/french\/wp-json\/wp\/v2\/types\/post"}],"author":[{"embeddable":true,"href":"https:\/\/new.igihe.com\/french\/wp-json\/wp\/v2\/users\/488"}],"replies":[{"embeddable":true,"href":"https:\/\/new.igihe.com\/french\/wp-json\/wp\/v2\/comments?post=37789"}],"version-history":[{"count":0,"href":"https:\/\/new.igihe.com\/french\/wp-json\/wp\/v2\/posts\/37789\/revisions"}],"wp:featuredmedia":[{"embeddable":true,"href":"https:\/\/new.igihe.com\/french\/wp-json\/wp\/v2\/media\/4000061670"}],"wp:attachment":[{"href":"https:\/\/new.igihe.com\/french\/wp-json\/wp\/v2\/media?parent=37789"}],"wp:term":[{"taxonomy":"category","embeddable":true,"href":"https:\/\/new.igihe.com\/french\/wp-json\/wp\/v2\/categories?post=37789"},{"taxonomy":"post_tag","embeddable":true,"href":"https:\/\/new.igihe.com\/french\/wp-json\/wp\/v2\/tags?post=37789"},{"taxonomy":"byline","embeddable":true,"href":"https:\/\/new.igihe.com\/french\/wp-json\/wp\/v2\/byline?post=37789"},{"taxonomy":"hashtag","embeddable":true,"href":"https:\/\/new.igihe.com\/french\/wp-json\/wp\/v2\/hashtag?post=37789"}],"curies":[{"name":"wp","href":"https:\/\/api.w.org\/{rel}","templated":true}]}}