{"id":37788,"date":"2025-05-29T16:40:12","date_gmt":"2025-05-29T16:40:12","guid":{"rendered":"https:\/\/new.igihe.com\/french\/La-marche-vers-la-paix-37788\/"},"modified":"2025-05-29T16:38:35","modified_gmt":"2025-05-29T16:38:35","slug":"La-marche-vers-la-paix","status":"publish","type":"post","link":"https:\/\/new.igihe.com\/french\/La-marche-vers-la-paix\/","title":{"rendered":"La marche vers la paix"},"content":{"rendered":"<p>Guerres civiles, tensions frontali\u00e8res, effondrements \u00e9tatiques, crispations identitaires : le si\u00e8cle naissant s\u2019ouvre sur un concert dissonant d\u2019affrontements, d\u2019\u00e9clats de haine et d\u2019abandons silencieux. Mais comment, dans un monde si fragment\u00e9, concevoir encore l\u2019utopie raisonnable d\u2019une paix v\u00e9ritable, non comme un simple interlude entre deux conflits, mais comme un ordre fond\u00e9 sur la justice, la reconnaissance mutuelle et la solidarit\u00e9 entre les communaut\u00e9s ?<\/p>\n<p>La paix ne saurait se r\u00e9duire \u00e0 la signature de trait\u00e9s solennels dans le marbre diplomatique. Elle ne r\u00e9sulte pas seulement du bon vouloir des chancelleries ou de la lassitude des bellig\u00e9rants. Elle exige un travail long, profond, souvent ingrat, d\u2019\u00e9dification patiente des conditions de la coexistence. Car la paix durable, pour \u00eatre plus qu\u2019une simple cessation des hostilit\u00e9s, appelle la consolidation d\u2019institutions impartiales, le respect rigoureux de l\u2019\u00c9tat de droit, la garantie des droits fondamentaux et la r\u00e9habilitation de la parole comme vecteur de r\u00e9solution des diff\u00e9rends. <\/p>\n<p>Elle suppose aussi, plus en amont, l\u2019organisation \u00e9quitable des relations entre les communaut\u00e9s humaines, la reconnaissance des m\u00e9moires bless\u00e9es, l\u2019investissement dans l\u2019\u00e9ducation \u00e0 la tol\u00e9rance, \u00e0 la citoyennet\u00e9 et \u00e0 la dignit\u00e9 partag\u00e9e.<\/p>\n<p>Nulle paix authentique ne peut se b\u00e2tir sur l\u2019oubli ou l\u2019amn\u00e9sie impos\u00e9e : elle exige justice. Non point justice vengeresse, mais justice r\u00e9paratrice, restaurative, qui redonne nom, visage et histoire aux victimes. Une paix v\u00e9ritable n\u2019\u00e9vacue pas le pass\u00e9 : elle l\u2019int\u00e8gre dans un r\u00e9cit commun, non pour figer les antagonismes, mais pour ouvrir un chemin de r\u00e9conciliation. <\/p>\n<p>L\u2019Afrique du Sud post-apartheid, le Rwanda post- g\u00e9nocide contre ls tutsi, ou encore la Colombie post-FARC nous enseignent, dans leur diversit\u00e9, que si la r\u00e9conciliation demeure un chemin escarp\u00e9, elle n\u2019est pas hors de port\u00e9e. L\u00e0 o\u00f9 les hommes et les femmes s\u2019emploient \u00e0 retisser le tissu d\u00e9chir\u00e9 de la confiance, l\u00e0 rena\u00eet une esp\u00e9rance possible.<\/p>\n<p>Mais au-del\u00e0 des ar\u00e8nes officielles, la paix se forge aussi dans les c\u0153urs, dans les consciences et dans les actes quotidiens des peuples. Elle r\u00e9side dans la mobilisation des soci\u00e9t\u00e9s civiles, dans la capacit\u00e9 des citoyens \u00e0 dire non \u00e0 la spirale de la haine, \u00e0 s\u2019organiser, \u00e0 t\u00e9moigner, \u00e0 interpeller, \u00e0 panser. Ce sont les voix multiples de femmes, d\u2019hommes, de jeunes, de r\u00e9fugi\u00e9s, d\u2019enseignants, de cultivateurs, de croyants de tous horizons qui, par leur engagement concret, repoussent les fronti\u00e8res de la r\u00e9signation. Car la paix n\u2019est pas le fruit d\u2019un d\u00e9cret : elle est une \u0153uvre collective, un \u00e9lan partag\u00e9, une marche r\u00e9solue vers un horizon commun, m\u00eame incertain.<\/p>\n<p>Il nous faut donc, avec humilit\u00e9 et d\u00e9termination, renouer avec l\u2019art politique au sens le plus noble, celui qui ne vise pas \u00e0 conqu\u00e9rir le pouvoir, mais \u00e0 organiser le vivre-ensemble, \u00e0 rendre possible une vie bonne au sein de la pluralit\u00e9. Il nous faut forger une diplomatie du soin, du dialogue et de la v\u00e9rit\u00e9, qui ne soit ni na\u00efve ni d\u00e9sarm\u00e9e, mais ferme sur les principes et attentive aux vuln\u00e9rabilit\u00e9s.<\/p>\n<p>En ces temps de dislocation g\u00e9opolitique et de d\u00e9senchantement d\u00e9mocratique, penser la paix rel\u00e8ve moins de l\u2019id\u00e9alisation que de la lucidit\u00e9. Elle n\u2019est ni donn\u00e9e ni acquise : elle se construit dans la dur\u00e9e, contre vents et mar\u00e9es, dans la fid\u00e9lit\u00e9 \u00e0 ce que l\u2019humanit\u00e9 a de meilleur \u00e0 offrir, sa capacit\u00e9 \u00e0 cr\u00e9er, \u00e0 r\u00e9parer, \u00e0 aimer. C\u2019est l\u00e0, dans cette marche exigeante et fragile vers la paix, que se joue sans doute la v\u00e9ritable grandeur de\u00a0notre\u00a0si\u00e8cle.<\/p>\n<figure class=\"spip-document spip-document-61669 aligncenter\"><img decoding=\"async\" src=\"https:\/\/fr.igihe.com\/IMG\/jpg\/cp-8.jpg\" alt=\"Alors que le monde s\u2019embrase, un sursaut moral et politique en faveur de la paix devient plus urgent que jamais\" \/><\/figure>\n","protected":false},"excerpt":{"rendered":"<p>A l\u2019heure o\u00f9 le tumulte des armes semble gagner chaque recoin de notre plan\u00e8te, o\u00f9 les peuples ploient sous le joug de violences multiformes, de d\u00e9racinements forc\u00e9s, d&#8217;injustices criantes, s\u2019impose avec une urgence accrue la n\u00e9cessit\u00e9 d\u2019un sursaut moral et politique en faveur de la paix. <\/p>\n","protected":false},"author":488,"featured_media":4000061667,"comment_status":"open","ping_status":"open","sticky":false,"template":"","format":"standard","meta":{"footnotes":""},"categories":[7544],"tags":[7605],"byline":[9102],"hashtag":[],"class_list":["post-37788","post","type-post","status-publish","format-standard","has-post-thumbnail","hentry","category-politique","tag-homenews","byline-tite-gatabazi"],"bylines":[{"id":9102,"name":"Tite Gatabazi","slug":"tite-gatabazi","description":"","image":{"id":0,"url":"https:\/\/secure.gravatar.com\/avatar\/?s=96&d=mm&f=y&r=g","alt":"Default avatar","title":"Default avatar","caption":"","mime_type":"image\/jpeg","sizes":[]},"user_id":472}],"contributors":[{"id":9102,"name":"Tite Gatabazi","slug":"tite-gatabazi","description":"","image":{"id":0,"url":"https:\/\/secure.gravatar.com\/avatar\/?s=96&d=mm&f=y&r=g","alt":"Default avatar","title":"Default avatar","caption":"","mime_type":"image\/jpeg","sizes":[]},"user_id":472}],"featured_image":{"id":4000061667,"url":"https:\/\/fr-images.igihe.com\/IMG\/logo\/cp_cp-14.jpg","alt":"","caption":"","mime_type":"image\/jpeg","width":0,"height":0,"sizes":{"thumbnail":{"url":"https:\/\/fr-images.igihe.com\/IMG\/logo\/cp_cp-14.jpg","width":1,"height":1},"medium":{"url":"https:\/\/fr-images.igihe.com\/IMG\/logo\/cp_cp-14.jpg","width":1,"height":1},"medium_large":{"url":"https:\/\/fr-images.igihe.com\/IMG\/logo\/cp_cp-14.jpg","width":1,"height":1},"large":{"url":"https:\/\/fr-images.igihe.com\/IMG\/logo\/cp_cp-14.jpg","width":1,"height":1},"full":{"url":"https:\/\/fr-images.igihe.com\/IMG\/logo\/cp_cp-14.jpg","width":0,"height":0}}},"_links":{"self":[{"href":"https:\/\/new.igihe.com\/french\/wp-json\/wp\/v2\/posts\/37788","targetHints":{"allow":["GET"]}}],"collection":[{"href":"https:\/\/new.igihe.com\/french\/wp-json\/wp\/v2\/posts"}],"about":[{"href":"https:\/\/new.igihe.com\/french\/wp-json\/wp\/v2\/types\/post"}],"author":[{"embeddable":true,"href":"https:\/\/new.igihe.com\/french\/wp-json\/wp\/v2\/users\/488"}],"replies":[{"embeddable":true,"href":"https:\/\/new.igihe.com\/french\/wp-json\/wp\/v2\/comments?post=37788"}],"version-history":[{"count":0,"href":"https:\/\/new.igihe.com\/french\/wp-json\/wp\/v2\/posts\/37788\/revisions"}],"wp:featuredmedia":[{"embeddable":true,"href":"https:\/\/new.igihe.com\/french\/wp-json\/wp\/v2\/media\/4000061667"}],"wp:attachment":[{"href":"https:\/\/new.igihe.com\/french\/wp-json\/wp\/v2\/media?parent=37788"}],"wp:term":[{"taxonomy":"category","embeddable":true,"href":"https:\/\/new.igihe.com\/french\/wp-json\/wp\/v2\/categories?post=37788"},{"taxonomy":"post_tag","embeddable":true,"href":"https:\/\/new.igihe.com\/french\/wp-json\/wp\/v2\/tags?post=37788"},{"taxonomy":"byline","embeddable":true,"href":"https:\/\/new.igihe.com\/french\/wp-json\/wp\/v2\/byline?post=37788"},{"taxonomy":"hashtag","embeddable":true,"href":"https:\/\/new.igihe.com\/french\/wp-json\/wp\/v2\/hashtag?post=37788"}],"curies":[{"name":"wp","href":"https:\/\/api.w.org\/{rel}","templated":true}]}}