{"id":37781,"date":"2025-05-29T10:44:01","date_gmt":"2025-05-29T10:44:01","guid":{"rendered":"https:\/\/new.igihe.com\/french\/Les-pays-africains-exhortes-a-valoriser-et-soutenir-la-profession-d-audit-37781\/"},"modified":"2025-05-29T10:43:12","modified_gmt":"2025-05-29T10:43:12","slug":"Les-pays-africains-exhortes-a-valoriser-et-soutenir-la-profession-d-audit","status":"publish","type":"post","link":"https:\/\/new.igihe.com\/french\/Les-pays-africains-exhortes-a-valoriser-et-soutenir-la-profession-d-audit\/","title":{"rendered":"Les pays africains exhort\u00e9s \u00e0 valoriser et soutenir la profession d\u2019audit interne"},"content":{"rendered":"<p> Cette \u00e9dition, inaugur\u00e9e ce 28 mai 2025 \u00e0 Kigali, a r\u00e9uni des dirigeants des secteurs public et priv\u00e9 ainsi que des auditeurs internes venus de 24 pays africains et d\u2019ailleurs, pour discuter de leur r\u00f4le crucial dans le d\u00e9veloppement des \u00c9tats.<\/p>\n<p>Lors de la c\u00e9r\u00e9monie, Godfrey Kabera, Secr\u00e9taire d\u2019\u00c9tat aupr\u00e8s du minist\u00e8re des Finances, a insist\u00e9 sur l\u2019importance pour les pays africains de reconna\u00eetre et soutenir les auditeurs internes, dans les secteurs public comme priv\u00e9, car ils contribuent fortement au d\u00e9veloppement.<\/p>\n<p>\u00ab Les auditeurs internes sont un pilier indispensable d\u2019une gouvernance claire et responsable \u00bb, a-t-il d\u00e9clar\u00e9.<\/p>\n<p>\u00ab Ils aident le pays \u00e0 d\u00e9tecter les dysfonctionnements, pr\u00e9venir la mauvaise gestion et optimiser l\u2019utilisation des ressources au b\u00e9n\u00e9fice des citoyens. \u00bb<\/p>\n<p>Kabera a rappel\u00e9 que le d\u00e9veloppement du Rwanda depuis le g\u00e9nocide de 1994 contre les Tutsi repose sur la responsabilit\u00e9 et des r\u00e9sultats concrets.<\/p>\n<p>\u00ab Ce progr\u00e8s n\u2019est pas le fruit du hasard, mais celui de la transparence et d\u2019une volont\u00e9 constante de performance. Je salue le r\u00f4le cl\u00e9 des auditeurs internes dans ce succ\u00e8s \u00bb, a-t-il indiqu\u00e9, appelant les dirigeants africains \u00e0 mieux soutenir la profession d\u2019auditeur interne.<\/p>\n<p>\u00ab Offrez-leur des opportunit\u00e9s, \u00e9coutez-les, renforcez leurs comp\u00e9tences et donnez-leur la possibilitt\u00e9 de s&#8217;exprimer librement. Ensemble, b\u00e2tissons un continent fond\u00e9 sur une bonne gouvernance, o\u00f9 les citoyens ont confiance en leurs institutions. \u00bb<\/p>\n<p>Terry Grafenstine, pr\u00e9sidente du Conseil d\u2019administration de l\u2019Institut mondial des auditeurs internes, a soulign\u00e9 l\u2019impact de la corruption en Afrique et le r\u00f4le essentiel des auditeurs internes dans sa pr\u00e9vention.<\/p>\n<p>\u00ab L\u2019Afrique doit s\u2019unir et encourager sa jeunesse \u00e0 s\u2019engager dans la gouvernance, l\u2019audit et la promotion des bonnes pratiques, afin de renforcer ses institutions et sa soci\u00e9t\u00e9, car c\u2019est notre principal objectif. \u00bb, a-t-elle affirm\u00e9.<\/p>\n<p>Pour Diakit\u00e9 Moussa, auditeur venu du B\u00e9nin, cette conf\u00e9rence constitue une occasion essentielle d\u2019\u00e9changes, de partage de connaissances et de renforcement des contr\u00f4les pour am\u00e9liorer la gouvernance publique et priv\u00e9e.<\/p>\n<p>Un autre moment cl\u00e9 de l\u2019\u00e9dition 2025 a \u00e9t\u00e9 la signature d\u2019un partenariat entre les pr\u00e9sidents des auditeurs internes mondiaux et africains, destin\u00e9 \u00e0 renforcer la promotion de la profession en Afrique et \u00e0 l\u2019international.<\/p>\n<figure class=\"spip-document spip-document-61637 aligncenter\"><img decoding=\"async\" src=\"https:\/\/fr.igihe.com\/IMG\/jpg\/a1-3.jpg\" alt=\"La conf\u00e9rence AFIIA 2025 a r\u00e9uni des dirigeants des secteurs public et priv\u00e9 ainsi que des auditeurs internes venus de diff\u00e9rents pays\" \/><\/figure>\n<figure class=\"spip-document spip-document-61636 aligncenter\"><img decoding=\"async\" src=\"https:\/\/fr.igihe.com\/IMG\/jpg\/a3-2.jpg\" alt=\"Parmi les participants figurait le Secr\u00e9taire d\u2019\u00c9tat aupr\u00e8s du minist\u00e8re des Finances, Godfrey Kabera\" \/><\/figure>\n<figure class=\"spip-document spip-document-61635 aligncenter\"><img decoding=\"async\" src=\"https:\/\/fr.igihe.com\/IMG\/jpg\/a2-3.jpg\" alt=\"La conf\u00e9rence de l\u2019AFIIA a rassembl\u00e9 des participants venus de 24 pays d\u2019Afrique et d\u2019ailleurs\" \/><\/figure>\n<figure class=\"spip-document spip-document-61634 aligncenter\"><img decoding=\"async\" src=\"https:\/\/fr.igihe.com\/IMG\/jpg\/a4-2.jpg\" alt=\"La conf\u00e9rence de l\u2019AFIIA a r\u00e9uni plus de 1 000 participants venus de diff\u00e9rents pays\" \/><\/figure>\n<figure class=\"spip-document spip-document-61633 aligncenter\"><img decoding=\"async\" src=\"https:\/\/fr.igihe.com\/IMG\/jpg\/a5-2.jpg\" alt=\"Un accord de partenariat a \u00e9t\u00e9 sign\u00e9 entre Terry Grafenstine et Ruth Doreen Mutebe lors de la conf\u00e9rence\" \/><\/figure>\n<figure class=\"spip-document spip-document-61632 aligncenter\"><img decoding=\"async\" src=\"https:\/\/fr.igihe.com\/IMG\/jpg\/a7-2.jpg\" alt=\"Le secr\u00e9taire d\u2019\u00c9tat Godfrey Kabera a soulign\u00e9 le r\u00f4le cl\u00e9 des auditeurs internes dans le d\u00e9veloppement et l\u2019importance de les soutenir\" \/><\/figure>\n<figure class=\"spip-document spip-document-61631 aligncenter\"><img decoding=\"async\" src=\"https:\/\/fr.igihe.com\/IMG\/jpg\/a6-2.jpg\" alt=\"\" \/><\/figure>\n<figure class=\"spip-document spip-document-61630 aligncenter\"><img decoding=\"async\" src=\"https:\/\/fr.igihe.com\/IMG\/jpg\/a9-2.jpg\" alt=\"\" \/><\/figure>\n<figure class=\"spip-document spip-document-61629 aligncenter\"><img decoding=\"async\" src=\"https:\/\/fr.igihe.com\/IMG\/jpg\/a8-2.jpg\" alt=\"La pr\u00e9sidente de l\u2019AFIIA, Ruth Doreen Mutebe, en train de signer l\u2019accord\" \/><\/figure>\n<figure class=\"spip-document spip-document-61628 aligncenter\"><img decoding=\"async\" src=\"https:\/\/fr.igihe.com\/IMG\/jpg\/a10-2.jpg\" alt=\"\" \/><\/figure>\n<figure class=\"spip-document spip-document-61627 aligncenter\"><img decoding=\"async\" src=\"https:\/\/fr.igihe.com\/IMG\/jpg\/a12-2.jpg\" alt=\"\" \/><\/figure>\n<figure class=\"spip-document spip-document-61626 aligncenter\"><img decoding=\"async\" src=\"https:\/\/fr.igihe.com\/IMG\/jpg\/a11-2.jpg\" alt=\"\" \/><\/figure>\n","protected":false},"excerpt":{"rendered":"<p>Le Rwanda a accueilli pour la toute premi\u00e8re fois la onzi\u00e8me \u00e9dition de la Conf\u00e9rence internationale des auditeurs internes des organisations africaines, AFIIA 2025, un \u00e9v\u00e9nement majeur organis\u00e9 par la F\u00e9d\u00e9ration africaine des Instituts des Auditeurs Internes (AFIIA).<\/p>\n","protected":false},"author":488,"featured_media":4000061625,"comment_status":"open","ping_status":"open","sticky":false,"template":"","format":"standard","meta":{"footnotes":""},"categories":[7528],"tags":[7605],"byline":[7717],"hashtag":[],"class_list":["post-37781","post","type-post","status-publish","format-standard","has-post-thumbnail","hentry","category-economie-2","tag-homenews","byline-igihe"],"bylines":[{"id":7717,"name":"IGIHE","slug":"igihe","description":"","image":{"id":0,"url":"https:\/\/secure.gravatar.com\/avatar\/?s=96&d=mm&f=y&r=g","alt":"Default avatar","title":"Default avatar","caption":"","mime_type":"image\/jpeg","sizes":[]},"user_id":393}],"contributors":[{"id":7717,"name":"IGIHE","slug":"igihe","description":"","image":{"id":0,"url":"https:\/\/secure.gravatar.com\/avatar\/?s=96&d=mm&f=y&r=g","alt":"Default avatar","title":"Default avatar","caption":"","mime_type":"image\/jpeg","sizes":[]},"user_id":393}],"featured_image":{"id":4000061625,"url":"https:\/\/fr-images.igihe.com\/IMG\/logo\/cp_cp-13.jpg","alt":"","caption":"","mime_type":"image\/jpeg","width":0,"height":0,"sizes":{"thumbnail":{"url":"https:\/\/fr-images.igihe.com\/IMG\/logo\/cp_cp-13.jpg","width":1,"height":1},"medium":{"url":"https:\/\/fr-images.igihe.com\/IMG\/logo\/cp_cp-13.jpg","width":1,"height":1},"medium_large":{"url":"https:\/\/fr-images.igihe.com\/IMG\/logo\/cp_cp-13.jpg","width":1,"height":1},"large":{"url":"https:\/\/fr-images.igihe.com\/IMG\/logo\/cp_cp-13.jpg","width":1,"height":1},"full":{"url":"https:\/\/fr-images.igihe.com\/IMG\/logo\/cp_cp-13.jpg","width":0,"height":0}}},"_links":{"self":[{"href":"https:\/\/new.igihe.com\/french\/wp-json\/wp\/v2\/posts\/37781","targetHints":{"allow":["GET"]}}],"collection":[{"href":"https:\/\/new.igihe.com\/french\/wp-json\/wp\/v2\/posts"}],"about":[{"href":"https:\/\/new.igihe.com\/french\/wp-json\/wp\/v2\/types\/post"}],"author":[{"embeddable":true,"href":"https:\/\/new.igihe.com\/french\/wp-json\/wp\/v2\/users\/488"}],"replies":[{"embeddable":true,"href":"https:\/\/new.igihe.com\/french\/wp-json\/wp\/v2\/comments?post=37781"}],"version-history":[{"count":0,"href":"https:\/\/new.igihe.com\/french\/wp-json\/wp\/v2\/posts\/37781\/revisions"}],"wp:featuredmedia":[{"embeddable":true,"href":"https:\/\/new.igihe.com\/french\/wp-json\/wp\/v2\/media\/4000061625"}],"wp:attachment":[{"href":"https:\/\/new.igihe.com\/french\/wp-json\/wp\/v2\/media?parent=37781"}],"wp:term":[{"taxonomy":"category","embeddable":true,"href":"https:\/\/new.igihe.com\/french\/wp-json\/wp\/v2\/categories?post=37781"},{"taxonomy":"post_tag","embeddable":true,"href":"https:\/\/new.igihe.com\/french\/wp-json\/wp\/v2\/tags?post=37781"},{"taxonomy":"byline","embeddable":true,"href":"https:\/\/new.igihe.com\/french\/wp-json\/wp\/v2\/byline?post=37781"},{"taxonomy":"hashtag","embeddable":true,"href":"https:\/\/new.igihe.com\/french\/wp-json\/wp\/v2\/hashtag?post=37781"}],"curies":[{"name":"wp","href":"https:\/\/api.w.org\/{rel}","templated":true}]}}