{"id":37777,"date":"2025-05-28T16:20:19","date_gmt":"2025-05-28T16:20:19","guid":{"rendered":"https:\/\/new.igihe.com\/french\/Julien-Paluku-ou-la-figure-archetypale-du-politicien-sans-foi-ni-loi-37777\/"},"modified":"2025-05-28T16:17:56","modified_gmt":"2025-05-28T16:17:56","slug":"Julien-Paluku-ou-la-figure-archetypale-du-politicien-sans-foi-ni-loi","status":"publish","type":"post","link":"https:\/\/new.igihe.com\/french\/Julien-Paluku-ou-la-figure-archetypale-du-politicien-sans-foi-ni-loi\/","title":{"rendered":"Julien Paluku ou la figure arch\u00e9typale du politicien sans foi ni loi"},"content":{"rendered":"<p>Hier, il n\u2019avait de mots que pour exalter les vertus suppos\u00e9es de Joseph Kabila, dans une flagornerie qui confinait \u00e0 la d\u00e9votion. Il en chantait les louanges avec un z\u00e8le outrancier, allant jusqu\u2019\u00e0 prof\u00e9rer des invectives publiques \u00e0 l\u2019encontre de F\u00e9lix Tshisekedi, \u00e0 peine install\u00e9 \u00e0 la magistrature supr\u00eame. <\/p>\n<p>Aujourd\u2019hui, retournant sa veste avec une d\u00e9sinvolture presque cynique, le voil\u00e0 qui d\u00e9nigre Kabila avec cette ingratitude brutale propre aux \u00e2mes sans colonne vert\u00e9brale. Ainsi va la course mis\u00e9rable de ceux que le destin a projet\u00e9s trop haut, trop t\u00f4t, sans les \u00e9quiper de la moindre hauteur morale.<\/p>\n<p>Ce type d\u2019homme politique, pur produit de la faveur et non du m\u00e9rite, administrateur par piston, gouverneur par remerciement, ministre par int\u00e9r\u00eat, illustre tristement cette caste de transhumants id\u00e9ologiques dont la seule boussole demeure le calcul personnel. Sans conviction ni fid\u00e9lit\u00e9, ils errent au gr\u00e9 des vents dominants, tentant vainement de se faire une place au soleil de leur parrain du moment.<\/p>\n<p>Pouss\u00e9s par une qu\u00eate \u00e9perdue de reconnaissance aupr\u00e8s de leur protecteur du jour, ils finissent par chanter, dans une ironie tragique, les vertus du plus offrant, se ridiculisant \u00e0 mesure qu\u2019ils r\u00e9v\u00e8lent, sans s\u2019en apercevoir, la vacuit\u00e9 de leurs alliances et l\u2019inconsistance de leur engagement. Align\u00e9s, le ventre en avant, dans l\u2019espoir d\u2019un nouveau banquet, ils renient sans scrupule celui qui les a faits, au moment m\u00eame o\u00f9 leur peuple se meurt.<\/p>\n<p>Car pendant que l\u2019Est du Congo s\u2019embrase, que les enfants tombent sous les balles, que les femmes sont livr\u00e9es \u00e0 la barbarie des FDLR, ADF, que les familles fuient, affam\u00e9es, sans toit ni recours, Julien Paluku et ses semblables rient \u00e0 la table de leurs nouveaux ma\u00eetres, dans l\u2019insouciance obsc\u00e8ne de ceux qui ont vendu leur honneur pour un plat chaud. <\/p>\n<p>Leurs paroles, creuses, ne masquent plus leur duplicit\u00e9 ; leurs gestes, maladroits, trahissent une m\u00e9moire s\u00e9lective et une amn\u00e9sie volontaire, dict\u00e9e par l\u2019ambition la plus \u00e9hont\u00e9e.<\/p>\n<p>Mais qu\u2019ils se rassurent peu : l\u2019Histoire, elle, n\u2019oublie pas. Elle archive. Elle scrute. Et elle juge, sans appel. Car trahir un combat, un peuple, une cause pour le confort d\u2019un ventre repu, c\u2019est plus qu\u2019une faute politique : c\u2019est une infamie. Et cette ignominie, un jour, rejaillira sur ceux qui l\u2019ont commise, non comme une tache passag\u00e8re, mais comme une damnation\u00a0durable.<\/p>\n<figure class=\"spip-document spip-document-61618 aligncenter\"><img decoding=\"async\" src=\"https:\/\/fr.igihe.com\/IMG\/jpg\/pk-37.jpg\" alt=\"Julien Paluku incarne \u00e0 lui seul les d\u00e9rives les plus affligeantes de la vie politique congolaise\" \/><\/figure>\n","protected":false},"excerpt":{"rendered":"<p>Il est des figures politiques dont la trajectoire semble incarner jusqu\u2019\u00e0 la caricature les d\u00e9rives les plus affligeantes de la vie publique congolaise : Julien Paluku en est l\u2019exact embl\u00e8me. Elev\u00e9 par les vents capricieux de la faveur politique et non par la rigueur du m\u00e9rite ou le labeur d\u2019un engagement sinc\u00e8re, il s\u2019est impos\u00e9 non comme un acteur de l\u2019Histoire, mais comme un figurant docile de ses convulsions, un opportuniste d&#8217;occasion hiss\u00e9 au sommet par les connivences d\u2019un syst\u00e8me perverti.<\/p>\n","protected":false},"author":488,"featured_media":4000061617,"comment_status":"open","ping_status":"open","sticky":false,"template":"","format":"standard","meta":{"footnotes":""},"categories":[7544],"tags":[7605],"byline":[9102],"hashtag":[],"class_list":["post-37777","post","type-post","status-publish","format-standard","has-post-thumbnail","hentry","category-politique","tag-homenews","byline-tite-gatabazi"],"bylines":[{"id":9102,"name":"Tite Gatabazi","slug":"tite-gatabazi","description":"","image":{"id":0,"url":"https:\/\/secure.gravatar.com\/avatar\/?s=96&d=mm&f=y&r=g","alt":"Default avatar","title":"Default avatar","caption":"","mime_type":"image\/jpeg","sizes":[]},"user_id":472}],"contributors":[{"id":9102,"name":"Tite Gatabazi","slug":"tite-gatabazi","description":"","image":{"id":0,"url":"https:\/\/secure.gravatar.com\/avatar\/?s=96&d=mm&f=y&r=g","alt":"Default avatar","title":"Default avatar","caption":"","mime_type":"image\/jpeg","sizes":[]},"user_id":472}],"featured_image":{"id":4000061617,"url":"https:\/\/fr-images.igihe.com\/IMG\/logo\/pk_cp-15.jpg","alt":"","caption":"","mime_type":"image\/jpeg","width":0,"height":0,"sizes":{"thumbnail":{"url":"https:\/\/fr-images.igihe.com\/IMG\/logo\/pk_cp-15.jpg","width":1,"height":1},"medium":{"url":"https:\/\/fr-images.igihe.com\/IMG\/logo\/pk_cp-15.jpg","width":1,"height":1},"medium_large":{"url":"https:\/\/fr-images.igihe.com\/IMG\/logo\/pk_cp-15.jpg","width":1,"height":1},"large":{"url":"https:\/\/fr-images.igihe.com\/IMG\/logo\/pk_cp-15.jpg","width":1,"height":1},"full":{"url":"https:\/\/fr-images.igihe.com\/IMG\/logo\/pk_cp-15.jpg","width":0,"height":0}}},"_links":{"self":[{"href":"https:\/\/new.igihe.com\/french\/wp-json\/wp\/v2\/posts\/37777","targetHints":{"allow":["GET"]}}],"collection":[{"href":"https:\/\/new.igihe.com\/french\/wp-json\/wp\/v2\/posts"}],"about":[{"href":"https:\/\/new.igihe.com\/french\/wp-json\/wp\/v2\/types\/post"}],"author":[{"embeddable":true,"href":"https:\/\/new.igihe.com\/french\/wp-json\/wp\/v2\/users\/488"}],"replies":[{"embeddable":true,"href":"https:\/\/new.igihe.com\/french\/wp-json\/wp\/v2\/comments?post=37777"}],"version-history":[{"count":0,"href":"https:\/\/new.igihe.com\/french\/wp-json\/wp\/v2\/posts\/37777\/revisions"}],"wp:featuredmedia":[{"embeddable":true,"href":"https:\/\/new.igihe.com\/french\/wp-json\/wp\/v2\/media\/4000061617"}],"wp:attachment":[{"href":"https:\/\/new.igihe.com\/french\/wp-json\/wp\/v2\/media?parent=37777"}],"wp:term":[{"taxonomy":"category","embeddable":true,"href":"https:\/\/new.igihe.com\/french\/wp-json\/wp\/v2\/categories?post=37777"},{"taxonomy":"post_tag","embeddable":true,"href":"https:\/\/new.igihe.com\/french\/wp-json\/wp\/v2\/tags?post=37777"},{"taxonomy":"byline","embeddable":true,"href":"https:\/\/new.igihe.com\/french\/wp-json\/wp\/v2\/byline?post=37777"},{"taxonomy":"hashtag","embeddable":true,"href":"https:\/\/new.igihe.com\/french\/wp-json\/wp\/v2\/hashtag?post=37777"}],"curies":[{"name":"wp","href":"https:\/\/api.w.org\/{rel}","templated":true}]}}