{"id":37771,"date":"2025-05-28T11:50:54","date_gmt":"2025-05-28T11:50:54","guid":{"rendered":"https:\/\/new.igihe.com\/french\/Hommage-des-Nations-Unies-a-deux-soldats-rwandais-tombes-en-Centrafrique-37771\/"},"modified":"2025-05-28T11:49:25","modified_gmt":"2025-05-28T11:49:25","slug":"Hommage-des-Nations-Unies-a-deux-soldats-rwandais-tombes-en-Centrafrique","status":"publish","type":"post","link":"https:\/\/new.igihe.com\/french\/Hommage-des-Nations-Unies-a-deux-soldats-rwandais-tombes-en-Centrafrique\/","title":{"rendered":"Hommage des Nations Unies \u00e0 deux soldats rwandais tomb\u00e9s en Centrafrique"},"content":{"rendered":"<p>Les c\u00e9r\u00e9monies auront lieu le 29 mai 2025, \u00e0 l\u2019occasion de la Journ\u00e9e internationale des Casques bleus, c\u00e9l\u00e9br\u00e9e au si\u00e8ge des Nations Unies \u00e0 New York. Parmi les soldats honor\u00e9s figureront le Sergent-major Murwanashyaka Fiston, d\u00e9c\u00e9d\u00e9 le 24 f\u00e9vrier 2024, et le Caporal Eliakim Niyitegeka, d\u00e9c\u00e9d\u00e9 le 11 juillet 2024.<\/p>\n<p>Tous deux recevront \u00e0 titre posthume la m\u00e9daille Dag Hammarskj\u00f6ld, aux c\u00f4t\u00e9s de 55 autres Casques bleus disparus dans l\u2019exercice de leurs fonctions. Cette prestigieuse distinction sera \u00e9galement d\u00e9cern\u00e9e \u00e0 23 militaires, 33 civils et un policier.<\/p>\n<p>La m\u00e9daille porte le nom de Dag Hammarskj\u00f6ld, deuxi\u00e8me Secr\u00e9taire g\u00e9n\u00e9ral des Nations Unies, qui occupa ses fonctions d\u2019avril 1953 jusqu\u2019\u00e0 sa mort tragique dans un crash a\u00e9rien en Zambie, en septembre 1961.<\/p>\n<p>Le 22 juillet 1997, le Conseil de s\u00e9curit\u00e9 des Nations Unies a adopt\u00e9 une r\u00e9solution instituant la m\u00e9daille Dag Hammarskj\u00f6ld, destin\u00e9e \u00e0 honorer \u00e0 titre posthume tous les membres du personnel d\u00e9c\u00e9d\u00e9s dans le cadre des op\u00e9rations de maintien de la paix de l\u2019ONU.<\/p>\n<p>Le r\u00e8glement encadrant l\u2019attribution de cette distinction, \u00e9tabli en d\u00e9cembre 2000 par le Secr\u00e9taire g\u00e9n\u00e9ral de l\u2019\u00e9poque, Kofi Annan, pr\u00e9cise que tout militaire, policier ou civil tomb\u00e9 en service \u2014 pour autant qu\u2019il n\u2019ait pas \u00e9t\u00e9 impliqu\u00e9 dans une faute grave ou un acte criminel \u2014 est \u00e9ligible \u00e0 cette m\u00e9daille \u00e0 titre posthume.<\/p>\n<p>Lors de la c\u00e9r\u00e9monie, le Secr\u00e9taire g\u00e9n\u00e9ral remettra \u00e9galement le Prix du D\u00e9fenseur militaire de l\u2019\u00e9galit\u00e9 des genres 2024 \u00e0 l\u2019Escadron Leader Sharon Mwinsote Syme, du Ghana, ainsi que le Prix de la Femme polici\u00e8re de l\u2019ann\u00e9e des Nations Unies \u00e0 la Surintendante Zainab Gbla, de la Sierra Leone.<\/p>\n<p>Toutes deux servent au sein de la Force int\u00e9rimaire de s\u00e9curit\u00e9 des Nations Unies pour Abyei (FISNUA\/UNISFA).<\/p>\n<p>Le th\u00e8me de la Journ\u00e9e internationale des Casques bleus 2025, \u00ab L\u2019avenir du maintien de la paix \u00bb, souligne le \u00ab Pacte pour l\u2019avenir \u00bb adopt\u00e9 par les Nations Unies l\u2019an dernier, qui r\u00e9affirme l\u2019engagement \u00e0 adapter les op\u00e9rations de paix aux \u00e9volutions mondiales. <\/p>\n<p>Lors de la r\u00e9cente r\u00e9union minist\u00e9rielle portant sur les missions de maintien de paix, tenue \u00e0 Berlin, les \u00c9tats membres se sont engag\u00e9s \u00e0 combler les lacunes capacitaires et \u00e0 relever les nouveaux d\u00e9fis.<\/p>\n<p>\u00ab Aujourd\u2019hui, les Casques bleus \u00e9voluent dans des contextes de plus en plus complexes\u2026 Plus que jamais, le monde a besoin des Nations Unies \u2014 et les Nations Unies ont besoin d\u2019un processus de maintien de paix en phase avec les r\u00e9alit\u00e9s d\u2019aujourd\u2019hui et les d\u00e9fis de demain \u00bb, a d\u00e9clar\u00e9 Ant\u00f3nio Guterres, Secr\u00e9taire g\u00e9n\u00e9ral de l&#8217;ONU.<\/p>\n<p>\u00ab Aujourd\u2019hui, nous rendons hommage \u00e0 leur engagement \u00bb, a poursuivi Guterres. \u00ab Leur r\u00e9silience, leur d\u00e9vouement et leur courage sont pour nous une source d\u2019inspiration. Nous honorons la m\u00e9moire de toutes ces femmes et ces hommes qui ont fait le sacrifice ultime pour la paix. Nous ne les oublierons jamais \u2014 et continuerons leur mission. \u00bb<\/p>\n<p>\u00ab Notre personnel est notre bien le plus pr\u00e9cieux. Les sacrifices de nos Casques bleus appellent bien plus qu\u2019un simple hommage : ils exigent des actions concr\u00e8tes \u00bb, a soulign\u00e9 Jean-Pierre Lacroix, Secr\u00e9taire g\u00e9n\u00e9ral adjoint aux op\u00e9rations de paix.<\/p>\n<p>\u00ab Depuis toujours, le maintien de la paix s\u2019adapte aux contextes en constante \u00e9volution pour atteindre ses objectifs. L\u2019avenir de cette mission d\u00e9pend de notre engagement collectif \u00e0 poursuivre cette adaptation et \u00e0 renforcer nos investissements, afin de continuer \u00e0 offrir espoir et protection l\u00e0 o\u00f9 ils sont le plus n\u00e9cessaires \u00bb, a-t-il ajout\u00e9.<\/p>\n<p>La Journ\u00e9e internationale des Casques bleus, instaur\u00e9e en 2002 par l\u2019Assembl\u00e9e g\u00e9n\u00e9rale des Nations Unies, honore tous les hommes et femmes engag\u00e9s dans les op\u00e9rations de maintien de la paix, ainsi que la m\u00e9moire de ceux qui ont sacrifi\u00e9 leur vie au service de la paix.<\/p>\n<figure class=\"spip-document spip-document-61596 aligncenter\"><img decoding=\"async\" src=\"https:\/\/fr.igihe.com\/IMG\/jpg\/cntr.jpg\" alt=\"Les Nations Unies s\u2019appr\u00eatent \u00e0 rendre hommage \u00e0 deux soldats rwandais tomb\u00e9s l\u2019an dernier en R\u00e9publique centrafricaine\" \/><\/figure>\n","protected":false},"excerpt":{"rendered":"<p>Les Nations Unies s\u2019appr\u00eatent \u00e0 rendre hommage \u00e0 deux soldats rwandais tomb\u00e9s l\u2019an dernier en R\u00e9publique centrafricaine, alors qu\u2019ils servaient dans le cadre d\u2019une mission de maintien de la paix.<\/p>\n","protected":false},"author":488,"featured_media":4000061594,"comment_status":"open","ping_status":"open","sticky":false,"template":"","format":"standard","meta":{"footnotes":""},"categories":[7529],"tags":[7605],"byline":[7717],"hashtag":[],"class_list":["post-37771","post","type-post","status-publish","format-standard","has-post-thumbnail","hentry","category-actualite-3","tag-homenews","byline-igihe"],"bylines":[{"id":7717,"name":"IGIHE","slug":"igihe","description":"","image":{"id":0,"url":"https:\/\/secure.gravatar.com\/avatar\/?s=96&d=mm&f=y&r=g","alt":"Default avatar","title":"Default avatar","caption":"","mime_type":"image\/jpeg","sizes":[]},"user_id":393}],"contributors":[{"id":7717,"name":"IGIHE","slug":"igihe","description":"","image":{"id":0,"url":"https:\/\/secure.gravatar.com\/avatar\/?s=96&d=mm&f=y&r=g","alt":"Default avatar","title":"Default avatar","caption":"","mime_type":"image\/jpeg","sizes":[]},"user_id":393}],"featured_image":{"id":4000061594,"url":"https:\/\/fr-images.igihe.com\/IMG\/logo\/rw_cp-2.jpg","alt":"","caption":"","mime_type":"image\/jpeg","width":0,"height":0,"sizes":{"thumbnail":{"url":"https:\/\/fr-images.igihe.com\/IMG\/logo\/rw_cp-2.jpg","width":1,"height":1},"medium":{"url":"https:\/\/fr-images.igihe.com\/IMG\/logo\/rw_cp-2.jpg","width":1,"height":1},"medium_large":{"url":"https:\/\/fr-images.igihe.com\/IMG\/logo\/rw_cp-2.jpg","width":1,"height":1},"large":{"url":"https:\/\/fr-images.igihe.com\/IMG\/logo\/rw_cp-2.jpg","width":1,"height":1},"full":{"url":"https:\/\/fr-images.igihe.com\/IMG\/logo\/rw_cp-2.jpg","width":0,"height":0}}},"_links":{"self":[{"href":"https:\/\/new.igihe.com\/french\/wp-json\/wp\/v2\/posts\/37771","targetHints":{"allow":["GET"]}}],"collection":[{"href":"https:\/\/new.igihe.com\/french\/wp-json\/wp\/v2\/posts"}],"about":[{"href":"https:\/\/new.igihe.com\/french\/wp-json\/wp\/v2\/types\/post"}],"author":[{"embeddable":true,"href":"https:\/\/new.igihe.com\/french\/wp-json\/wp\/v2\/users\/488"}],"replies":[{"embeddable":true,"href":"https:\/\/new.igihe.com\/french\/wp-json\/wp\/v2\/comments?post=37771"}],"version-history":[{"count":0,"href":"https:\/\/new.igihe.com\/french\/wp-json\/wp\/v2\/posts\/37771\/revisions"}],"wp:featuredmedia":[{"embeddable":true,"href":"https:\/\/new.igihe.com\/french\/wp-json\/wp\/v2\/media\/4000061594"}],"wp:attachment":[{"href":"https:\/\/new.igihe.com\/french\/wp-json\/wp\/v2\/media?parent=37771"}],"wp:term":[{"taxonomy":"category","embeddable":true,"href":"https:\/\/new.igihe.com\/french\/wp-json\/wp\/v2\/categories?post=37771"},{"taxonomy":"post_tag","embeddable":true,"href":"https:\/\/new.igihe.com\/french\/wp-json\/wp\/v2\/tags?post=37771"},{"taxonomy":"byline","embeddable":true,"href":"https:\/\/new.igihe.com\/french\/wp-json\/wp\/v2\/byline?post=37771"},{"taxonomy":"hashtag","embeddable":true,"href":"https:\/\/new.igihe.com\/french\/wp-json\/wp\/v2\/hashtag?post=37771"}],"curies":[{"name":"wp","href":"https:\/\/api.w.org\/{rel}","templated":true}]}}