{"id":37770,"date":"2025-05-28T13:21:21","date_gmt":"2025-05-28T13:21:21","guid":{"rendered":"https:\/\/new.igihe.com\/french\/Le-Rwanda-fait-ses-debuts-au-Coffee-Europe-Expo-37770\/"},"modified":"2025-05-29T17:46:29","modified_gmt":"2025-05-29T17:46:29","slug":"Le-Rwanda-fait-ses-debuts-au-Coffee-Europe-Expo","status":"publish","type":"post","link":"https:\/\/new.igihe.com\/french\/Le-Rwanda-fait-ses-debuts-au-Coffee-Europe-Expo\/","title":{"rendered":"Pologne : Le Rwanda est \u00e0 l\u2019honneur et fait ses d\u00e9buts au Coffee Europe Expo"},"content":{"rendered":"<p>D\u00e8s l\u2019ouverture, le Rwanda a \u00e9t\u00e9 honor\u00e9 en tant que pays partenaire. Repr\u00e9sent\u00e9 par son ambassade en Pologne ainsi que par plusieurs entreprises priv\u00e9es, le pays a ainsi affirm\u00e9 sa pr\u00e9sence grandissante sur le march\u00e9 international du caf\u00e9.<\/p>\n<p>Le salon, qui se tient du 27 au 29 mai 2025, rassemble les leaders du secteur et offre une vitrine unique pour d\u00e9couvrir les innovations les plus avanc\u00e9es en production, torr\u00e9faction, pr\u00e9paration et commercialisation du caf\u00e9.<\/p>\n<p>Parall\u00e8lement, le congr\u00e8s organis\u00e9 en marge de l\u2019\u00e9v\u00e9nement propose des sessions d\u2019apprentissage, de d\u00e9veloppement professionnel et de r\u00e9seautage avec les acteurs majeurs de la fili\u00e8re caf\u00e9 \u00e0 l\u2019\u00e9chelle mondiale.<\/p>\n<p>Dans une interview accord\u00e9e au media &#8216;IGIHE&#8217; apr\u00e8s l\u2019ouverture, le Professeur Anastase Shyaka, ambassadeur du Rwanda en Pologne, a soulign\u00e9 que le statut de pays partenaire accord\u00e9 au Rwanda t\u00e9moigne de la reconnaissance par les organisateurs de l\u2019influence grandissante du pays dans l\u2019industrie du caf\u00e9.<\/p>\n<p>\u00ab Cela d\u00e9montre l\u2019importance que les organisateurs accordent au Rwanda, et nous leur en sommes reconnaissants \u00bb, a-t-il affirm\u00e9.<\/p>\n<p>L\u2019exposition a r\u00e9uni des personnalit\u00e9s de premier plan, dont le pr\u00e9sident du Ptak Warsaw Expo et l\u2019ancien ministre de l\u2019\u00c9conomie et vice-Premier ministre de Pologne, initiateur d\u2019un partenariat avec l\u2019Afrique il y a dix ans, qu\u2019il continue de renforcer activement.<\/p>\n<p>La participation du Rwanda illustre la solidit\u00e9 des relations bilat\u00e9rales et refl\u00e8te la perception de la Pologne envers le Rwanda, consid\u00e9r\u00e9 comme un hub dynamique et accueillant pour le commerce et l\u2019investissement.<\/p>\n<p>\u00ab La participation du Rwanda \u00e0 l\u2019ouverture symbolise l\u2019importance que ce pays accorde \u00e0 notre partenariat et son engagement \u00e0 mobiliser les acteurs commerciaux pour y prendre part \u00bb, a soulign\u00e9 l\u2019ambassadeur Shyaka.<\/p>\n<p>Les \u00e9changes lors de l\u2019exposition ont mis en lumi\u00e8re la vision innovante du Rwanda, notamment l\u2019utilisation avanc\u00e9e des technologies en agriculture, qui a suscit\u00e9 l\u2019admiration de nombreux participants.<\/p>\n<p>\u00ab Nos interlocuteurs se sont dits tr\u00e8s satisfaits de la vision du Rwanda. Plusieurs ont \u00e9t\u00e9 particuli\u00e8rement impressionn\u00e9s par notre d\u00e9ploiement technologique dans le secteur agricole \u00bb, a confi\u00e9 l\u2019ambassadeur.<\/p>\n<p>Cet engouement a g\u00e9n\u00e9r\u00e9 un vif int\u00e9r\u00eat pour renforcer la collaboration, avec des organisateurs et participants exprimant le souhait d\u2019une implication rwandaise accrue dans les futurs programmes.<\/p>\n<p>\u00ab C\u2019est notre premi\u00e8re participation, mais avec optimisme, ce ne sera pas la derni\u00e8re \u00bb, a affirm\u00e9 le Professeur Shyaka.<\/p>\n<p>Le succ\u00e8s du Rwanda \u00e0 l\u2019expo a \u00e9t\u00e9 port\u00e9 par un leadership solide et des partenariats strat\u00e9giques, en particulier avec l&#8217;Agence nationale en charge de la promotion des exportations agricoles (NAEB).<\/p>\n<p>La vision ambitieuse du NAEB, visant \u00e0 \u00e9tendre les march\u00e9s des produits agricoles rwandais, notamment son caf\u00e9 de renomm\u00e9e mondiale, a jou\u00e9 un r\u00f4le d\u00e9terminant dans la forte pr\u00e9sence du pays.<\/p>\n<p>\u00ab Ils attendent avec impatience une implication accrue du Rwanda, gr\u00e2ce \u00e0 son bon leadership et \u00e0 son partenariat \u00e9troit avec le NAEB \u00bb, a soulign\u00e9 Anastase.<\/p>\n<p>Un autre volet majeur de la participation du Rwanda a \u00e9t\u00e9 l\u2019engagement du secteur priv\u00e9, avec des entreprises rwandaises en qu\u00eate d\u2019opportunit\u00e9s pour \u00e9largir leurs march\u00e9s.<\/p>\n<p>\u00ab En tant qu\u2019ambassade et collaborateurs, notre r\u00f4le est de faciliter les connexions entre le Rwanda et ses partenaires potentiels afin d\u2019en maximiser les b\u00e9n\u00e9fices \u2014 c\u2019est notre devoir \u00bb, a-t-il affirm\u00e9.<\/p>\n<p>Les ambitions du Rwanda d\u00e9passent la simple pr\u00e9sence \u00e0 l\u2019\u00e9v\u00e9nement, avec pour objectif clair de positionner ses industries du caf\u00e9 et du th\u00e9 parmi les cinq premi\u00e8res d\u2019Afrique.<\/p>\n<p>\u00ab Nous serons fiers de voir le Rwanda progresser dans le classement des producteurs de caf\u00e9 et de th\u00e9, visant \u00e0 figurer parmi les cinq premiers du continent. Nous voulons que ce succ\u00e8s profite pleinement au pays \u00bb, a d\u00e9clar\u00e9 le Professeur Shyaka, rappelant le mandat confi\u00e9 par le Pr\u00e9sident de la R\u00e9publique pour concr\u00e9tiser cette vision.<\/p>\n<p>Tomasz Szypu\u0142a, pr\u00e9sident du conseil d\u2019administration de Ptak Warsaw Expo, a chaleureusement accueilli le Rwanda en tant que pays partenaire de l\u2019\u00e9v\u00e9nement, mettant en lumi\u00e8re les liens croissants de solidarit\u00e9 et d\u2019amiti\u00e9 entre la Pologne et le Rwanda.<\/p>\n<p>Il a \u00e9galement expos\u00e9 une vision ambitieuse de coop\u00e9ration renforc\u00e9e, visant \u00e0 accro\u00eetre la comp\u00e9titivit\u00e9 du Rwanda en Pologne et en Europe centrale et orientale, tout en favorisant le d\u00e9veloppement des \u00e9changes commerciaux polonais au Rwanda.<\/p>\n<figure class=\"spip-document spip-document-61568 aligncenter\"><img decoding=\"async\" src=\"https:\/\/fr.igihe.com\/IMG\/jpg\/p1-6.jpg\" alt=\"\" \/><\/figure>\n<figure class=\"spip-document spip-document-61567 aligncenter\"><img decoding=\"async\" src=\"https:\/\/fr.igihe.com\/IMG\/jpg\/p2-6.jpg\" alt=\"\" \/><\/figure>\n<figure class=\"spip-document spip-document-61566 aligncenter\"><img decoding=\"async\" src=\"https:\/\/fr.igihe.com\/IMG\/jpg\/p3-6.jpg\" alt=\"\" \/><\/figure>\n<figure class=\"spip-document spip-document-61565 aligncenter\"><img decoding=\"async\" src=\"https:\/\/fr.igihe.com\/IMG\/jpg\/p4-3.jpg\" alt=\"\" \/><\/figure>\n<figure class=\"spip-document spip-document-61564 aligncenter\"><img decoding=\"async\" src=\"https:\/\/fr.igihe.com\/IMG\/jpg\/p5.jpg\" alt=\"\" \/><\/figure>\n<figure class=\"spip-document spip-document-61563 aligncenter\"><img decoding=\"async\" src=\"https:\/\/fr.igihe.com\/IMG\/jpg\/p6.jpg\" alt=\"\" \/><\/figure>\n<figure class=\"spip-document spip-document-61562 aligncenter\"><img decoding=\"async\" src=\"https:\/\/fr.igihe.com\/IMG\/jpg\/p7.jpg\" alt=\"\" \/><\/figure>\n<figure class=\"spip-document spip-document-61561 aligncenter\"><img decoding=\"async\" src=\"https:\/\/fr.igihe.com\/IMG\/jpg\/p8.jpg\" alt=\"\" \/><\/figure>\n<figure class=\"spip-document spip-document-61560 aligncenter\"><img decoding=\"async\" src=\"https:\/\/fr.igihe.com\/IMG\/jpg\/p9.jpg\" alt=\"\" \/><\/figure>\n<figure class=\"spip-document spip-document-61559 aligncenter\"><img decoding=\"async\" src=\"https:\/\/fr.igihe.com\/IMG\/jpg\/p10.jpg\" alt=\"\" \/><\/figure>\n<figure class=\"spip-document spip-document-61558 aligncenter\"><img decoding=\"async\" src=\"https:\/\/fr.igihe.com\/IMG\/jpg\/p11.jpg\" alt=\"\" \/><\/figure>\n<figure class=\"spip-document spip-document-61557 aligncenter\"><img decoding=\"async\" src=\"https:\/\/fr.igihe.com\/IMG\/jpg\/p13.jpg\" alt=\"\" \/><\/figure>\n<figure class=\"spip-document spip-document-61556 aligncenter\"><img decoding=\"async\" src=\"https:\/\/fr.igihe.com\/IMG\/jpg\/p12.jpg\" alt=\"\" \/><\/figure>\n<figure class=\"spip-document spip-document-61555 aligncenter\"><img decoding=\"async\" src=\"https:\/\/fr.igihe.com\/IMG\/jpg\/p14.jpg\" alt=\"\" \/><\/figure>\n<figure class=\"spip-document spip-document-61554 aligncenter\"><img decoding=\"async\" src=\"https:\/\/fr.igihe.com\/IMG\/jpg\/p15.jpg\" alt=\"\" \/><\/figure>\n<figure class=\"spip-document spip-document-61583 aligncenter\"><img decoding=\"async\" src=\"https:\/\/fr.igihe.com\/IMG\/jpg\/p16.jpg\" alt=\"\" \/><\/figure>\n<figure class=\"spip-document spip-document-61582 aligncenter\"><img decoding=\"async\" src=\"https:\/\/fr.igihe.com\/IMG\/jpg\/p17.jpg\" alt=\"\" \/><\/figure>\n<figure class=\"spip-document spip-document-61581 aligncenter\"><img decoding=\"async\" src=\"https:\/\/fr.igihe.com\/IMG\/jpg\/p18.jpg\" alt=\"\" \/><\/figure>\n<figure class=\"spip-document spip-document-61580 aligncenter\"><img decoding=\"async\" src=\"https:\/\/fr.igihe.com\/IMG\/jpg\/p20.jpg\" alt=\"\" \/><\/figure>\n<figure class=\"spip-document spip-document-61579 aligncenter\"><img decoding=\"async\" src=\"https:\/\/fr.igihe.com\/IMG\/jpg\/p19.jpg\" alt=\"\" \/><\/figure>\n<figure class=\"spip-document spip-document-61578 aligncenter\"><img decoding=\"async\" src=\"https:\/\/fr.igihe.com\/IMG\/jpg\/p22.jpg\" alt=\"\" \/><\/figure>\n<figure class=\"spip-document spip-document-61577 aligncenter\"><img decoding=\"async\" src=\"https:\/\/fr.igihe.com\/IMG\/jpg\/p21.jpg\" alt=\"\" \/><\/figure>\n<figure class=\"spip-document spip-document-61576 aligncenter\"><img decoding=\"async\" src=\"https:\/\/fr.igihe.com\/IMG\/jpg\/p23.jpg\" alt=\"\" \/><\/figure>\n<p>Visite du stand du Rwanda<\/p>\n<figure class=\"spip-document spip-document-61575 aligncenter\"><img decoding=\"async\" src=\"https:\/\/fr.igihe.com\/IMG\/jpg\/p24.jpg\" alt=\"\" \/><\/figure>\n<figure class=\"spip-document spip-document-61574 aligncenter\"><img decoding=\"async\" src=\"https:\/\/fr.igihe.com\/IMG\/jpg\/p25.jpg\" alt=\"\" \/><\/figure>\n<figure class=\"spip-document spip-document-61573 aligncenter\"><img decoding=\"async\" src=\"https:\/\/fr.igihe.com\/IMG\/jpg\/p26.jpg\" alt=\"\" \/><\/figure>\n<figure class=\"spip-document spip-document-61572 aligncenter\"><img decoding=\"async\" src=\"https:\/\/fr.igihe.com\/IMG\/jpg\/p27.jpg\" alt=\"\" \/><\/figure>\n<figure class=\"spip-document spip-document-61571 aligncenter\"><img decoding=\"async\" src=\"https:\/\/fr.igihe.com\/IMG\/jpg\/p28.jpg\" alt=\"\" \/><\/figure>\n<figure class=\"spip-document spip-document-61570 aligncenter\"><img decoding=\"async\" src=\"https:\/\/fr.igihe.com\/IMG\/jpg\/p29.jpg\" alt=\"\" \/><\/figure>\n<figure class=\"spip-document spip-document-61569 aligncenter\"><img decoding=\"async\" src=\"https:\/\/fr.igihe.com\/IMG\/jpg\/p30.jpg\" alt=\"\" \/><\/figure>\n<figure class=\"spip-document spip-document-61592 aligncenter\"><img decoding=\"async\" src=\"https:\/\/fr.igihe.com\/IMG\/jpg\/p31.jpg\" alt=\"\" \/><\/figure>\n<figure class=\"spip-document spip-document-61591 aligncenter\"><img decoding=\"async\" src=\"https:\/\/fr.igihe.com\/IMG\/jpg\/p32.jpg\" alt=\"\" \/><\/figure>\n<figure class=\"spip-document spip-document-61590 aligncenter\"><img decoding=\"async\" src=\"https:\/\/fr.igihe.com\/IMG\/jpg\/p33.jpg\" alt=\"\" \/><\/figure>\n<figure class=\"spip-document spip-document-61589 aligncenter\"><img decoding=\"async\" src=\"https:\/\/fr.igihe.com\/IMG\/jpg\/p35.jpg\" alt=\"\" \/><\/figure>\n<figure class=\"spip-document spip-document-61588 aligncenter\"><img decoding=\"async\" src=\"https:\/\/fr.igihe.com\/IMG\/jpg\/p34.jpg\" alt=\"\" \/><\/figure>\n<figure class=\"spip-document spip-document-61587 aligncenter\"><img decoding=\"async\" src=\"https:\/\/fr.igihe.com\/IMG\/jpg\/p37.jpg\" alt=\"\" \/><\/figure>\n<figure class=\"spip-document spip-document-61586 aligncenter\"><img decoding=\"async\" src=\"https:\/\/fr.igihe.com\/IMG\/jpg\/p36.jpg\" alt=\"\" \/><\/figure>\n<figure class=\"spip-document spip-document-61585 aligncenter\"><img decoding=\"async\" src=\"https:\/\/fr.igihe.com\/IMG\/jpg\/p39.jpg\" alt=\"\" \/><\/figure>\n<figure class=\"spip-document spip-document-61584 aligncenter\"><img decoding=\"async\" src=\"https:\/\/fr.igihe.com\/IMG\/jpg\/p38.jpg\" alt=\"\" \/><\/figure>\n<p>karirima@igihe.com<\/p>\n","protected":false},"excerpt":{"rendered":"<p>Le Rwanda a fait sa premi\u00e8re apparition \u00e0 &#8216;l\u2019Expo Coffee Europe 2025&#8217;, organis\u00e9e au Ptak Warsaw Expo \u00e0 Nadarzyn, en Pologne. Cette participation marque \u00e9galement une premi\u00e8re pour l\u2019Afrique, le Rwanda \u00e9tant le premier pays du continent \u00e0 prendre part \u00e0 ce salon depuis sa cr\u00e9ation il y a dix ans. L\u2019\u00e9v\u00e9nement met en lumi\u00e8re les derni\u00e8res technologies, les solutions innovantes et les tendances \u00e9mergentes de l\u2019industrie mondiale du caf\u00e9.<\/p>\n","protected":false},"author":488,"featured_media":4000061619,"comment_status":"open","ping_status":"open","sticky":false,"template":"","format":"standard","meta":{"footnotes":""},"categories":[7535],"tags":[7605],"byline":[7705],"hashtag":[],"class_list":["post-37770","post","type-post","status-publish","format-standard","has-post-thumbnail","hentry","category-l-investisseur-9","tag-homenews","byline-karirima-a-ngarambe"],"bylines":[{"id":7705,"name":"Karirima.A.Ngarambe","slug":"karirima-a-ngarambe","description":"","image":{"id":0,"url":"https:\/\/secure.gravatar.com\/avatar\/?s=96&d=mm&f=y&r=g","alt":"Default avatar","title":"Default avatar","caption":"","mime_type":"image\/jpeg","sizes":[]},"user_id":null}],"contributors":[{"id":7705,"name":"Karirima.A.Ngarambe","slug":"karirima-a-ngarambe","description":"","image":{"id":0,"url":"https:\/\/secure.gravatar.com\/avatar\/?s=96&d=mm&f=y&r=g","alt":"Default avatar","title":"Default avatar","caption":"","mime_type":"image\/jpeg","sizes":[]},"user_id":null}],"featured_image":{"id":4000061619,"url":"https:\/\/fr-images.igihe.com\/IMG\/logo\/whatsapp_image_2025-05-28_at_15.28_51_dcca87de.jpg","alt":"","caption":"","mime_type":"image\/jpeg","width":0,"height":0,"sizes":{"thumbnail":{"url":"https:\/\/fr-images.igihe.com\/IMG\/logo\/whatsapp_image_2025-05-28_at_15.28_51_dcca87de.jpg","width":1,"height":1},"medium":{"url":"https:\/\/fr-images.igihe.com\/IMG\/logo\/whatsapp_image_2025-05-28_at_15.28_51_dcca87de.jpg","width":1,"height":1},"medium_large":{"url":"https:\/\/fr-images.igihe.com\/IMG\/logo\/whatsapp_image_2025-05-28_at_15.28_51_dcca87de.jpg","width":1,"height":1},"large":{"url":"https:\/\/fr-images.igihe.com\/IMG\/logo\/whatsapp_image_2025-05-28_at_15.28_51_dcca87de.jpg","width":1,"height":1},"full":{"url":"https:\/\/fr-images.igihe.com\/IMG\/logo\/whatsapp_image_2025-05-28_at_15.28_51_dcca87de.jpg","width":0,"height":0}}},"_links":{"self":[{"href":"https:\/\/new.igihe.com\/french\/wp-json\/wp\/v2\/posts\/37770","targetHints":{"allow":["GET"]}}],"collection":[{"href":"https:\/\/new.igihe.com\/french\/wp-json\/wp\/v2\/posts"}],"about":[{"href":"https:\/\/new.igihe.com\/french\/wp-json\/wp\/v2\/types\/post"}],"author":[{"embeddable":true,"href":"https:\/\/new.igihe.com\/french\/wp-json\/wp\/v2\/users\/488"}],"replies":[{"embeddable":true,"href":"https:\/\/new.igihe.com\/french\/wp-json\/wp\/v2\/comments?post=37770"}],"version-history":[{"count":0,"href":"https:\/\/new.igihe.com\/french\/wp-json\/wp\/v2\/posts\/37770\/revisions"}],"wp:featuredmedia":[{"embeddable":true,"href":"https:\/\/new.igihe.com\/french\/wp-json\/wp\/v2\/media\/4000061619"}],"wp:attachment":[{"href":"https:\/\/new.igihe.com\/french\/wp-json\/wp\/v2\/media?parent=37770"}],"wp:term":[{"taxonomy":"category","embeddable":true,"href":"https:\/\/new.igihe.com\/french\/wp-json\/wp\/v2\/categories?post=37770"},{"taxonomy":"post_tag","embeddable":true,"href":"https:\/\/new.igihe.com\/french\/wp-json\/wp\/v2\/tags?post=37770"},{"taxonomy":"byline","embeddable":true,"href":"https:\/\/new.igihe.com\/french\/wp-json\/wp\/v2\/byline?post=37770"},{"taxonomy":"hashtag","embeddable":true,"href":"https:\/\/new.igihe.com\/french\/wp-json\/wp\/v2\/hashtag?post=37770"}],"curies":[{"name":"wp","href":"https:\/\/api.w.org\/{rel}","templated":true}]}}