{"id":37767,"date":"2025-05-28T11:20:39","date_gmt":"2025-05-28T11:20:39","guid":{"rendered":"https:\/\/new.igihe.com\/french\/Harvard-ou-la-fin-d-une-epoque-37767\/"},"modified":"2025-05-28T11:17:51","modified_gmt":"2025-05-28T11:17:51","slug":"Harvard-ou-la-fin-d-une-epoque","status":"publish","type":"post","link":"https:\/\/new.igihe.com\/french\/Harvard-ou-la-fin-d-une-epoque\/","title":{"rendered":"Harvard ou la fin d\u2019une \u00e9poque"},"content":{"rendered":"<p>Sous l\u2019impulsion directe du pr\u00e9sident Donald Trump, cette entreprise s\u2019inscrit dans une volont\u00e9 manifeste de subordonner les bastions traditionnels du savoir et de l\u2019ind\u00e9pendance intellectuelle \u00e0 une logique d\u2019h\u00e9g\u00e9monie id\u00e9ologique. Ce bras de fer illustre non seulement une attaque contre l\u2019autonomie universitaire, mais aussi une remise en cause plus large de l\u2019ordre lib\u00e9ral et m\u00e9ritocratique qui a structur\u00e9 le prestige occidental depuis le XXe si\u00e8cle.<\/p>\n<p>Harvard, fond\u00e9e en 1636, est bien plus qu\u2019un \u00e9tablissement d\u2019enseignement sup\u00e9rieur : elle est le symbole d\u2019un capital intellectuel accumul\u00e9 sur plusieurs si\u00e8cles, une cath\u00e9drale s\u00e9culi\u00e8re du savoir, dont les pierres sont faites d\u2019excellence acad\u00e9mique, de libert\u00e9 de pens\u00e9e et de rayonnement international. <\/p>\n<p>Ses amphith\u00e9\u00e2tres ont vu d\u00e9filer des g\u00e9n\u00e9rations d\u2019\u00e9lites scientifiques, politiques, \u00e9conomiques et culturelles, fa\u00e7onnant non seulement l\u2019Am\u00e9rique, mais aussi le monde. Le nom de Harvard, dans l\u2019imaginaire collectif mondial, est synonyme d\u2019autorit\u00e9 intellectuelle, de recherche de v\u00e9rit\u00e9 et d\u2019un id\u00e9al d\u2019\u00e9l\u00e9vation morale et civique.<\/p>\n<p>En s\u2019attaquant \u00e0 cette institution, le pouvoir politique actuel engage un processus de d\u00e9sacralisation qui d\u00e9passe le simple d\u00e9saccord administratif ou budg\u00e9taire : il tente d\u2019infliger une blessure symbolique \u00e0 ce que repr\u00e9sente Harvard dans la conscience mondiale. <\/p>\n<p>La mise en p\u00e9ril de ses financements f\u00e9d\u00e9raux, la volont\u00e9 de contraindre ses politiques de recrutement et d\u2019admission, traduisent une \u00e9poque de soup\u00e7on g\u00e9n\u00e9ralis\u00e9 envers les \u00e9lites, per\u00e7ues non plus comme des guides, mais comme des bastions \u00e0 abattre.<\/p>\n<p>Les cons\u00e9quences de cette entreprise pourraient \u00eatre consid\u00e9rables. En fragilisant Harvard, c\u2019est la cr\u00e9dibilit\u00e9 du mod\u00e8le universitaire am\u00e9ricain tout entier qui se trouve entam\u00e9e. De nombreux chercheurs, partenaires internationaux, et \u00e9tudiants \u00e9trangers qui contribuent largement \u00e0 la richesse et \u00e0 la diversit\u00e9 de l\u2019\u00e9tablissement pourraient \u00eatre dissuad\u00e9s de s\u2019y engager, de crainte d\u2019un climat de politisation croissante. La r\u00e9putation de l\u2019universit\u00e9, patiemment b\u00e2tie par des g\u00e9n\u00e9rations d\u2019\u00e9rudits, pourrait se trouver \u00e9corn\u00e9e sur l\u2019\u00e9chiquier acad\u00e9mique mondial, ouvrant la voie \u00e0 une redistribution des p\u00f4les d\u2019excellence vers d\u2019autres contr\u00e9es per\u00e7ues comme plus stables ou respectueuses de l\u2019autonomie des savoirs.<\/p>\n<p>Plus fondamentalement, cet \u00e9pisode t\u00e9moigne d\u2019un basculement : nous assistons peut-\u00eatre \u00e0 la fin d\u2019une \u00e9poque o\u00f9 les institutions intellectuelles b\u00e9n\u00e9ficiaient encore d\u2019un relatif sanctuaire, prot\u00e9g\u00e9es des emportements du pouvoir ex\u00e9cutif. Le climat actuel, marqu\u00e9 par l\u2019impr\u00e9visibilit\u00e9 politique, la mont\u00e9e des populismes et la d\u00e9fiance envers toute forme d\u2019autorit\u00e9 savante, inaugure un monde d\u2019incertitudes o\u00f9 l\u2019universit\u00e9, nagu\u00e8re temple de la raison, se voit somm\u00e9e de se justifier, de se soumettre ou de dispara\u00eetre.<\/p>\n<p>Il ne s\u2019agit pas ici d\u2019un simple conflit entre un pr\u00e9sident et une universit\u00e9, mais du sympt\u00f4me d\u2019une crise plus profonde : celle de la d\u00e9sagr\u00e9gation du contrat implicite entre la soci\u00e9t\u00e9 et ses institutions de savoir. Le spectre qui se profile est celui d\u2019une r\u00e9gression civilisationnelle, o\u00f9 la science devient suspecte, o\u00f9 la pens\u00e9e critique est assimil\u00e9e \u00e0 la dissidence, et o\u00f9 le savoir se voit r\u00e9duit \u00e0 l\u2019outil servile d\u2019une v\u00e9rit\u00e9 d\u2019\u00c9tat. <\/p>\n<p>En ce sens, le bras de fer avec Harvard est une m\u00e9taphore tragique de notre temps : celle de l\u2019assaut contre la lumi\u00e8re au nom d\u2019une volont\u00e9 de puissance sans garde-fous.<\/p>\n<p>Nous entrons dans une \u00e8re cr\u00e9pusculaire o\u00f9 les rep\u00e8res vacillent, o\u00f9 les certitudes d\u2019hier se dissolvent dans l\u2019acide de la polarisation id\u00e9ologique. <\/p>\n<p>Le cas Harvard n\u2019est que le pr\u00e9lude d\u2019un vaste bouleversement. Reste \u00e0 savoir si l\u2019universit\u00e9 et avec elle, l\u2019id\u00e9al de l\u2019humanisme \u00e9clair\u00e9 saura trouver en elle-m\u00eame la force de r\u00e9sister, de se renouveler, et de continuer \u00e0 \u00e9clairer le monde dans l\u2019\u00e9paisseur des t\u00e9n\u00e8bres qui\u00a0s\u2019annoncent.<\/p>\n<figure class=\"spip-document spip-document-61549 aligncenter\"><img decoding=\"async\" src=\"https:\/\/fr.igihe.com\/IMG\/jpg\/hu.jpg\" alt=\"La Maison Blanche a demand\u00e9 aux agences f\u00e9d\u00e9rales d\u2019identifier leurs contrats avec Harvard\" \/><\/figure>\n","protected":false},"excerpt":{"rendered":"<p>La r\u00e9cente initiative de la Maison Blanche, consistant \u00e0 exiger des agences f\u00e9d\u00e9rales qu&#8217;elles identifient les contrats conclus avec l\u2019universit\u00e9 de Harvard avec pour \u00e9ventuel dessein de les annuler ou de les rediriger marque un tournant saisissant dans l\u2019histoire des relations entre le pouvoir politique et les institutions acad\u00e9miques d\u2019\u00e9lite. <\/p>\n","protected":false},"author":488,"featured_media":4000061548,"comment_status":"open","ping_status":"open","sticky":false,"template":"","format":"standard","meta":{"footnotes":""},"categories":[7544],"tags":[7605],"byline":[9102],"hashtag":[],"class_list":["post-37767","post","type-post","status-publish","format-standard","has-post-thumbnail","hentry","category-politique","tag-homenews","byline-tite-gatabazi"],"bylines":[{"id":9102,"name":"Tite Gatabazi","slug":"tite-gatabazi","description":"","image":{"id":0,"url":"https:\/\/secure.gravatar.com\/avatar\/?s=96&d=mm&f=y&r=g","alt":"Default avatar","title":"Default avatar","caption":"","mime_type":"image\/jpeg","sizes":[]},"user_id":472}],"contributors":[{"id":9102,"name":"Tite Gatabazi","slug":"tite-gatabazi","description":"","image":{"id":0,"url":"https:\/\/secure.gravatar.com\/avatar\/?s=96&d=mm&f=y&r=g","alt":"Default avatar","title":"Default avatar","caption":"","mime_type":"image\/jpeg","sizes":[]},"user_id":472}],"featured_image":{"id":4000061548,"url":"https:\/\/fr-images.igihe.com\/IMG\/logo\/hu_cp.jpg","alt":"","caption":"","mime_type":"image\/jpeg","width":0,"height":0,"sizes":{"thumbnail":{"url":"https:\/\/fr-images.igihe.com\/IMG\/logo\/hu_cp.jpg","width":1,"height":1},"medium":{"url":"https:\/\/fr-images.igihe.com\/IMG\/logo\/hu_cp.jpg","width":1,"height":1},"medium_large":{"url":"https:\/\/fr-images.igihe.com\/IMG\/logo\/hu_cp.jpg","width":1,"height":1},"large":{"url":"https:\/\/fr-images.igihe.com\/IMG\/logo\/hu_cp.jpg","width":1,"height":1},"full":{"url":"https:\/\/fr-images.igihe.com\/IMG\/logo\/hu_cp.jpg","width":0,"height":0}}},"_links":{"self":[{"href":"https:\/\/new.igihe.com\/french\/wp-json\/wp\/v2\/posts\/37767","targetHints":{"allow":["GET"]}}],"collection":[{"href":"https:\/\/new.igihe.com\/french\/wp-json\/wp\/v2\/posts"}],"about":[{"href":"https:\/\/new.igihe.com\/french\/wp-json\/wp\/v2\/types\/post"}],"author":[{"embeddable":true,"href":"https:\/\/new.igihe.com\/french\/wp-json\/wp\/v2\/users\/488"}],"replies":[{"embeddable":true,"href":"https:\/\/new.igihe.com\/french\/wp-json\/wp\/v2\/comments?post=37767"}],"version-history":[{"count":0,"href":"https:\/\/new.igihe.com\/french\/wp-json\/wp\/v2\/posts\/37767\/revisions"}],"wp:featuredmedia":[{"embeddable":true,"href":"https:\/\/new.igihe.com\/french\/wp-json\/wp\/v2\/media\/4000061548"}],"wp:attachment":[{"href":"https:\/\/new.igihe.com\/french\/wp-json\/wp\/v2\/media?parent=37767"}],"wp:term":[{"taxonomy":"category","embeddable":true,"href":"https:\/\/new.igihe.com\/french\/wp-json\/wp\/v2\/categories?post=37767"},{"taxonomy":"post_tag","embeddable":true,"href":"https:\/\/new.igihe.com\/french\/wp-json\/wp\/v2\/tags?post=37767"},{"taxonomy":"byline","embeddable":true,"href":"https:\/\/new.igihe.com\/french\/wp-json\/wp\/v2\/byline?post=37767"},{"taxonomy":"hashtag","embeddable":true,"href":"https:\/\/new.igihe.com\/french\/wp-json\/wp\/v2\/hashtag?post=37767"}],"curies":[{"name":"wp","href":"https:\/\/api.w.org\/{rel}","templated":true}]}}