{"id":37766,"date":"2025-05-28T11:17:35","date_gmt":"2025-05-28T11:17:35","guid":{"rendered":"https:\/\/new.igihe.com\/french\/Le-Rwanda-participe-a-une-reunion-regionale-sur-la-paix-en-RDC-a-Kampala-37766\/"},"modified":"2025-05-28T11:15:04","modified_gmt":"2025-05-28T11:15:04","slug":"Le-Rwanda-participe-a-une-reunion-regionale-sur-la-paix-en-RDC-a-Kampala","status":"publish","type":"post","link":"https:\/\/new.igihe.com\/french\/Le-Rwanda-participe-a-une-reunion-regionale-sur-la-paix-en-RDC-a-Kampala\/","title":{"rendered":"Le Rwanda participe \u00e0 une r\u00e9union r\u00e9gionale sur la paix en RDC, \u00e0 Kampala"},"content":{"rendered":"<p>Cette r\u00e9union s\u2019appuie sur un accord sign\u00e9 le 24 f\u00e9vrier 2013 par onze pays africains, visant \u00e0 garantir une paix durable et \u00e0 renforcer la coop\u00e9ration r\u00e9gionale. Un m\u00e9canisme de suivi, le ROM (M\u00e9canisme r\u00e9gional de supervision), a \u00e9t\u00e9 mis en place pour en assurer l\u2019application.<\/p>\n<p>Le 27 mai 2025, le G\u00e9n\u00e9ral Kabarebe a pris part \u00e0 la r\u00e9union des ministres des Affaires \u00e9trang\u00e8res, qui sera suivie le 28 mai d\u2019une session rassemblant chefs d\u2019\u00c9tat, de gouvernement et leurs repr\u00e9sentants.<\/p>\n<p>Les pays signataires sont le Rwanda, l\u2019Angola, le Burundi, la R\u00e9publique centrafricaine, la RDC, la R\u00e9publique du Congo, l\u2019Afrique du Sud, le Soudan du Sud, la Tanzanie, l\u2019Ouganda et la Zambie, rejoints en janvier 2014 par le Kenya et le Soudan.<\/p>\n<p>Depuis mai 2023, la coordination du suivi de l\u2019accord est assur\u00e9e par le pr\u00e9sident burundais \u00c9variste Ndayishimiye, qui s\u2019appr\u00eate \u00e0 transmettre cette responsabilit\u00e9 \u00e0 son homologue ougandais Yoweri Kaguta Museveni.<\/p>\n<p>L\u2019accord impose \u00e0 la RDC des r\u00e9formes majeures en mati\u00e8re de s\u00e9curit\u00e9, de d\u00e9centralisation, de restructuration institutionnelle, ainsi qu\u2019en promotion de l\u2019unit\u00e9 nationale, de la r\u00e9conciliation et d\u2019une gouvernance renforc\u00e9e, notamment dans l\u2019Est du pays.<\/p>\n<p>Les \u00c9tats signataires s\u2019engagent \u00e9galement \u00e0 respecter la souverainet\u00e9 de chacun, \u00e0 ne soutenir ni groupes arm\u00e9s ni leurs alli\u00e9s, \u00e0 renforcer la coop\u00e9ration \u00e9conomique et judiciaire, et \u00e0 refuser l\u2019asile aux personnes suspect\u00e9es de crimes de guerre ou contre l\u2019humanit\u00e9.<\/p>\n<p>Sur le plan international, l\u2019ONU, l\u2019Union africaine et la Communaut\u00e9 des \u00c9tats d\u2019Afrique de l\u2019Est soutiennent les efforts visant \u00e0 instaurer une paix durable dans l\u2019Est de la RDC et \u00e0 renforcer la coop\u00e9ration \u00e9conomique r\u00e9gionale.<\/p>\n<p>Douze ans apr\u00e8s la signature de l\u2019accord, l\u2019Est de la RDC reste en \u00e9tat de crise. Kinshasa, loin de d\u00e9samorcer les tensions, appuie plusieurs groupes arm\u00e9s dans sa lutte contre l\u2019alliance AFC\/M23, qui maintient son contr\u00f4le sur d\u2019importants territoires au Nord-Kivu et au Sud-Kivu.<\/p>\n<p>Le 25 mai, avant la tenue de la r\u00e9union, le pr\u00e9sident burundais \u00c9variste Ndayishimiye s\u2019est rendu \u00e0 Kinshasa pour s\u2019entretenir avec son homologue F\u00e9lix Tshisekedi sur des questions de s\u00e9curit\u00e9 et de relations bilat\u00e9rales.<\/p>\n<figure class=\"spip-document spip-document-61547 aligncenter\"><img decoding=\"async\" src=\"https:\/\/fr.igihe.com\/IMG\/jpg\/gk_1.jpg\" alt=\"Le Secr\u00e9taire d\u2019\u00c9tat aux Affaires \u00e9trang\u00e8res a repr\u00e9sent\u00e9 le Rwanda \u00e0 une r\u00e9union sur la paix et la s\u00e9curit\u00e9 r\u00e9gionale entre la RDC et ses voisins\" \/><\/figure>\n<figure class=\"spip-document spip-document-61545 aligncenter\"><img decoding=\"async\" src=\"https:\/\/fr.igihe.com\/IMG\/jpg\/gk_2.jpg\" alt=\"Cette r\u00e9union s\u2019appuie sur un accord sign\u00e9 le 24 f\u00e9vrier 2013 par onze pays africains\" \/><\/figure>\n<figure class=\"spip-document spip-document-61546 aligncenter\"><img decoding=\"async\" src=\"https:\/\/fr.igihe.com\/IMG\/jpg\/gk_3.jpg\" alt=\"Avant la tenue de la r\u00e9union, le pr\u00e9sident burundais s\u2019est rendu \u00e0 Kinshasa \" \/><\/figure>\n","protected":false},"excerpt":{"rendered":"<p>Le G\u00e9n\u00e9ral (\u00e0 la retraite) James Kabarebe, Secr\u00e9taire d\u2019\u00c9tat au Minist\u00e8re des Affaires \u00e9trang\u00e8res et de la Coop\u00e9ration, a repr\u00e9sent\u00e9 le Rwanda lors d\u2019une r\u00e9union d\u00e9di\u00e9e \u00e0 la paix, \u00e0 la s\u00e9curit\u00e9 et \u00e0 la coop\u00e9ration r\u00e9gionale entre la R\u00e9publique d\u00e9mocratique du Congo et ses voisins. Cette rencontre se tient actuellement \u00e0 Kampala, en Ouganda.<\/p>\n","protected":false},"author":488,"featured_media":4000061544,"comment_status":"open","ping_status":"open","sticky":false,"template":"","format":"standard","meta":{"footnotes":""},"categories":[7540],"tags":[7605],"byline":[7717],"hashtag":[],"class_list":["post-37766","post","type-post","status-publish","format-standard","has-post-thumbnail","hentry","category-securite","tag-homenews","byline-igihe"],"bylines":[{"id":7717,"name":"IGIHE","slug":"igihe","description":"","image":{"id":0,"url":"https:\/\/secure.gravatar.com\/avatar\/?s=96&d=mm&f=y&r=g","alt":"Default avatar","title":"Default avatar","caption":"","mime_type":"image\/jpeg","sizes":[]},"user_id":393}],"contributors":[{"id":7717,"name":"IGIHE","slug":"igihe","description":"","image":{"id":0,"url":"https:\/\/secure.gravatar.com\/avatar\/?s=96&d=mm&f=y&r=g","alt":"Default avatar","title":"Default avatar","caption":"","mime_type":"image\/jpeg","sizes":[]},"user_id":393}],"featured_image":{"id":4000061544,"url":"https:\/\/fr-images.igihe.com\/IMG\/logo\/gk_1_cp.jpg","alt":"","caption":"","mime_type":"image\/jpeg","width":0,"height":0,"sizes":{"thumbnail":{"url":"https:\/\/fr-images.igihe.com\/IMG\/logo\/gk_1_cp.jpg","width":1,"height":1},"medium":{"url":"https:\/\/fr-images.igihe.com\/IMG\/logo\/gk_1_cp.jpg","width":1,"height":1},"medium_large":{"url":"https:\/\/fr-images.igihe.com\/IMG\/logo\/gk_1_cp.jpg","width":1,"height":1},"large":{"url":"https:\/\/fr-images.igihe.com\/IMG\/logo\/gk_1_cp.jpg","width":1,"height":1},"full":{"url":"https:\/\/fr-images.igihe.com\/IMG\/logo\/gk_1_cp.jpg","width":0,"height":0}}},"_links":{"self":[{"href":"https:\/\/new.igihe.com\/french\/wp-json\/wp\/v2\/posts\/37766","targetHints":{"allow":["GET"]}}],"collection":[{"href":"https:\/\/new.igihe.com\/french\/wp-json\/wp\/v2\/posts"}],"about":[{"href":"https:\/\/new.igihe.com\/french\/wp-json\/wp\/v2\/types\/post"}],"author":[{"embeddable":true,"href":"https:\/\/new.igihe.com\/french\/wp-json\/wp\/v2\/users\/488"}],"replies":[{"embeddable":true,"href":"https:\/\/new.igihe.com\/french\/wp-json\/wp\/v2\/comments?post=37766"}],"version-history":[{"count":0,"href":"https:\/\/new.igihe.com\/french\/wp-json\/wp\/v2\/posts\/37766\/revisions"}],"wp:featuredmedia":[{"embeddable":true,"href":"https:\/\/new.igihe.com\/french\/wp-json\/wp\/v2\/media\/4000061544"}],"wp:attachment":[{"href":"https:\/\/new.igihe.com\/french\/wp-json\/wp\/v2\/media?parent=37766"}],"wp:term":[{"taxonomy":"category","embeddable":true,"href":"https:\/\/new.igihe.com\/french\/wp-json\/wp\/v2\/categories?post=37766"},{"taxonomy":"post_tag","embeddable":true,"href":"https:\/\/new.igihe.com\/french\/wp-json\/wp\/v2\/tags?post=37766"},{"taxonomy":"byline","embeddable":true,"href":"https:\/\/new.igihe.com\/french\/wp-json\/wp\/v2\/byline?post=37766"},{"taxonomy":"hashtag","embeddable":true,"href":"https:\/\/new.igihe.com\/french\/wp-json\/wp\/v2\/hashtag?post=37766"}],"curies":[{"name":"wp","href":"https:\/\/api.w.org\/{rel}","templated":true}]}}