{"id":37764,"date":"2025-05-27T17:15:57","date_gmt":"2025-05-27T17:15:57","guid":{"rendered":"https:\/\/new.igihe.com\/french\/Joseph-Kabila-visite-la-base-militaire-de-l-AFC-M23-a-Rumangabo-37764\/"},"modified":"2025-05-27T17:13:23","modified_gmt":"2025-05-27T17:13:23","slug":"Joseph-Kabila-visite-la-base-militaire-de-l-AFC-M23-a-Rumangabo","status":"publish","type":"post","link":"https:\/\/new.igihe.com\/french\/Joseph-Kabila-visite-la-base-militaire-de-l-AFC-M23-a-Rumangabo\/","title":{"rendered":"Joseph Kabila visite la base militaire de l\u2019AFC\/M23 \u00e0 Rumangabo"},"content":{"rendered":"<p>Le m\u00e9dia congolais populaire &#8216;7sur7&#8217;, citant une source proche de l\u2019ancien pr\u00e9sident, a rapport\u00e9 ce mardi que la visite de Joseph Kabila \u00e0 la base militaire de Rumangabo \u2014 actuellement sous contr\u00f4le du groupe rebelle \u2014 visait \u00e0 \u00e9valuer les conditions dans lesquelles les citoyens congolais sont form\u00e9s apr\u00e8s avoir choisi de rejoindre la &#8220;r\u00e9volution&#8221; men\u00e9e par l\u2019AFC\/M23.<\/p>\n<p>\u00ab En tant que militaire de formation, Joseph Kabila dispose de toutes les comp\u00e9tences n\u00e9cessaires pour insuffler une nouvelle dynamique \u00e0 cette opposition arm\u00e9e \u00bb, a d\u00e9clar\u00e9 cette source.<\/p>\n<p>\u00ab Il n\u2019a pas besoin de rejoindre officiellement le mouvement pour mettre son expertise au service de cette cause et contribuer \u00e0 sortir le pays de l\u2019impasse actuelle. \u00bb<\/p>\n<p>Joseph Kabila a tenu des r\u00e9unions avec la branche arm\u00e9e de l&#8217;AFC\/M23 pour \u00e9valuer la situation et envisager des solutions conformes \u00e0 sa vision politique et \u00e0 son plan en douze points pour sortir de la crise.<\/p>\n<p>Le groupe rebelle, qui contr\u00f4le plusieurs zones du Nord-Kivu, dont Goma, a confirm\u00e9 son arriv\u00e9e ce 26 mai 2025, apr\u00e8s deux ann\u00e9es pass\u00e9es en Afrique du Sud.<\/p>\n<p>Corneille Nangaa, coordinateur du mouvement, a salu\u00e9 son retour, le qualifiant de \u00ab grande figure politique \u00bb.<\/p>\n<p>\u00ab Il a fait le bon choix, plut\u00f4t que de rester en exil forc\u00e9 \u00bb, a d\u00e9clar\u00e9 Corneille Nangaa dans un communiqu\u00e9 publi\u00e9 sur X.<\/p>\n<p>Le retour de Joseph Kabila intervient seulement deux jours apr\u00e8s une attaque virulente contre le gouvernement de F\u00e9lix Tshisekedi, qu\u2019il a accus\u00e9 de promouvoir le populisme, le mensonge, le tribalisme, le n\u00e9potisme et l\u2019impunit\u00e9.<\/p>\n<p>Dans une allocution t\u00e9l\u00e9vis\u00e9e diffus\u00e9e vendredi dernier, l\u2019ancien pr\u00e9sident a affirm\u00e9 que ces d\u00e9rives avaient bris\u00e9 l\u2019unit\u00e9 nationale et rendu le pays vuln\u00e9rable.<\/p>\n<p>Les tensions entre les deux anciens alli\u00e9s se sont accentu\u00e9es au fil des ans. L\u2019administration Tshisekedi accuse d\u00e9sormais Kabila de soutenir l\u2019insurrection men\u00e9e par l&#8217;AFC\/M23. Le mois dernier, le minist\u00e8re de la Justice a ordonn\u00e9 l\u2019ouverture de poursuites judiciaires \u00e0 son encontre, ainsi que la saisie de ses biens, en raison de liens pr\u00e9sum\u00e9s avec le groupe rebelle.<\/p>\n<p>Le Jeudi 22 mai 2025, le S\u00e9nat congolais a vot\u00e9 la lev\u00e9e de l\u2019immunit\u00e9 de Joseph Kabila, s\u00e9nateur \u00e0 vie, ouvrant la voie \u00e0 des poursuites judiciaires pour trahison.<\/p>\n<p>\u00c2g\u00e9 de 53 ans, Kabila a dirig\u00e9 la R\u00e9publique d\u00e9mocratique du Congo de 2001 \u00e0 janvier 2019.<\/p>\n<figure class=\"spip-document spip-document-61537 aligncenter\"><img decoding=\"async\" src=\"https:\/\/fr.igihe.com\/IMG\/jpg\/jkb_cp.jpg\" alt=\"L\u2019ancien pr\u00e9sident Joseph Kabila s\u2019est rendu \u00e0 la base militaire de l\u2019AFC\/M23 \u00e0 Rumangabo, dans le territoire de Rutshuru\" \/><\/figure>\n","protected":false},"excerpt":{"rendered":"<p>L\u2019ancien pr\u00e9sident Joseph Kabila s\u2019est rendu \u00e0 la base militaire de l&#8217;AFC\/M23 \u00e0 Rumangabo, dans le territoire de Rutshuru, peu apr\u00e8s son retour d\u2019exil en provenance d\u2019Afrique du Sud.<\/p>\n","protected":false},"author":488,"featured_media":4000061538,"comment_status":"open","ping_status":"open","sticky":false,"template":"","format":"standard","meta":{"footnotes":""},"categories":[7544],"tags":[7605],"byline":[7717],"hashtag":[],"class_list":["post-37764","post","type-post","status-publish","format-standard","has-post-thumbnail","hentry","category-politique","tag-homenews","byline-igihe"],"bylines":[{"id":7717,"name":"IGIHE","slug":"igihe","description":"","image":{"id":0,"url":"https:\/\/secure.gravatar.com\/avatar\/?s=96&d=mm&f=y&r=g","alt":"Default avatar","title":"Default avatar","caption":"","mime_type":"image\/jpeg","sizes":[]},"user_id":393}],"contributors":[{"id":7717,"name":"IGIHE","slug":"igihe","description":"","image":{"id":0,"url":"https:\/\/secure.gravatar.com\/avatar\/?s=96&d=mm&f=y&r=g","alt":"Default avatar","title":"Default avatar","caption":"","mime_type":"image\/jpeg","sizes":[]},"user_id":393}],"featured_image":{"id":4000061538,"url":"https:\/\/fr-images.igihe.com\/IMG\/logo\/jkb_cp-4.jpg","alt":"","caption":"","mime_type":"image\/jpeg","width":0,"height":0,"sizes":{"thumbnail":{"url":"https:\/\/fr-images.igihe.com\/IMG\/logo\/jkb_cp-4.jpg","width":1,"height":1},"medium":{"url":"https:\/\/fr-images.igihe.com\/IMG\/logo\/jkb_cp-4.jpg","width":1,"height":1},"medium_large":{"url":"https:\/\/fr-images.igihe.com\/IMG\/logo\/jkb_cp-4.jpg","width":1,"height":1},"large":{"url":"https:\/\/fr-images.igihe.com\/IMG\/logo\/jkb_cp-4.jpg","width":1,"height":1},"full":{"url":"https:\/\/fr-images.igihe.com\/IMG\/logo\/jkb_cp-4.jpg","width":0,"height":0}}},"_links":{"self":[{"href":"https:\/\/new.igihe.com\/french\/wp-json\/wp\/v2\/posts\/37764","targetHints":{"allow":["GET"]}}],"collection":[{"href":"https:\/\/new.igihe.com\/french\/wp-json\/wp\/v2\/posts"}],"about":[{"href":"https:\/\/new.igihe.com\/french\/wp-json\/wp\/v2\/types\/post"}],"author":[{"embeddable":true,"href":"https:\/\/new.igihe.com\/french\/wp-json\/wp\/v2\/users\/488"}],"replies":[{"embeddable":true,"href":"https:\/\/new.igihe.com\/french\/wp-json\/wp\/v2\/comments?post=37764"}],"version-history":[{"count":0,"href":"https:\/\/new.igihe.com\/french\/wp-json\/wp\/v2\/posts\/37764\/revisions"}],"wp:featuredmedia":[{"embeddable":true,"href":"https:\/\/new.igihe.com\/french\/wp-json\/wp\/v2\/media\/4000061538"}],"wp:attachment":[{"href":"https:\/\/new.igihe.com\/french\/wp-json\/wp\/v2\/media?parent=37764"}],"wp:term":[{"taxonomy":"category","embeddable":true,"href":"https:\/\/new.igihe.com\/french\/wp-json\/wp\/v2\/categories?post=37764"},{"taxonomy":"post_tag","embeddable":true,"href":"https:\/\/new.igihe.com\/french\/wp-json\/wp\/v2\/tags?post=37764"},{"taxonomy":"byline","embeddable":true,"href":"https:\/\/new.igihe.com\/french\/wp-json\/wp\/v2\/byline?post=37764"},{"taxonomy":"hashtag","embeddable":true,"href":"https:\/\/new.igihe.com\/french\/wp-json\/wp\/v2\/hashtag?post=37764"}],"curies":[{"name":"wp","href":"https:\/\/api.w.org\/{rel}","templated":true}]}}