{"id":37763,"date":"2025-05-27T17:13:08","date_gmt":"2025-05-27T17:13:08","guid":{"rendered":"https:\/\/new.igihe.com\/french\/Divergences-au-sein-du-gouvernement-belge-sur-la-commemoration-du-genocide-37763\/"},"modified":"2025-05-27T17:10:28","modified_gmt":"2025-05-27T17:10:28","slug":"Divergences-au-sein-du-gouvernement-belge-sur-la-commemoration-du-genocide","status":"publish","type":"post","link":"https:\/\/new.igihe.com\/french\/Divergences-au-sein-du-gouvernement-belge-sur-la-commemoration-du-genocide\/","title":{"rendered":"Divergences au sein du gouvernement belge sur la comm\u00e9moration du g\u00e9nocide contre les Tutsi"},"content":{"rendered":"<p>La c\u00e9r\u00e9monie s\u2019est tenue le samedi 24 mai 2025, en l\u2019absence remarqu\u00e9e de tout repr\u00e9sentant officiel de Charleroi. Dans un communiqu\u00e9, la municipalit\u00e9 a justifi\u00e9 son absence en affirmant avoir suivi les consignes du ministre des Affaires \u00e9trang\u00e8res, Maxime Pr\u00e9vot.<\/p>\n<p>Ce dernier a rapidement d\u00e9menti ces d\u00e9clarations, assurant qu\u2019aucune directive n\u2019avait \u00e9t\u00e9 \u00e9mise par le gouvernement f\u00e9d\u00e9ral interdisant ou d\u00e9conseillant aux communes de participer aux comm\u00e9morations du g\u00e9nocide contre les Tutsi.<\/p>\n<p>\u00ab Le 24 mai, la ville de Charleroi a d\u00e9cid\u00e9 de ne pas \u00eatre repr\u00e9sent\u00e9e \u00e0 la c\u00e9r\u00e9monie. Dans son communiqu\u00e9, elle a \u00e9voqu\u00e9 le respect d\u2019une d\u00e9cision du ministre de rompre tout lien avec le Rwanda, estimant devoir en cons\u00e9quence cesser toute collaboration avec ses institutions \u00bb, a rappel\u00e9 Maxime Pr\u00e9vot, avant de rejeter cat\u00e9goriquement cette interpr\u00e9tation.<\/p>\n<p>\u00ab Je tiens \u00e0 \u00eatre parfaitement clair : aucune directive n\u2019a \u00e9t\u00e9 \u00e9mise par le gouvernement belge \u00bb, a d\u00e9clar\u00e9 Maxime Pr\u00e9vot. \u00ab Contrairement \u00e0 ce qui a \u00e9t\u00e9 avanc\u00e9, ce n\u2019est pas la Belgique qui a rompu les relations diplomatiques avec le Rwanda, mais bien le Rwanda qui a pris cette d\u00e9cision. \u00bb, soulignant que \u00ab ces diff\u00e9rends diplomatiques ne devraient en aucun cas interf\u00e9rer avec la comm\u00e9moration du g\u00e9nocide contre les Tutsi \u00bb.<\/p>\n<p>Un contraste frappant s\u2019est observ\u00e9 avec la ville de Namur, autrefois dirig\u00e9e par Maxime Pr\u00e9vot lui-m\u00eame, o\u00f9 les autorit\u00e9s locales ont particip\u00e9 \u00e0 la c\u00e9r\u00e9monie de comm\u00e9moration du 26 avril 2025, aux c\u00f4t\u00e9s de la communaut\u00e9 rwandaise.<\/p>\n<p>Prenant Namur comme exemple, le ministre a rappel\u00e9 que le devoir de m\u00e9moire transcende les tensions politiques. \u00ab Lorsque les repr\u00e9sentants de Namur m\u2019ont consult\u00e9, j\u2019ai r\u00e9affirm\u00e9 que les comm\u00e9morations devaient se tenir. J\u2019ai d\u2019ailleurs donn\u00e9 pour consigne \u00e0 nos ambassades \u00e0 travers le monde de r\u00e9pondre favorablement \u00e0 toute invitation \u00e0 ces c\u00e9r\u00e9monies. La d\u00e9cision de Charleroi rel\u00e8ve donc exclusivement de leur propre interpr\u00e9tation. \u00bb<\/p>\n<p>Malgr\u00e9 les assurances du ministre Maxime Pr\u00e9vot, plusieurs \u00e9l\u00e9ments r\u00e9cents viennent semer le doute. En avril 2025, les villes de Li\u00e8ge et de Bruges avaient initialement annonc\u00e9 qu\u2019aucune c\u00e9r\u00e9monie de comm\u00e9moration du g\u00e9nocide contre les Tutsi ne serait organis\u00e9e sur leur territoire. Si elles sont revenues sur cette d\u00e9cision en autorisant finalement les rassemblements port\u00e9s par la communaut\u00e9 rwandaise, leurs autorit\u00e9s ont toutefois d\u00e9clin\u00e9 toute participation officielle.<\/p>\n<p>Ce revirement est intervenu peu apr\u00e8s les propos fermes du ministre de l\u2019Unit\u00e9 nationale et de l&#8217;engagement civique, Dr Jean-Damasc\u00e8ne Bizimana, qui, le 6 avril 2025, avait pr\u00e9venu que toute entrave aux comm\u00e9morations du 31e anniversaire constituerait une violation du droit international.<\/p>\n<p>Pour rappel, le 17 mars 2025, le Rwanda a officiellement rompu ses relations diplomatiques avec la Belgique, d\u00e9non\u00e7ant l\u2019implication historique de Bruxelles dans les divisions ethniques ayant conduit au g\u00e9nocide, ainsi que des actions r\u00e9centes jug\u00e9es contraires \u00e0 ses int\u00e9r\u00eats.<\/p>\n<p>L\u2019histoire retient que la Belgique a jou\u00e9 un r\u00f4le d\u00e9terminant dans l\u2019\u00e9laboration de l\u2019id\u00e9ologie g\u00e9nocidaire en instituant des divisions ethniques \u00e0 travers la d\u00e9livrance de cartes d\u2019identit\u00e9 mentionnant l\u2019ethnie, un outil qui sera ensuite exploit\u00e9 lors du g\u00e9nocide contre les Tutsi.<\/p>\n<p>Les tensions bilat\u00e9rales ont atteint un sommet lorsque la Belgique a engag\u00e9 une campagne internationale r\u00e9clamant des sanctions contre le Rwanda, qu\u2019elle accuse d\u2019alimenter l\u2019instabilit\u00e9 s\u00e9curitaire dans l\u2019Est de la R\u00e9publique d\u00e9mocratique du Congo.<\/p>\n<p>Pourtant, malgr\u00e9 ce climat de tension, des sources fiables indiquent que Bruxelles cherche d\u00e9sormais \u00e0 renouer le dialogue avec Kigali et aurait r\u00e9cemment sollicit\u00e9 l\u2019appui du pr\u00e9sident ougandais Yoweri Kaguta Museveni pour jouer le r\u00f4le de m\u00e9diateur.<\/p>\n<p>Du c\u00f4t\u00e9 rwandais, on affirme que la question d\u2019une \u00e9ventuelle r\u00e9conciliation sera abord\u00e9e en temps voulu, mais ne fait pas partie des priorit\u00e9s nationales actuelles.<\/p>\n<figure class=\"spip-document spip-document-61536 aligncenter\"><img decoding=\"async\" src=\"https:\/\/fr.igihe.com\/IMG\/jpg\/mp-13.jpg\" alt=\"Des tensions sont apparues au sein des hautes sph\u00e8res de l\u2019\u00c9tat belge concernant la position du pays sur la comm\u00e9moration du g\u00e9nocide contre les Tutsi\" \/><\/figure>\n","protected":false},"excerpt":{"rendered":"<p> Des tensions sont apparues au sein des hautes sph\u00e8res de l\u2019\u00c9tat belge concernant la position du pays sur la comm\u00e9moration du g\u00e9nocide contre les Tutsi de 1994, des divergences r\u00e9v\u00e9l\u00e9es au grand jour apr\u00e8s la d\u00e9cision controvers\u00e9e de la ville de Charleroi de ne pas participer \u00e0 la c\u00e9r\u00e9monie  comm\u00e9morative organis\u00e9e par la communaut\u00e9 rwandaise locale.<\/p>\n","protected":false},"author":488,"featured_media":4000061534,"comment_status":"open","ping_status":"open","sticky":false,"template":"","format":"standard","meta":{"footnotes":""},"categories":[7544],"tags":[7605],"byline":[9865],"hashtag":[],"class_list":["post-37763","post","type-post","status-publish","format-standard","has-post-thumbnail","hentry","category-politique","tag-homenews","byline-alain-bertrand-tunezerwe"],"bylines":[{"id":9865,"name":"Alain Bertrand Tunezerwe","slug":"alain-bertrand-tunezerwe","description":"","image":{"id":0,"url":"https:\/\/secure.gravatar.com\/avatar\/?s=96&d=mm&f=y&r=g","alt":"Default avatar","title":"Default avatar","caption":"","mime_type":"image\/jpeg","sizes":[]},"user_id":452}],"contributors":[{"id":9865,"name":"Alain Bertrand Tunezerwe","slug":"alain-bertrand-tunezerwe","description":"","image":{"id":0,"url":"https:\/\/secure.gravatar.com\/avatar\/?s=96&d=mm&f=y&r=g","alt":"Default avatar","title":"Default avatar","caption":"","mime_type":"image\/jpeg","sizes":[]},"user_id":452}],"featured_image":{"id":4000061534,"url":"https:\/\/fr-images.igihe.com\/IMG\/logo\/mp_cp-14.jpg","alt":"","caption":"","mime_type":"image\/jpeg","width":0,"height":0,"sizes":{"thumbnail":{"url":"https:\/\/fr-images.igihe.com\/IMG\/logo\/mp_cp-14.jpg","width":1,"height":1},"medium":{"url":"https:\/\/fr-images.igihe.com\/IMG\/logo\/mp_cp-14.jpg","width":1,"height":1},"medium_large":{"url":"https:\/\/fr-images.igihe.com\/IMG\/logo\/mp_cp-14.jpg","width":1,"height":1},"large":{"url":"https:\/\/fr-images.igihe.com\/IMG\/logo\/mp_cp-14.jpg","width":1,"height":1},"full":{"url":"https:\/\/fr-images.igihe.com\/IMG\/logo\/mp_cp-14.jpg","width":0,"height":0}}},"_links":{"self":[{"href":"https:\/\/new.igihe.com\/french\/wp-json\/wp\/v2\/posts\/37763","targetHints":{"allow":["GET"]}}],"collection":[{"href":"https:\/\/new.igihe.com\/french\/wp-json\/wp\/v2\/posts"}],"about":[{"href":"https:\/\/new.igihe.com\/french\/wp-json\/wp\/v2\/types\/post"}],"author":[{"embeddable":true,"href":"https:\/\/new.igihe.com\/french\/wp-json\/wp\/v2\/users\/488"}],"replies":[{"embeddable":true,"href":"https:\/\/new.igihe.com\/french\/wp-json\/wp\/v2\/comments?post=37763"}],"version-history":[{"count":0,"href":"https:\/\/new.igihe.com\/french\/wp-json\/wp\/v2\/posts\/37763\/revisions"}],"wp:featuredmedia":[{"embeddable":true,"href":"https:\/\/new.igihe.com\/french\/wp-json\/wp\/v2\/media\/4000061534"}],"wp:attachment":[{"href":"https:\/\/new.igihe.com\/french\/wp-json\/wp\/v2\/media?parent=37763"}],"wp:term":[{"taxonomy":"category","embeddable":true,"href":"https:\/\/new.igihe.com\/french\/wp-json\/wp\/v2\/categories?post=37763"},{"taxonomy":"post_tag","embeddable":true,"href":"https:\/\/new.igihe.com\/french\/wp-json\/wp\/v2\/tags?post=37763"},{"taxonomy":"byline","embeddable":true,"href":"https:\/\/new.igihe.com\/french\/wp-json\/wp\/v2\/byline?post=37763"},{"taxonomy":"hashtag","embeddable":true,"href":"https:\/\/new.igihe.com\/french\/wp-json\/wp\/v2\/hashtag?post=37763"}],"curies":[{"name":"wp","href":"https:\/\/api.w.org\/{rel}","templated":true}]}}