{"id":37757,"date":"2025-05-27T12:13:05","date_gmt":"2025-05-27T12:13:05","guid":{"rendered":"https:\/\/new.igihe.com\/french\/Repenser-la-transition-post-conflit-dans-le-Kivu-37757\/"},"modified":"2025-05-27T12:10:31","modified_gmt":"2025-05-27T12:10:31","slug":"Repenser-la-transition-post-conflit-dans-le-Kivu","status":"publish","type":"post","link":"https:\/\/new.igihe.com\/french\/Repenser-la-transition-post-conflit-dans-le-Kivu\/","title":{"rendered":"Repenser la transition post-conflit dans le Kivu"},"content":{"rendered":"<p>Il constitue l\u2019humus moral et politique d\u2019un engagement collectif dont les sacrifices consentis exigent une fid\u00e9lit\u00e9 in\u00e9branlable \u00e0 la cause initiale. Le souvenir de ces souffrances, autant que la lucidit\u00e9 sur les enjeux \u00e0 venir, doit habiter chaque d\u00e9cision, comme l\u2019air que l\u2019on respire.<\/p>\n<p>Dans ces terres tourment\u00e9es du Kivu, o\u00f9 les plaies de la guerre continuent de suppurer sous les apparences fragiles d\u2019un calme pr\u00e9caire, repenser la transition post-conflit exige bien davantage qu\u2019un agencement technocratique de mesures de s\u00e9curit\u00e9 ou qu\u2019un simple ajustement institutionnel. Il s\u2019agit, au contraire, d\u2019un processus \u00e9minemment politique et moral, qui suppose une refondation des fondements m\u00eames du vivre-ensemble. <\/p>\n<p>Cette transition ne saurait \u00eatre viable si elle ne s\u2019enracine pas dans la dignit\u00e9 restaur\u00e9e des populations meurtries, dans la m\u00e9moire assum\u00e9e des violences subies, et dans la l\u00e9gitimit\u00e9 reconstruite des acteurs engag\u00e9s dans la qu\u00eate d\u2019une paix authentique. La dignit\u00e9 implique ici la reconnaissance pleine et enti\u00e8re de l\u2019humanit\u00e9 de ceux qui furent rel\u00e9gu\u00e9s aux marges du droit et de l\u2019attention publique ; elle suppose que les humiliations, les d\u00e9placements forc\u00e9s, les massacres, les expropriations et les exclusions cessent d\u2019\u00eatre trait\u00e9s comme des variables d\u2019ajustement g\u00e9opolitique. <\/p>\n<p>La m\u00e9moire, quant \u00e0 elle, ne peut \u00eatre \u00e9lud\u00e9e ni rel\u00e9gu\u00e9e aux oubliettes de l\u2019histoire officielle : elle constitue le socle d\u2019un travail de v\u00e9rit\u00e9 sans lequel aucune r\u00e9conciliation ne peut advenir. Il faut la porter avec gravit\u00e9, non pour rouvrir les blessures, mais pour en comprendre les causes profondes et y opposer des r\u00e9ponses fond\u00e9es sur la justice. <\/p>\n<p>Enfin, la l\u00e9gitimit\u00e9 ne se d\u00e9cr\u00e8te pas : elle se conquiert par l\u2019ancrage populaire, la responsabilit\u00e9 politique et la capacit\u00e9 \u00e0 incarner une vision inclusive de l\u2019avenir. Dans le Kivu, toute transition qui ferait l\u2019\u00e9conomie de ces trois piliers, dignit\u00e9, m\u00e9moire et l\u00e9gitimit\u00e9 ne serait qu\u2019un simulacre de paix, vou\u00e9 \u00e0 \u00eatre balay\u00e9 par les vents du ressentiment, de l\u2019injustice et de l\u2019inach\u00e8vement historique.<\/p>\n<p>D\u00e8s lors, la sortie de l\u2019\u00e9tat de violence ne peut \u00eatre r\u00e9duite \u00e0 une simple suspension des hostilit\u00e9s. Elle doit s\u2019inscrire dans une transition rigoureusement encadr\u00e9e, conduisant \u00e0 un ordre nouveau, stable, reconnu et l\u00e9gitime. Cela requiert d\u2019abord une s\u00e9curisation effective et durable des zones sensibles, afin de pr\u00e9venir toute r\u00e9surgence des tensions. Le d\u00e9sarmement, la d\u00e9mobilisation et la r\u00e9int\u00e9gration (DDR) des combattants constituent \u00e9galement un pilier central de cette pacification, \u00e0 condition qu\u2019il s\u2019op\u00e8re dans le respect de la dignit\u00e9 des anciens bellig\u00e9rants et qu\u2019il s\u2019accompagne de garanties institutionnelles cr\u00e9dibles.<\/p>\n<p>La paix v\u00e9ritable suppose \u00e9galement une reconnaissance mutuelle des acteurs en pr\u00e9sence : nul dialogue ne peut \u00e9merger sans la l\u00e9gitimation r\u00e9ciproque des protagonistes du conflit. Dans cette perspective, l\u2019AFC\/M23, en tant qu\u2019organisation dot\u00e9e d\u2019un ancrage territorial et d\u2019une l\u00e9gitimit\u00e9 historique, doit devenir le pivot d\u2019un dialogue franc, sinc\u00e8re et structur\u00e9, capable d\u2019ouvrir une voie cr\u00e9dible vers la r\u00e9conciliation. Il est essentiel que ce processus s\u2019appuie sur des interlocuteurs repr\u00e9sentatifs, stables et dot\u00e9s d\u2019une autorit\u00e9 politique av\u00e9r\u00e9e : sans un tel leadership, toute tentative de m\u00e9diation sombrera dans l\u2019inconsistance.<\/p>\n<p>\u00c0 cette exigence de dialogue s\u2019ajoute celle de la justice transitionnelle, non comme instrument de revanche, mais comme vecteur de reconnaissance, de r\u00e9paration et de v\u00e9rit\u00e9. Car sans une volont\u00e9 politique partag\u00e9e de rompre avec la logique de guerre, aucun accord, aussi habilement n\u00e9goci\u00e9 soit-il, ne saurait produire de paix durable. Il ne s\u2019agit pas uniquement d\u2019imposer la paix depuis le sommet de l\u2019appareil \u00e9tatique ; il s\u2019agit de l\u2019enraciner dans la conscience collective, de l\u2019inscrire dans l\u2019intime conviction des populations que le vivre-ensemble est non seulement possible, mais n\u00e9cessaire.<\/p>\n<p>Cette dynamique ne pourra s\u2019imposer qu\u2019\u00e0 la condition d\u2019un traitement rigoureux et sinc\u00e8re des causes profondes du conflit : exclusion politique, in\u00e9galit\u00e9s structurelles, impunit\u00e9, confiscation du pouvoir, marginalisation de certaines communaut\u00e9s. <\/p>\n<p>Il faut \u00e9galement reconna\u00eetre les blessures inflig\u00e9es : la m\u00e9moire des victimes, les r\u00e9parations, la reconnaissance officielle des souffrances subies, doivent s\u2019inscrire au c\u0153ur du processus de r\u00e9conciliation. C\u2019est \u00e0 ce prix que l\u2019on pourra reconstruire un socle moral commun, base indispensable de toute communaut\u00e9 politique pacifi\u00e9e.<\/p>\n<p>Enfin, la restauration de l\u2019autorit\u00e9 de l\u2019\u00c9tat, dans ses fonctions r\u00e9galiennes comme dans ses services de base (justice, s\u00e9curit\u00e9, sant\u00e9, \u00e9ducation), appara\u00eet comme un imp\u00e9ratif strat\u00e9gique. La paix ne saurait s\u2019imposer l\u00e0 o\u00f9 r\u00e8gne l\u2019arbitraire ou l\u2019abandon. Il faut \u00e9galement veiller \u00e0 la r\u00e9int\u00e9gration effective des r\u00e9fugi\u00e9s et des d\u00e9plac\u00e9s, avec des garanties de s\u00e9curit\u00e9, de restitution des biens et de respect de leur droit au retour.<\/p>\n<p>Ainsi, faire la paix ne consiste pas simplement \u00e0 faire taire les armes. Il s\u2019agit de construire les conditions objectives d\u2019une coexistence durable, fond\u00e9e sur la justice, la m\u00e9moire et la reconstruction. Cette entreprise, longue, exigeante et fragile, ne peut se contenter d\u2019une tr\u00eave conjoncturelle : elle doit incarner une v\u00e9ritable refondation du vivre-ensemble, port\u00e9e par le courage politique, l\u2019humilit\u00e9 historique et la qu\u00eate sinc\u00e8re de la dignit\u00e9\u00a0partag\u00e9e.<\/p>\n<figure class=\"spip-document spip-document-61519 aligncenter\"><img decoding=\"async\" src=\"https:\/\/fr.igihe.com\/IMG\/jpg\/bb-5.jpg\" alt=\"Si le Mouvement du 23 mars (M23) est n\u00e9, c\u2019est en r\u00e9ponse \u00e0 une profonde frustration politique et humaine\" \/><\/figure>\n","protected":false},"excerpt":{"rendered":"<p>Si le Mouvement du 23 mars (M23) est n\u00e9, c\u2019est en r\u00e9ponse \u00e0 une profonde frustration politique et humaine, fruit d\u2019une privation syst\u00e9matique de droits fondamentaux, de discriminations r\u00e9currentes et de pers\u00e9cutions institutionnalis\u00e9es. Ce combat, qui plonge ses racines dans une histoire de marginalisation et de d\u00e9ni, ne saurait \u00eatre trahi ou oubli\u00e9. <\/p>\n","protected":false},"author":488,"featured_media":4000061518,"comment_status":"open","ping_status":"open","sticky":false,"template":"","format":"standard","meta":{"footnotes":""},"categories":[7544],"tags":[7605],"byline":[9102],"hashtag":[],"class_list":["post-37757","post","type-post","status-publish","format-standard","has-post-thumbnail","hentry","category-politique","tag-homenews","byline-tite-gatabazi"],"bylines":[{"id":9102,"name":"Tite Gatabazi","slug":"tite-gatabazi","description":"","image":{"id":0,"url":"https:\/\/secure.gravatar.com\/avatar\/?s=96&d=mm&f=y&r=g","alt":"Default avatar","title":"Default avatar","caption":"","mime_type":"image\/jpeg","sizes":[]},"user_id":472}],"contributors":[{"id":9102,"name":"Tite Gatabazi","slug":"tite-gatabazi","description":"","image":{"id":0,"url":"https:\/\/secure.gravatar.com\/avatar\/?s=96&d=mm&f=y&r=g","alt":"Default avatar","title":"Default avatar","caption":"","mime_type":"image\/jpeg","sizes":[]},"user_id":472}],"featured_image":{"id":4000061518,"url":"https:\/\/fr-images.igihe.com\/IMG\/logo\/bb_cp-4.jpg","alt":"","caption":"","mime_type":"image\/jpeg","width":0,"height":0,"sizes":{"thumbnail":{"url":"https:\/\/fr-images.igihe.com\/IMG\/logo\/bb_cp-4.jpg","width":1,"height":1},"medium":{"url":"https:\/\/fr-images.igihe.com\/IMG\/logo\/bb_cp-4.jpg","width":1,"height":1},"medium_large":{"url":"https:\/\/fr-images.igihe.com\/IMG\/logo\/bb_cp-4.jpg","width":1,"height":1},"large":{"url":"https:\/\/fr-images.igihe.com\/IMG\/logo\/bb_cp-4.jpg","width":1,"height":1},"full":{"url":"https:\/\/fr-images.igihe.com\/IMG\/logo\/bb_cp-4.jpg","width":0,"height":0}}},"_links":{"self":[{"href":"https:\/\/new.igihe.com\/french\/wp-json\/wp\/v2\/posts\/37757","targetHints":{"allow":["GET"]}}],"collection":[{"href":"https:\/\/new.igihe.com\/french\/wp-json\/wp\/v2\/posts"}],"about":[{"href":"https:\/\/new.igihe.com\/french\/wp-json\/wp\/v2\/types\/post"}],"author":[{"embeddable":true,"href":"https:\/\/new.igihe.com\/french\/wp-json\/wp\/v2\/users\/488"}],"replies":[{"embeddable":true,"href":"https:\/\/new.igihe.com\/french\/wp-json\/wp\/v2\/comments?post=37757"}],"version-history":[{"count":0,"href":"https:\/\/new.igihe.com\/french\/wp-json\/wp\/v2\/posts\/37757\/revisions"}],"wp:featuredmedia":[{"embeddable":true,"href":"https:\/\/new.igihe.com\/french\/wp-json\/wp\/v2\/media\/4000061518"}],"wp:attachment":[{"href":"https:\/\/new.igihe.com\/french\/wp-json\/wp\/v2\/media?parent=37757"}],"wp:term":[{"taxonomy":"category","embeddable":true,"href":"https:\/\/new.igihe.com\/french\/wp-json\/wp\/v2\/categories?post=37757"},{"taxonomy":"post_tag","embeddable":true,"href":"https:\/\/new.igihe.com\/french\/wp-json\/wp\/v2\/tags?post=37757"},{"taxonomy":"byline","embeddable":true,"href":"https:\/\/new.igihe.com\/french\/wp-json\/wp\/v2\/byline?post=37757"},{"taxonomy":"hashtag","embeddable":true,"href":"https:\/\/new.igihe.com\/french\/wp-json\/wp\/v2\/hashtag?post=37757"}],"curies":[{"name":"wp","href":"https:\/\/api.w.org\/{rel}","templated":true}]}}