{"id":37754,"date":"2025-05-27T10:34:23","date_gmt":"2025-05-27T10:34:23","guid":{"rendered":"https:\/\/new.igihe.com\/french\/Thabo-Mbeki-la-paix-en-RDC-doit-venir-de-l-interieur-37754\/"},"modified":"2025-06-01T11:19:16","modified_gmt":"2025-06-01T11:19:16","slug":"Thabo-Mbeki-la-paix-en-RDC-doit-venir-de-l-interieur","status":"publish","type":"post","link":"https:\/\/new.igihe.com\/french\/Thabo-Mbeki-la-paix-en-RDC-doit-venir-de-l-interieur\/","title":{"rendered":"Thabo Mbeki : la paix en RDC doit venir de l\u2019int\u00e9rieur"},"content":{"rendered":"<p>Mbeki s\u2019est exprim\u00e9 \u00e0 ce sujet lors d\u2019un entretien accord\u00e9 \u00e0 la SABC, en r\u00e9action au retour r\u00e9cent de l\u2019ancien pr\u00e9sident congolais Joseph Kabila dans son pays natal, apr\u00e8s deux ann\u00e9es d\u2019exil en Afrique du Sud.<\/p>\n<p>Kabila a regagn\u00e9 la semaine derni\u00e8re la ville de Goma, tenue par des rebelles, peu apr\u00e8s que le S\u00e9nat congolais ait lev\u00e9 son immunit\u00e9 parlementaire, \u00e0 la suite d\u2019accusations l\u2019impliquant dans un soutien pr\u00e9sum\u00e9 au groupe arm\u00e9 AFC\/M23.<\/p>\n<p>Au cours de l\u2019entretien, Mbeki a pr\u00e9cis\u00e9, qu\u2019il n\u2019avait pas encore eu l\u2019occasion de s\u2019entretenir avec Kabila depuis ces derniers d\u00e9veloppements.<\/p>\n<p>\u00ab Je suis certain que je pourrai lui parler \u00e0 un moment donn\u00e9 \u00bb, a d\u00e9clar\u00e9 Mbeki.<\/p>\n<p>Cependant, l\u2019ancien pr\u00e9sident sud-africain, aujourd\u2019hui \u00e2g\u00e9 de 82 ans, a tenu \u00e0 rappeler que le conflit en R\u00e9publique d\u00e9mocratique du Congo, qui perdure depuis plusieurs d\u00e9cennies, r\u00e9sulte principalement de l\u2019incapacit\u00e9 des autorit\u00e9s congolaises \u00e0 r\u00e9pondre de mani\u00e8re efficace aux d\u00e9fis internes du pays.<\/p>\n<p>Mbeki a critiqu\u00e9 les gouvernements successifs \u00e0 Kinshasa \u2014 y compris celui de Joseph Kabila \u2014 pour leur m\u00e9connaissance des dynamiques complexes du Congo et de l\u2019h\u00e9ritage laiss\u00e9 par la colonisation. Il a \u00e9voqu\u00e9 la vision de Patrice Lumumba, h\u00e9ros de l\u2019ind\u00e9pendance congolaise, qui pla\u00e7ait l\u2019unit\u00e9 du peuple au c\u0153ur de son combat contre les divisions sem\u00e9es par le pouvoir colonial belge.<\/p>\n<p>\u00ab Lorsqu\u2019un gouvernement \u00e0 Kinshasa se montre hostile envers les Banyamulenge de l\u2019est du Congo sous pr\u00e9texte qu\u2019ils parlent kinyarwanda, ou qu\u2019il prend pour cible Kabila, originaire du Katanga, en le traitant de tra\u00eetre, en l\u2019accusant de soutenir le M23 et en appelant \u00e0 le sanctionner, il ne faut pas s\u2019\u00e9tonner de voir toute la population katangaise se retourner contre lui \u00bb, a expliqu\u00e9 Mbeki.<\/p>\n<p>\u00ab Cela ne r\u00e9sout rien, ni pour Kinshasa, ni pour le Congo. \u00bb<\/p>\n<p>\u00c0 propos des pourparlers en cours entre la RDC, les \u00c9tats-Unis et le Rwanda visant \u00e0 mettre fin au conflit, Mbeki a insist\u00e9 sur le fait que peu de progr\u00e8s pourraient \u00eatre r\u00e9alis\u00e9s tant que le gouvernement congolais ne s\u2019engagerait pas pleinement \u00e0 r\u00e9gler ses probl\u00e8mes internes, en engageant un v\u00e9ritable dialogue avec les groupes rebelles et en prenant en compte leurs revendications, notamment celles li\u00e9es \u00e0 des d\u00e9cennies de marginalisation et de pers\u00e9cution.<\/p>\n<p>\u00ab L\u2019id\u00e9e que les gouvernements du Congo et du Rwanda puissent simplement se rencontrer pour signer un accord de paix capable de r\u00e9soudre les probl\u00e8mes de l\u2019est du Congo est une erreur \u00bb, a-t-il affirm\u00e9, rappelant que les tentatives pr\u00e9c\u00e9dentes ont \u00e9chou\u00e9 pr\u00e9cis\u00e9ment parce qu\u2019elles n\u2019ont pas abord\u00e9 les causes profondes du conflit.<\/p>\n<p>\u00ab Les probl\u00e8mes de l\u2019est du Congo sont avant tout internes au pays. Ils ne trouvent pas leur origine en dehors de ses fronti\u00e8res \u00bb, a-t-il ajout\u00e9, faisant clairement r\u00e9f\u00e9rence aux accusations r\u00e9p\u00e9t\u00e9es de Kinshasa selon lesquelles le Rwanda d\u00e9stabiliserait la r\u00e9gion en soutenant le M23.<\/p>\n<p>Le Rwanda a fermement rejet\u00e9 les accusations port\u00e9es par la RDC, affirmant que sa principale pr\u00e9occupation reste la pr\u00e9sence sur son territoire voisin de la milice FDLR, li\u00e9e au g\u00e9nocide contre les Tutsi de 1994, laquelle constitue une menace s\u00e9curitaire majeure.<\/p>\n<p>Par ailleurs, Mbeki a plaid\u00e9 pour une r\u00e9solution du conflit dans l\u2019est du Congo port\u00e9e par les Congolais eux-m\u00eames, insistant sur l\u2019importance d\u2019un dialogue sinc\u00e8re entre Kinshasa et des groupes arm\u00e9s tels que le M23.<\/p>\n<p>\u00ab Kinshasa doit imp\u00e9rativement engager des n\u00e9gociations avec le M23 pour r\u00e9soudre ces diff\u00e9rends \u00bb, a-t-il soulign\u00e9. Tout en reconnaissant la n\u00e9cessit\u00e9 de dialogues avec les pays voisins comme le Rwanda, Mbeki a rappel\u00e9 que \u00ab la solution aux probl\u00e8mes du Congo ne se trouve pas \u00e0 Kigali, mais bien \u00e0 Kinshasa \u00bb.<\/p>\n<p>Engag\u00e9 de longue date sur la crise dans l\u2019est du Congo, Mbeki a par ailleurs d\u00e9nonc\u00e9 les tentatives de r\u00e9solution par voie militaire, privil\u00e9giant r\u00e9solument une approche fond\u00e9e sur la diplomatie politique.<\/p>\n<figure class=\"spip-document spip-document-61513 aligncenter\"><img decoding=\"async\" src=\"https:\/\/fr.igihe.com\/IMG\/jpg\/tm-2.jpg\" alt=\"L\u2019ancien pr\u00e9sident sud-africain a d\u00e9clar\u00e9 que la r\u00e9solution des conflits en RDC, surtout dans l\u2019est, doit venir de l\u2019int\u00e9rieur du pays, pas d\u2019interventions ext\u00e9rieures\" \/><\/figure>\n","protected":false},"excerpt":{"rendered":"<p>Thabo Mbeki, ancien pr\u00e9sident de l\u2019Afrique du Sud, a affirm\u00e9 que la r\u00e9solution des conflits persistants en R\u00e9publique d\u00e9mocratique du Congo, en particulier dans l\u2019est du pays, devrait provenir d\u2019une initiative interne plut\u00f4t que de reposer sur des interventions ext\u00e9rieures.<\/p>\n","protected":false},"author":488,"featured_media":4000061512,"comment_status":"open","ping_status":"open","sticky":false,"template":"","format":"standard","meta":{"footnotes":""},"categories":[7544],"tags":[7605],"byline":[9865],"hashtag":[],"class_list":["post-37754","post","type-post","status-publish","format-standard","has-post-thumbnail","hentry","category-politique","tag-homenews","byline-alain-bertrand-tunezerwe"],"bylines":[{"id":9865,"name":"Alain Bertrand Tunezerwe","slug":"alain-bertrand-tunezerwe","description":"","image":{"id":0,"url":"https:\/\/secure.gravatar.com\/avatar\/?s=96&d=mm&f=y&r=g","alt":"Default avatar","title":"Default avatar","caption":"","mime_type":"image\/jpeg","sizes":[]},"user_id":452}],"contributors":[{"id":9865,"name":"Alain Bertrand Tunezerwe","slug":"alain-bertrand-tunezerwe","description":"","image":{"id":0,"url":"https:\/\/secure.gravatar.com\/avatar\/?s=96&d=mm&f=y&r=g","alt":"Default avatar","title":"Default avatar","caption":"","mime_type":"image\/jpeg","sizes":[]},"user_id":452}],"featured_image":{"id":4000061512,"url":"https:\/\/fr-images.igihe.com\/IMG\/logo\/tm_cp-2.jpg","alt":"","caption":"","mime_type":"image\/jpeg","width":0,"height":0,"sizes":{"thumbnail":{"url":"https:\/\/fr-images.igihe.com\/IMG\/logo\/tm_cp-2.jpg","width":1,"height":1},"medium":{"url":"https:\/\/fr-images.igihe.com\/IMG\/logo\/tm_cp-2.jpg","width":1,"height":1},"medium_large":{"url":"https:\/\/fr-images.igihe.com\/IMG\/logo\/tm_cp-2.jpg","width":1,"height":1},"large":{"url":"https:\/\/fr-images.igihe.com\/IMG\/logo\/tm_cp-2.jpg","width":1,"height":1},"full":{"url":"https:\/\/fr-images.igihe.com\/IMG\/logo\/tm_cp-2.jpg","width":0,"height":0}}},"_links":{"self":[{"href":"https:\/\/new.igihe.com\/french\/wp-json\/wp\/v2\/posts\/37754","targetHints":{"allow":["GET"]}}],"collection":[{"href":"https:\/\/new.igihe.com\/french\/wp-json\/wp\/v2\/posts"}],"about":[{"href":"https:\/\/new.igihe.com\/french\/wp-json\/wp\/v2\/types\/post"}],"author":[{"embeddable":true,"href":"https:\/\/new.igihe.com\/french\/wp-json\/wp\/v2\/users\/488"}],"replies":[{"embeddable":true,"href":"https:\/\/new.igihe.com\/french\/wp-json\/wp\/v2\/comments?post=37754"}],"version-history":[{"count":0,"href":"https:\/\/new.igihe.com\/french\/wp-json\/wp\/v2\/posts\/37754\/revisions"}],"wp:featuredmedia":[{"embeddable":true,"href":"https:\/\/new.igihe.com\/french\/wp-json\/wp\/v2\/media\/4000061512"}],"wp:attachment":[{"href":"https:\/\/new.igihe.com\/french\/wp-json\/wp\/v2\/media?parent=37754"}],"wp:term":[{"taxonomy":"category","embeddable":true,"href":"https:\/\/new.igihe.com\/french\/wp-json\/wp\/v2\/categories?post=37754"},{"taxonomy":"post_tag","embeddable":true,"href":"https:\/\/new.igihe.com\/french\/wp-json\/wp\/v2\/tags?post=37754"},{"taxonomy":"byline","embeddable":true,"href":"https:\/\/new.igihe.com\/french\/wp-json\/wp\/v2\/byline?post=37754"},{"taxonomy":"hashtag","embeddable":true,"href":"https:\/\/new.igihe.com\/french\/wp-json\/wp\/v2\/hashtag?post=37754"}],"curies":[{"name":"wp","href":"https:\/\/api.w.org\/{rel}","templated":true}]}}