{"id":37753,"date":"2025-05-26T18:41:58","date_gmt":"2025-05-26T18:41:58","guid":{"rendered":"https:\/\/new.igihe.com\/french\/Le-feuilleton-judicaire-d-Agathe-Habyarimana-se-poursuit-37753\/"},"modified":"2025-05-26T18:38:51","modified_gmt":"2025-05-26T18:38:51","slug":"Le-feuilleton-judicaire-d-Agathe-Habyarimana-se-poursuit","status":"publish","type":"post","link":"https:\/\/new.igihe.com\/french\/Le-feuilleton-judicaire-d-Agathe-Habyarimana-se-poursuit\/","title":{"rendered":"Le feuilleton judicaire d\u2019Agathe Habyarimana se poursuit"},"content":{"rendered":"<p>Ce cas embl\u00e9matique, \u00e0 la crois\u00e9e des chemins entre m\u00e9moire post-g\u00e9nocidaire et prudence institutionnelle, illustre combien la justice, lorsqu\u2019elle se confronte \u00e0 des figures situ\u00e9es au c\u0153ur des trag\u00e9dies collectives, devient elle-m\u00eame l\u2019ar\u00e8ne d\u2019une lutte sourde entre les contraintes diplomatiques, les imp\u00e9ratifs du droit international p\u00e9nal et les scrupules proc\u00e9duraux qui fondent l\u2019\u00c9tat de droit. <\/p>\n<p>En cela, Mme Habyarimana ne constitue pas seulement un sujet de poursuite ou de refus d\u2019asile : elle incarne une \u00e9nigme jurisprudentielle dont le traitement r\u00e9v\u00e8le les failles syst\u00e9miques d\u2019une architecture judiciaire partag\u00e9e entre sa vocation m\u00e9morielle et son attachement rigoureux aux formes. Ce hiatus entre la parole souveraine du Conseil d\u2019\u00c9tat, rejetant sa demande de protection au nom de son implication av\u00e9r\u00e9e dans la m\u00e9canique du g\u00e9nocide contre les tutsi, et la frilosit\u00e9 des juges d\u2019instruction \u00e0 prononcer sa mise en examen faute d\u2019indices \u00ab graves et concordants \u00bb, d\u00e9voile en creux une justice fragment\u00e9e, aux logiques discordantes, parfois m\u00eame antagonistes.<br \/>\nL\u00e0 o\u00f9 l\u2019une s\u2019autorise une lecture politique et synth\u00e9tique des responsabilit\u00e9s historiques, l\u2019autre s\u2019ab\u00eeme dans les replis formalistes de la preuve p\u00e9nale, r\u00e9v\u00e9lant une tension latente entre l\u2019aspiration \u00e0 la justice universelle et les ressorts souvent silencieux de la souverainet\u00e9 judiciaire nationale.<\/p>\n<p>L\u2019actualit\u00e9 judiciaire fran\u00e7aise vient une nouvelle fois de raviver les cendres incandescentes d\u2019un des chapitres les plus t\u00e9n\u00e9breux de la fin du XXe si\u00e8cle : le g\u00e9nocide contre les tutsi au Rwanda. En pla\u00e7ant sous le prisme de la controverse proc\u00e9durale la trajectoire judiciaire d\u2019Agathe Kanziga, veuve du pr\u00e9sident Juv\u00e9nal Habyarimana et figure tut\u00e9laire de l\u2019Akazu, ce cercle restreint accus\u00e9 d\u2019avoir orchestr\u00e9, financ\u00e9 et id\u00e9ologis\u00e9 l\u2019entreprise d\u2019extermination, la justice fran\u00e7aise r\u00e9v\u00e8le une inqui\u00e9tante dichotomie entre deux lectures jurisprudentielles du m\u00eame faisceau de faits. <\/p>\n<p>D\u2019un c\u00f4t\u00e9, le Conseil d\u2019\u00c9tat, plus haute juridiction administrative, qui, en 2009, confirmait le rejet de la demande d\u2019asile d\u2019Agathe Habyarimana, en vertu de son r\u00f4le \u00ab central \u00bb dans la gen\u00e8se et l\u2019essor du g\u00e9nocide. De l\u2019autre, en 2025, deux juges d\u2019instruction antiterroristes qui, au terme de plusieurs ann\u00e9es de proc\u00e9dure, concluent \u00e0 l\u2019absence, \u00e0 ce stade, d\u2019indices graves et concordants, condition sine qua non de la mise en examen dans le cadre d\u2019une instruction criminelle.<\/p>\n<p>Cette tension jurisprudentielle, au-del\u00e0 de ses implications judiciaires imm\u00e9diates, soul\u00e8ve de graves interrogations sur l\u2019architecture de la justice fran\u00e7aise  et la mani\u00e8re dont elle articule droit, histoire et responsabilit\u00e9. En filigrane, se pose une question fondamentale : comment deux formations juridictionnelles d\u2019\u00e9gale rigueur intellectuelle, instruites des m\u00eames pi\u00e8ces et nourries des m\u00eames archives, peuvent-elles aboutir \u00e0 des conclusions si antinomiques ?<\/p>\n<p>Le Conseil d\u2019\u00c9tat, dans son arr\u00eat du 16 octobre 2009 (CE, 9e et 10e ss-r., n\u00b0 311793), s\u2019\u00e9tait montr\u00e9 sans ambages. La d\u00e9cision qui rejetait la demande d\u2019asile d\u2019Agathe Kanziga reposait sur un constat de participation active et soutenue au sein d\u2019un appareil d\u2019\u00c9tat g\u00e9nocidaire, soulignant non seulement son implication pr\u00e9sum\u00e9e dans la propagande anti-tutsi, mais \u00e9galement ses connivences durables avec les auteurs du crime apr\u00e8s son exil. <\/p>\n<p>En vertu de l\u2019article 1er F, a) de la Convention de Gen\u00e8ve, la juridiction administrative a ainsi justifi\u00e9 l\u2019exclusion de Mme Habyarimana du b\u00e9n\u00e9fice de la protection internationale, consid\u00e9rant qu\u2019il existait des \u00ab raisons s\u00e9rieuses de penser \u00bb qu\u2019elle avait particip\u00e9 \u00e0 la pr\u00e9paration du g\u00e9nocide.<br \/>\n\u00c0 l\u2019inverse, l\u2019ordonnance r\u00e9cente des juges d\u2019instruction, rendue publique dans le contexte d\u2019une proc\u00e9dure antiterroriste diligent\u00e9e depuis plusieurs ann\u00e9es, conclut de mani\u00e8re surprenante \u00e0 l\u2019inanit\u00e9, du moins pour l\u2019heure, des charges suffisamment \u00e9tay\u00e9es pour justifier une mise en examen. Cette divergence ne repose pas tant sur l\u2019innocence proclam\u00e9e que sur des motifs proc\u00e9duraux : vices de forme, d\u00e9faut de contextualisation des faits, incertitude sur la cha\u00eene de commandement autant de failles que les d\u00e9fenseurs de l&#8217;\u00c9tat de droit consid\u00e8rent comme les piliers d\u2019un proc\u00e8s \u00e9quitable, mais que d\u2019aucuns pourraient interpr\u00e9ter comme les stigmates d\u2019une justice paralys\u00e9e par sa prudence ou ses ambivalences diplomatiques.<\/p>\n<p>On ne saurait s\u2019exon\u00e9rer, ici, d\u2019une lecture politique de cette situation. Il est notoire que le dossier rwandais embarrasse les autorit\u00e9s fran\u00e7aises depuis plusieurs d\u00e9cennies, tiraill\u00e9es entre les imp\u00e9ratifs de coop\u00e9ration judiciaire avec Kigali et la n\u00e9cessit\u00e9 de pr\u00e9server certaines zones d\u2019ombre de l\u2019implication fran\u00e7aise dans le conflit. <\/p>\n<p>Dans ce contexte, Agathe Habyarimana, personnage \u00e9minemment symbolique, devient autant un enjeu judiciaire qu\u2019un objet diplomatique. Peut-on alors penser que l\u2019instruction p\u00e9nale, soumise \u00e0 la rigueur proc\u00e9durale de la preuve et \u00e0 la temporalit\u00e9 dilu\u00e9e des faits, se heurte \u00e0 un mur d\u2019opacit\u00e9s, l\u00e0 o\u00f9 la juridiction administrative, lib\u00e9r\u00e9e du fardeau de l\u2019enqu\u00eate criminelle, s\u2019autorise une lecture plus holistique, voire prescriptive, du r\u00f4le des protagonistes du g\u00e9nocide contre les tutsi de 1994 ?<\/p>\n<p>Ce hiatus manifeste entre les deux lectures r\u00e9v\u00e8le plus qu\u2019une simple divergence d\u2019appr\u00e9ciation : il trahit une crise de l\u2019harmonisation normative dans le traitement judiciaire du crime de g\u00e9nocide. Comment admettre, sans \u00e9corner la l\u00e9gitimit\u00e9 du droit, qu\u2019un m\u00eame individu puisse \u00eatre jug\u00e9 inapte \u00e0 b\u00e9n\u00e9ficier du droit d\u2019asile pour cause de participation pr\u00e9sum\u00e9e \u00e0 un g\u00e9nocide, mais, dans le m\u00eame souffle, jug\u00e9 insuffisamment incriminable au regard du droit p\u00e9nal fran\u00e7ais ? <\/p>\n<p>Ce paradoxe, qui confine \u00e0 l\u2019inconcevable pour les rescap\u00e9s du g\u00e9nocide et les tenants de la m\u00e9moire, alimente une d\u00e9sillusion croissante quant \u00e0 l\u2019effectivit\u00e9 du devoir de justice universelle.<\/p>\n<p>Il conviendrait, en ultime analyse, que l\u2019institution judiciaire s\u2019engage dans un recadrage doctrinal rigoureux, afin de ne pas laisser se propager, dans l\u2019opinion, l\u2019id\u00e9e d\u2019une justice \u00e0 g\u00e9om\u00e9trie variable. \u00c0 d\u00e9faut, elle risque de creuser le foss\u00e9 entre la reconnaissance symbolique de la v\u00e9rit\u00e9 historique et la justiciabilit\u00e9 effective de ses auteurs.<\/p>\n<p>La justice, pour \u00eatre digne de ce nom, ne saurait \u00eatre seulement la gardienne de la forme : elle est aussi le vecteur d\u2019une m\u00e9moire partag\u00e9e, l\u2019outil d\u2019une r\u00e9paration, et, dans les cas les plus extr\u00eames, le dernier rempart contre l\u2019oubli. <\/p>\n<p>Le cas Agathe Habyarimana ne peut se r\u00e9sumer \u00e0 un d\u00e9bat d\u2019\u00e9cole entre magistrats : il est le test moral et juridique d\u2019un pays face \u00e0 son rapport au\u00a0crime\u00a0absolu.<\/p>\n<figure class=\"spip-document spip-document-61510 aligncenter\"><img decoding=\"async\" src=\"https:\/\/fr.igihe.com\/IMG\/jpg\/ah-4.jpg\" alt=\"L\u2019affaire Agathe Habyarimana illustre une dissonance entre raison d\u2019\u00c9tat, v\u00e9rit\u00e9 juridique et \u00e9quit\u00e9 proc\u00e9durale\" \/><\/figure>\n","protected":false},"excerpt":{"rendered":"<p>Dans l\u2019opaque labyrinthe des grandes affaires politico-judiciaires, l\u2019affaire Agathe Habyarimana s\u2019\u00e9rige en paradigme troublant d\u2019une dissonance judiciaire o\u00f9 se conjuguent, dans une tension presque irr\u00e9conciliable, les imp\u00e9ratifs de la raison d\u2019\u00c9tat, les exigences de la v\u00e9rit\u00e9 juridique et les garanties de l\u2019\u00e9quit\u00e9 proc\u00e9durale. <\/p>\n","protected":false},"author":488,"featured_media":4000061511,"comment_status":"open","ping_status":"open","sticky":false,"template":"","format":"standard","meta":{"footnotes":""},"categories":[7544],"tags":[7605],"byline":[9102],"hashtag":[],"class_list":["post-37753","post","type-post","status-publish","format-standard","has-post-thumbnail","hentry","category-politique","tag-homenews","byline-tite-gatabazi"],"bylines":[{"id":9102,"name":"Tite Gatabazi","slug":"tite-gatabazi","description":"","image":{"id":0,"url":"https:\/\/secure.gravatar.com\/avatar\/?s=96&d=mm&f=y&r=g","alt":"Default avatar","title":"Default avatar","caption":"","mime_type":"image\/jpeg","sizes":[]},"user_id":472}],"contributors":[{"id":9102,"name":"Tite Gatabazi","slug":"tite-gatabazi","description":"","image":{"id":0,"url":"https:\/\/secure.gravatar.com\/avatar\/?s=96&d=mm&f=y&r=g","alt":"Default avatar","title":"Default avatar","caption":"","mime_type":"image\/jpeg","sizes":[]},"user_id":472}],"featured_image":{"id":4000061511,"url":"https:\/\/fr-images.igihe.com\/IMG\/logo\/ah_cp-3.jpg","alt":"","caption":"","mime_type":"image\/jpeg","width":0,"height":0,"sizes":{"thumbnail":{"url":"https:\/\/fr-images.igihe.com\/IMG\/logo\/ah_cp-3.jpg","width":1,"height":1},"medium":{"url":"https:\/\/fr-images.igihe.com\/IMG\/logo\/ah_cp-3.jpg","width":1,"height":1},"medium_large":{"url":"https:\/\/fr-images.igihe.com\/IMG\/logo\/ah_cp-3.jpg","width":1,"height":1},"large":{"url":"https:\/\/fr-images.igihe.com\/IMG\/logo\/ah_cp-3.jpg","width":1,"height":1},"full":{"url":"https:\/\/fr-images.igihe.com\/IMG\/logo\/ah_cp-3.jpg","width":0,"height":0}}},"_links":{"self":[{"href":"https:\/\/new.igihe.com\/french\/wp-json\/wp\/v2\/posts\/37753","targetHints":{"allow":["GET"]}}],"collection":[{"href":"https:\/\/new.igihe.com\/french\/wp-json\/wp\/v2\/posts"}],"about":[{"href":"https:\/\/new.igihe.com\/french\/wp-json\/wp\/v2\/types\/post"}],"author":[{"embeddable":true,"href":"https:\/\/new.igihe.com\/french\/wp-json\/wp\/v2\/users\/488"}],"replies":[{"embeddable":true,"href":"https:\/\/new.igihe.com\/french\/wp-json\/wp\/v2\/comments?post=37753"}],"version-history":[{"count":0,"href":"https:\/\/new.igihe.com\/french\/wp-json\/wp\/v2\/posts\/37753\/revisions"}],"wp:featuredmedia":[{"embeddable":true,"href":"https:\/\/new.igihe.com\/french\/wp-json\/wp\/v2\/media\/4000061511"}],"wp:attachment":[{"href":"https:\/\/new.igihe.com\/french\/wp-json\/wp\/v2\/media?parent=37753"}],"wp:term":[{"taxonomy":"category","embeddable":true,"href":"https:\/\/new.igihe.com\/french\/wp-json\/wp\/v2\/categories?post=37753"},{"taxonomy":"post_tag","embeddable":true,"href":"https:\/\/new.igihe.com\/french\/wp-json\/wp\/v2\/tags?post=37753"},{"taxonomy":"byline","embeddable":true,"href":"https:\/\/new.igihe.com\/french\/wp-json\/wp\/v2\/byline?post=37753"},{"taxonomy":"hashtag","embeddable":true,"href":"https:\/\/new.igihe.com\/french\/wp-json\/wp\/v2\/hashtag?post=37753"}],"curies":[{"name":"wp","href":"https:\/\/api.w.org\/{rel}","templated":true}]}}