{"id":37748,"date":"2025-05-26T13:12:09","date_gmt":"2025-05-26T13:12:09","guid":{"rendered":"https:\/\/new.igihe.com\/french\/Katumbi-et-l-AFC-M23-se-rallient-au-retour-de-Kabila-37748\/"},"modified":"2025-05-29T13:50:31","modified_gmt":"2025-05-29T13:50:31","slug":"Katumbi-et-l-AFC-M23-se-rallient-au-retour-de-Kabila","status":"publish","type":"post","link":"https:\/\/new.igihe.com\/french\/Katumbi-et-l-AFC-M23-se-rallient-au-retour-de-Kabila\/","title":{"rendered":"Katumbi et l\u2019AFC\/M23 se rallient au retour de Kabila"},"content":{"rendered":"<p>Apr\u00e8s un long exil en Afrique du Sud et au Zimbabwe \u2014 qualifi\u00e9 d\u2019\u00ab exil forc\u00e9 \u00bb par l\u2019AFC\/M23 \u2014 le retour de Joseph Kabila \u00e0 Goma est pr\u00e9sent\u00e9 comme un acte \u00e0 la fois symbolique et strat\u00e9gique.<\/p>\n<p>\u00ab Il a fait le bon choix en rentrant plut\u00f4t qu\u2019en restant en exil \u00bb, d\u00e9clare Corneille Nangaa.<\/p>\n<p>Pour l\u2019AFC\/M23, Goma est d\u00e9sormais un \u00ab havre de paix \u00bb pour les acteurs politiques d\u00e9sireux de s\u2019exprimer librement, \u00e0 l\u2019abri des pers\u00e9cutions, arrestations arbitraires et discriminations que le groupe attribue au r\u00e9gime de Kinshasa.<\/p>\n<p>\u00ab Les portes de Goma \u2014 et du Congo \u2014 sont grandes ouvertes \u00e0 tous ceux qui veulent faire de la politique dans un esprit r\u00e9publicain \u00bb, ajoute le mouvement.<\/p>\n<p>Le groupe souligne \u00e9galement que la ville a r\u00e9cemment accueilli plusieurs d\u00e9l\u00e9gations, dont une mission conjointe de l\u2019ECC et de la CENCO, venues appuyer les efforts de paix \u00ab sous contr\u00f4le de l\u2019AFC \u00bb.<\/p>\n<p>La d\u00e9claration de l\u2019AFC\/M23 a rapidement trouv\u00e9 \u00e9cho chez Mo\u00efse Katumbi, opposant de premier plan et ancien gouverneur du Katanga.<\/p>\n<p>\u00ab Je suis avec toi, @CNangaa. Tes propos sont vrais et puissants. Ceux qui devaient d\u00e9fendre la justice ont failli et oubli\u00e9 leurs engagements \u00bb, a rapport\u00e9 Katumbi sur X.<\/p>\n<p>\u00ab Kinshasa \u00e9crase et divise, Goma accueille et unit. M\u00eame Kabila y retourne, preuve de la trahison du r\u00e9gime Tshisekedi \u00bb, a affirm\u00e9 Katumbi.<\/p>\n<p>\u00ab Il faut chasser Tshisekedi. Le Congo m\u00e9rite mieux que cette dictature, ce tribalisme et cette incomp\u00e9tence. Le peuple tranchera \u00bb, a-t-il conclu.<\/p>\n<p>Ce regain d\u2019activit\u00e9 autour de Joseph Kabila survient alors que le S\u00e9nat congolais a r\u00e9cemment lev\u00e9 son immunit\u00e9, ouvrant la voie \u00e0 d\u2019\u00e9ventuelles poursuites. Il est notamment accus\u00e9 de liens avec le M23, des all\u00e9gations renforc\u00e9es par la saisie de plusieurs de ses biens.<\/p>\n<p>Des rumeurs annon\u00e7ant une visite \u00e0 Goma en avril ont \u00e9t\u00e9 d\u00e9menties par Kabila le 23 mai 2025, qui a confirm\u00e9 ne pas s\u2019y \u00eatre rendu, mais a annonc\u00e9 son intention de le faire prochainement. Il a qualifi\u00e9 ces accusations de \u00ab politiquement motiv\u00e9es \u00bb et infond\u00e9es.<\/p>\n<p>\u00ab Si cette visite avait eu lieu, ce serait dans un esprit de dialogue \u00bb, a-t-il ajout\u00e9, rappelant que des pourparlers de paix avec le M23 se tiennent actuellement au Qatar.<\/p>\n<p>Le mouvement AFC\/M23 affirme d\u00e9fendre les droits des communaut\u00e9s marginalis\u00e9es de l\u2019Est de la RDC, notamment les Kinyarwandophones. Depuis fin 2024, il contr\u00f4le plusieurs territoires, dont Bukavu et Goma, prises en janvier 2025.<\/p>\n<p>Malgr\u00e9 les m\u00e9diations des \u00c9tats-Unis et du Qatar, la tension avec Kinshasa reste vive. Le gouvernement congolais, tout en participant aux pourparlers, adopte une posture r\u00e9solument militaire.<\/p>\n<p>Apr\u00e8s la d\u00e9faite de ses mercenaires roumains face au M23, l\u2019administration Tshisekedi chercherait d\u00e9sormais \u00e0 recruter de nouveaux combattants en Colombie, selon des sources proches du dossier.<\/p>\n<figure class=\"spip-document spip-document-61501 aligncenter\"><img decoding=\"async\" src=\"https:\/\/fr.igihe.com\/IMG\/jpg\/jkb-6.jpg\" alt=\"Corneille Nangaa a salu\u00e9 l\u2019arriv\u00e9e annonc\u00e9e de l\u2019ancien pr\u00e9sident Joseph Kabila Kabange \u00e0 Goma\" \/><\/figure>\n","protected":false},"excerpt":{"rendered":"<p>Lors d\u2019une d\u00e9claration publi\u00e9e ce lundi 26 mai 2025 sur X, Corneille Nangaa, coordinateur du mouvement Alliance Fleuve Congo (AFC\/M23), a officiellement salu\u00e9 l\u2019arriv\u00e9e annonc\u00e9e de l\u2019ancien pr\u00e9sident Joseph Kabila Kabange \u00e0 Goma.<\/p>\n","protected":false},"author":488,"featured_media":4000061500,"comment_status":"open","ping_status":"open","sticky":false,"template":"","format":"standard","meta":{"footnotes":""},"categories":[7544],"tags":[7605],"byline":[7717],"hashtag":[],"class_list":["post-37748","post","type-post","status-publish","format-standard","has-post-thumbnail","hentry","category-politique","tag-homenews","byline-igihe"],"bylines":[{"id":7717,"name":"IGIHE","slug":"igihe","description":"","image":{"id":0,"url":"https:\/\/secure.gravatar.com\/avatar\/?s=96&d=mm&f=y&r=g","alt":"Default avatar","title":"Default avatar","caption":"","mime_type":"image\/jpeg","sizes":[]},"user_id":393}],"contributors":[{"id":7717,"name":"IGIHE","slug":"igihe","description":"","image":{"id":0,"url":"https:\/\/secure.gravatar.com\/avatar\/?s=96&d=mm&f=y&r=g","alt":"Default avatar","title":"Default avatar","caption":"","mime_type":"image\/jpeg","sizes":[]},"user_id":393}],"featured_image":{"id":4000061500,"url":"https:\/\/fr-images.igihe.com\/IMG\/logo\/jkb_cp-3.jpg","alt":"","caption":"","mime_type":"image\/jpeg","width":0,"height":0,"sizes":{"thumbnail":{"url":"https:\/\/fr-images.igihe.com\/IMG\/logo\/jkb_cp-3.jpg","width":1,"height":1},"medium":{"url":"https:\/\/fr-images.igihe.com\/IMG\/logo\/jkb_cp-3.jpg","width":1,"height":1},"medium_large":{"url":"https:\/\/fr-images.igihe.com\/IMG\/logo\/jkb_cp-3.jpg","width":1,"height":1},"large":{"url":"https:\/\/fr-images.igihe.com\/IMG\/logo\/jkb_cp-3.jpg","width":1,"height":1},"full":{"url":"https:\/\/fr-images.igihe.com\/IMG\/logo\/jkb_cp-3.jpg","width":0,"height":0}}},"_links":{"self":[{"href":"https:\/\/new.igihe.com\/french\/wp-json\/wp\/v2\/posts\/37748","targetHints":{"allow":["GET"]}}],"collection":[{"href":"https:\/\/new.igihe.com\/french\/wp-json\/wp\/v2\/posts"}],"about":[{"href":"https:\/\/new.igihe.com\/french\/wp-json\/wp\/v2\/types\/post"}],"author":[{"embeddable":true,"href":"https:\/\/new.igihe.com\/french\/wp-json\/wp\/v2\/users\/488"}],"replies":[{"embeddable":true,"href":"https:\/\/new.igihe.com\/french\/wp-json\/wp\/v2\/comments?post=37748"}],"version-history":[{"count":0,"href":"https:\/\/new.igihe.com\/french\/wp-json\/wp\/v2\/posts\/37748\/revisions"}],"wp:featuredmedia":[{"embeddable":true,"href":"https:\/\/new.igihe.com\/french\/wp-json\/wp\/v2\/media\/4000061500"}],"wp:attachment":[{"href":"https:\/\/new.igihe.com\/french\/wp-json\/wp\/v2\/media?parent=37748"}],"wp:term":[{"taxonomy":"category","embeddable":true,"href":"https:\/\/new.igihe.com\/french\/wp-json\/wp\/v2\/categories?post=37748"},{"taxonomy":"post_tag","embeddable":true,"href":"https:\/\/new.igihe.com\/french\/wp-json\/wp\/v2\/tags?post=37748"},{"taxonomy":"byline","embeddable":true,"href":"https:\/\/new.igihe.com\/french\/wp-json\/wp\/v2\/byline?post=37748"},{"taxonomy":"hashtag","embeddable":true,"href":"https:\/\/new.igihe.com\/french\/wp-json\/wp\/v2\/hashtag?post=37748"}],"curies":[{"name":"wp","href":"https:\/\/api.w.org\/{rel}","templated":true}]}}