{"id":37747,"date":"2025-05-26T11:36:13","date_gmt":"2025-05-26T11:36:13","guid":{"rendered":"https:\/\/new.igihe.com\/french\/Le-retour-de-Joseph-Kabila-et-la-resurgence-des-ombres-37747\/"},"modified":"2025-05-26T11:33:28","modified_gmt":"2025-05-26T11:33:28","slug":"Le-retour-de-Joseph-Kabila-et-la-resurgence-des-ombres","status":"publish","type":"post","link":"https:\/\/new.igihe.com\/french\/Le-retour-de-Joseph-Kabila-et-la-resurgence-des-ombres\/","title":{"rendered":"Le retour de Joseph Kabila et la r\u00e9surgence des ombres"},"content":{"rendered":"<p>L\u2019annonce, d\u00e9sormais confirm\u00e9e par la voix autoris\u00e9e de Laurence Kanyuka, porte-parole de l\u2019Alliance Fleuve Congo AFC\/M23, de la pr\u00e9sence effective de l\u2019ancien pr\u00e9sident Joseph Kabila \u00e0 Goma, ne saurait \u00eatre rel\u00e9gu\u00e9e au rang des anecdotes politiques. Elle s\u2019impose comme un \u00e9v\u00e9nement majeur, aux implications \u00e0 la fois symboliques et strat\u00e9giques, qui soul\u00e8ve de redoutables interrogations quant \u00e0 la stabilit\u00e9, la m\u00e9moire collective et l\u2019avenir imm\u00e9diat.<\/p>\n<p>Car Goma n\u2019est pas un lieu neutre dans l\u2019imaginaire congolais. Elle est la cicatrice vive d\u2019une d\u00e9cennie de convulsions s\u00e9curitaires, d\u2019\u00e9pisodes insurrectionnels et d\u2019accords fragiles. Elle est aussi, dans une dimension plus intime, la ville pr\u00e9f\u00e9r\u00e9e de la Premi\u00e8re dame honoraire, Olive Lembe Kabila, un ancrage affectif que certains verraient volontiers comme une justification sentimentale, mais que d\u2019autres soup\u00e7onnent d&#8217;\u00eatre le paravent d&#8217;une man\u0153uvre politique plus \u00e9labor\u00e9e.<\/p>\n<p>Or, ce retour inattendu, voire th\u00e9\u00e2tral, du \u00ab Ra\u00efs \u00bb, \u00e0 l\u2019\u00e9picentre d\u2019une r\u00e9gion secou\u00e9e par la r\u00e9surgence des violences arm\u00e9es, notamment sous la banni\u00e8re du M23 reconfigur\u00e9 en AFC\/M23, ne peut manquer d\u2019\u00e9veiller les consciences, d\u2019exacerber les ressentiments, et de raviver les souvenirs les plus amers. <\/p>\n<p>Car le M23, avant d\u2019\u00eatre l\u2019acteur redout\u00e9 de l\u2019heure, fut en son temps le produit direct de dynamiques qu\u2019inspira les manquements du pouvoir de Joseph Kabila. De cette proximit\u00e9 historique d\u00e9coule une question lancinante : le retour de Kabila est-il une r\u00e9conciliation ?<\/p>\n<p>{{Un homme, un pass\u00e9, des comptes en suspens}}<\/p>\n<p>\u00c0 la t\u00eate de l\u2019\u00c9tat pendant dix-huit longues ann\u00e9es, Joseph Kabila n\u2019a pas laiss\u00e9 le pays indemne. Il fut, selon les points de vue, l\u2019homme du silence opaque, du compromis permanent, ou du pouvoir client\u00e9liste enracin\u00e9. Sous son r\u00e8gne, le Congo a certes \u00e9vit\u00e9 certains \u00e9cueils, mais au prix de compromissions profondes, de fractures sociales accrues et de violations r\u00e9currentes des droits fondamentaux.<\/p>\n<p>\u00c0 Goma, le souvenir de ce r\u00e8gne ne se r\u00e9sume pas \u00e0 l\u2019image feutr\u00e9e d\u2019un ancien chef d\u2019\u00c9tat revenu en touriste politique. Il rime, pour beaucoup, avec l\u2019expropriation brutale, les incarc\u00e9rations arbitraires, les pertes d\u2019emploi sans recours, et la concentration des richesses dans les mains d\u2019une oligarchie militaro-affairiste. Les blessures sont encore vives, les dol\u00e9ances nombreuses, les cicatrices ouvertes. On ne revient pas impun\u00e9ment dans une terre qu&#8217;on a bless\u00e9e sans provoquer l&#8217;\u00e9moi, l&#8217;inqui\u00e9tude, voire la col\u00e8re sourde des humili\u00e9s.<\/p>\n<p>{{Le pacte des ombres : vers une recomposition du champ politico-militaire ?}}<\/p>\n<p>Mais que vient donc chercher Joseph Kabila \u00e0 Goma, et avec quels desseins ? S\u2019agit-il d\u2019une retraite d\u00e9guis\u00e9e, d\u2019une tentative de m\u00e9diation dans une crise qu\u2019il conna\u00eet de l\u2019int\u00e9rieur, ou d\u2019une man\u0153uvre visant \u00e0 peser, en amont, sur les \u00e9quilibres futurs du pouvoir ? L\u2019hypoth\u00e8se d\u2019une collusion strat\u00e9gique avec l\u2019AFC\/M23 ne saurait \u00eatre \u00e9cart\u00e9e d\u2019un revers de main, tant les convergences historiques et les int\u00e9r\u00eats tactiques semblent s\u2019aligner avec une fluidit\u00e9 suspecte.<\/p>\n<p>Car les r\u00e9bellions, dans l\u2019histoire congolaise, ne sont jamais que les \u00e9piph\u00e9nom\u00e8nes visibles d\u2019alliances souterraines. Le retour de Kabila ne peut donc \u00eatre lu ind\u00e9pendamment de la configuration actuelle des rapports de force dans la r\u00e9gion des Grands Lacs, ni de la dynamique de la succession politique en RDC, o\u00f9 les ambitions se recomposent, o\u00f9 les r\u00e9seaux anciens cherchent \u00e0 reprendre pied.<\/p>\n<p>{{M\u00e9moire, justice et avenir : l\u2019\u00e9preuve du peuple}}<\/p>\n<p>Si le retour du Ra\u00efs ouvre un nouveau chapitre, il ne saurait faire oublier les pr\u00e9c\u00e9dents. Il ne peut se faire sans une forme de reddition de comptes au moins morale vis-\u00e0-vis des populations affect\u00e9es par son r\u00e8gne. Il ne peut surtout ignorer cette donn\u00e9e irr\u00e9ductible : les peuples ont la m\u00e9moire longue. Et celle-ci ne se laisse pas effacer par les stratag\u00e8mes politiques, ni m\u00eame par les apparences de la r\u00e9conciliation. La justice, qu\u2019elle soit judiciaire ou historique, reste la condition sine qua non de la paix durable. <\/p>\n<p>A d\u00e9faut, les fant\u00f4mes du pass\u00e9 continueront de hanter le pr\u00e9sent, et les alliances du jour ne feront qu\u2019ajouter \u00e0 l\u2019instabilit\u00e9 chronique du pays.<\/p>\n<p>Dans cette conjoncture incertaine, le retour de Joseph Kabila n\u2019est pas simplement un fait : il est un signe. Il incarne le retour du refoul\u00e9, le surgissement de l\u2019inachev\u00e9, la tentation d\u2019un pass\u00e9 qui r\u00e9siste \u00e0 se laisser oublier. <\/p>\n<p>Il appartient d\u00e9sormais \u00e0 la soci\u00e9t\u00e9 civile, aux intellectuels, aux juristes, aux rescap\u00e9s, mais aussi aux acteurs politiques les plus lucides, de s\u2019interroger : quel Congo voulons-nous ? Un Congo de l\u2019impunit\u00e9 recycl\u00e9e ou un Congo de la m\u00e9moire assum\u00e9e et du renouveau \u00e9thique ?<\/p>\n<p>C\u2019est \u00e0 ce prix seulement que les plaies de Goma et au-del\u00e0, celles de tout un peuple pourront esp\u00e9rer\u00a0cicatriser.<\/p>\n<figure class=\"spip-document spip-document-61499 aligncenter\"><img decoding=\"async\" src=\"https:\/\/fr.igihe.com\/IMG\/jpg\/jkb-5.jpg\" alt=\"L\u2019histoire a ses retours inattendus, ses r\u00e9surgences mythique o\u00f9 l\u2019ancien s\u2019invite avec fracas dans le pr\u00e9sent\" \/><\/figure>\n","protected":false},"excerpt":{"rendered":"<p>L&#8217;histoire a ses retours inattendus, ses r\u00e9surgences mythique o\u00f9 l&#8217;ancien s&#8217;invite avec fracas dans le pr\u00e9sent, souvent l\u00e0 o\u00f9 on l&#8217;attendait le moins, parfois l\u00e0 o\u00f9 les plaies ne sont pas referm\u00e9es. <\/p>\n","protected":false},"author":488,"featured_media":4000061498,"comment_status":"open","ping_status":"open","sticky":false,"template":"","format":"standard","meta":{"footnotes":""},"categories":[7544],"tags":[7605],"byline":[9102],"hashtag":[],"class_list":["post-37747","post","type-post","status-publish","format-standard","has-post-thumbnail","hentry","category-politique","tag-homenews","byline-tite-gatabazi"],"bylines":[{"id":9102,"name":"Tite Gatabazi","slug":"tite-gatabazi","description":"","image":{"id":0,"url":"https:\/\/secure.gravatar.com\/avatar\/?s=96&d=mm&f=y&r=g","alt":"Default avatar","title":"Default avatar","caption":"","mime_type":"image\/jpeg","sizes":[]},"user_id":472}],"contributors":[{"id":9102,"name":"Tite Gatabazi","slug":"tite-gatabazi","description":"","image":{"id":0,"url":"https:\/\/secure.gravatar.com\/avatar\/?s=96&d=mm&f=y&r=g","alt":"Default avatar","title":"Default avatar","caption":"","mime_type":"image\/jpeg","sizes":[]},"user_id":472}],"featured_image":{"id":4000061498,"url":"https:\/\/fr-images.igihe.com\/IMG\/logo\/jkb_cp-2.jpg","alt":"","caption":"","mime_type":"image\/jpeg","width":0,"height":0,"sizes":{"thumbnail":{"url":"https:\/\/fr-images.igihe.com\/IMG\/logo\/jkb_cp-2.jpg","width":1,"height":1},"medium":{"url":"https:\/\/fr-images.igihe.com\/IMG\/logo\/jkb_cp-2.jpg","width":1,"height":1},"medium_large":{"url":"https:\/\/fr-images.igihe.com\/IMG\/logo\/jkb_cp-2.jpg","width":1,"height":1},"large":{"url":"https:\/\/fr-images.igihe.com\/IMG\/logo\/jkb_cp-2.jpg","width":1,"height":1},"full":{"url":"https:\/\/fr-images.igihe.com\/IMG\/logo\/jkb_cp-2.jpg","width":0,"height":0}}},"_links":{"self":[{"href":"https:\/\/new.igihe.com\/french\/wp-json\/wp\/v2\/posts\/37747","targetHints":{"allow":["GET"]}}],"collection":[{"href":"https:\/\/new.igihe.com\/french\/wp-json\/wp\/v2\/posts"}],"about":[{"href":"https:\/\/new.igihe.com\/french\/wp-json\/wp\/v2\/types\/post"}],"author":[{"embeddable":true,"href":"https:\/\/new.igihe.com\/french\/wp-json\/wp\/v2\/users\/488"}],"replies":[{"embeddable":true,"href":"https:\/\/new.igihe.com\/french\/wp-json\/wp\/v2\/comments?post=37747"}],"version-history":[{"count":0,"href":"https:\/\/new.igihe.com\/french\/wp-json\/wp\/v2\/posts\/37747\/revisions"}],"wp:featuredmedia":[{"embeddable":true,"href":"https:\/\/new.igihe.com\/french\/wp-json\/wp\/v2\/media\/4000061498"}],"wp:attachment":[{"href":"https:\/\/new.igihe.com\/french\/wp-json\/wp\/v2\/media?parent=37747"}],"wp:term":[{"taxonomy":"category","embeddable":true,"href":"https:\/\/new.igihe.com\/french\/wp-json\/wp\/v2\/categories?post=37747"},{"taxonomy":"post_tag","embeddable":true,"href":"https:\/\/new.igihe.com\/french\/wp-json\/wp\/v2\/tags?post=37747"},{"taxonomy":"byline","embeddable":true,"href":"https:\/\/new.igihe.com\/french\/wp-json\/wp\/v2\/byline?post=37747"},{"taxonomy":"hashtag","embeddable":true,"href":"https:\/\/new.igihe.com\/french\/wp-json\/wp\/v2\/hashtag?post=37747"}],"curies":[{"name":"wp","href":"https:\/\/api.w.org\/{rel}","templated":true}]}}