{"id":37745,"date":"2025-05-26T11:32:20","date_gmt":"2025-05-26T11:32:20","guid":{"rendered":"https:\/\/new.igihe.com\/french\/Le-M23-met-en-garde-le-Burundi-37745\/"},"modified":"2025-05-28T16:06:13","modified_gmt":"2025-05-28T16:06:13","slug":"Le-M23-met-en-garde-le-Burundi","status":"publish","type":"post","link":"https:\/\/new.igihe.com\/french\/Le-M23-met-en-garde-le-Burundi\/","title":{"rendered":"Le M23 met en garde le Burundi"},"content":{"rendered":"<p>Lors d\u2019une conf\u00e9rence de presse tenue \u00e0 Goma ce dimanche 25 mai 2025, le pr\u00e9sident du M23, Bertrand Bisimwa, a d\u00e9nonc\u00e9 l\u2019implication militaire du Burundi dans l\u2019est de la RDC, accusant les troupes burundaises de combattre aux c\u00f4t\u00e9s de l\u2019arm\u00e9e congolaise et faciliter les actions des FDLR dans les zones frontali\u00e8res, o\u00f9 des civils seraient tu\u00e9s.<\/p>\n<p>\u00ab Le Burundi nous combat aux c\u00f4t\u00e9s du gouvernement congolais. Le long de la fronti\u00e8re, ils h\u00e9bergent et soutiennent un autre ennemi : les FDLR \u00bb, a-t-il d\u00e9clar\u00e9.<\/p>\n<p>\u00ab De nombreux combattants FDLR s\u2019y organisent pour nous attaquer. C\u2019est de l\u00e0 que viennent les menaces. \u00bb<\/p>\n<p>Bisimwa a aussi accus\u00e9 Kinshasa de mener des frappes de drones, guid\u00e9es par ses services de renseignement, qui auraient caus\u00e9 la perte de civils.<\/p>\n<p>Tout en affirmant n\u2019\u00e9prouver aucune hostilit\u00e9 envers la population burundaise, il a fermement condamn\u00e9 le r\u00f4le de ses dirigeants dans le conflit.<\/p>\n<p>\u00ab Nous n\u2019avons rien contre le peuple burundais, mais leurs dirigeants utilisent l\u2019arm\u00e9e pour tuer des civils congolais. Nous ne pouvons pas soutenir un tel gouvernement \u00bb, a-t-il d\u00e9clar\u00e9.<\/p>\n<p>Le chef du M23 a exig\u00e9 le retrait des troupes burundaises, prenant pour exemple le r\u00e9cent d\u00e9part des forces de la SADC du Congo.<\/p>\n<p>\u00ab Qu\u2019ils quittent notre terre et retournent au Burundi \u00bb, a-t-il insist\u00e9, affirmant que les rebelles n\u2019ont \u00ab rien \u00e0 perdre dans leur lutte pour la survie \u00bb.<\/p>\n<p>Bisimwa a r\u00e9v\u00e9l\u00e9 avoir rencontr\u00e9 le pr\u00e9sident burundais \u00c9variste Ndayishimiye avant l\u2019entr\u00e9e du Burundi dans le conflit. Selon lui, ce dernier aurait reconnu des similitudes entre la lutte du M23 et la r\u00e9bellion qui a conduit le CNDD-FDD au pouvoir.<\/p>\n<p>\u00ab Il m\u2019a dit que notre combat lui rappelait celui du CNDD-FDD, n\u00e9 de la m\u00eame injustice. Alors pourquoi nous inflige-t-il aujourd\u2019hui ce contre quoi il s\u2019est battu ? \u00bb a d\u00e9clar\u00e9 Bisimwa, rappelant qu\u2019au Rwanda, en Ouganda comme au Burundi, les gouvernements actuels sont issus de luttes arm\u00e9es contre la marginalisation.<\/p>\n<p>Bisimwa a rappel\u00e9 les propos du pr\u00e9sident ougandais Yoweri Museveni, qui avait pr\u00e9venu que ceux qu\u2019on exclut aujourd\u2019hui pourraient bien prendre le pouvoir demain.<\/p>\n<p>\u00ab Museveni a d\u00e9clar\u00e9 \u00e0 Kinshasa que lui-m\u00eame et Kagame sont arriv\u00e9s au pouvoir en combattant la marginalisation. Ceux qu\u2019on exclut aujourd\u2019hui pourraient vous renverser demain \u00bb, a-t-il soulign\u00e9.<\/p>\n<p>\u00ab C\u2019est le message que nous adressons \u00e0 Kinshasa. Quant au Burundi, je dis ceci : quand on est opprim\u00e9, on n\u2019a rien \u00e0 perdre et on se bat pour survivre. C\u2019est exactement ce que nous faisons \u00bb, a-t-il conclu.<\/p>\n<p>Le M23, qui se pr\u00e9sente comme un mouvement combattant la mauvaise gouvernance et la marginalisation des communaut\u00e9s rwandophones dans l\u2019est de la RDC, contr\u00f4le aujourd\u2019hui de vastes territoires dans la r\u00e9gion.<\/p>\n<p>Des efforts diplomatiques men\u00e9s par le Qatar et l\u2019Union africaine visent \u00e0 r\u00e9soudre le conflit. Toutefois, le groupe rebelle reproche \u00e0 l\u2019administration de Kinshasa un manque de volont\u00e9 r\u00e9elle dans ce processus.<\/p>\n<figure class=\"spip-document spip-document-61497 aligncenter\"><img decoding=\"async\" src=\"https:\/\/fr.igihe.com\/IMG\/jpg\/m23-29.jpg\" alt=\" Le groupe rebelle M23 a lanc\u00e9 un s\u00e9v\u00e8re avertissement au Burundi\" \/><\/figure>\n","protected":false},"excerpt":{"rendered":"<p>Accusant le gouvernement de la R\u00e9publique d\u00e9mocratique du Congo de soutenir militairement les FDLR \u2014 une milice compos\u00e9e d\u2019anciens g\u00e9nocidaires responsables du massacre de 1994 contre les Tutsi au Rwanda \u2014 le groupe rebelle M23 a lanc\u00e9 un s\u00e9v\u00e8re avertissement au Burundi.<\/p>\n","protected":false},"author":488,"featured_media":4000061496,"comment_status":"open","ping_status":"open","sticky":false,"template":"","format":"standard","meta":{"footnotes":""},"categories":[7540],"tags":[7605],"byline":[7717],"hashtag":[],"class_list":["post-37745","post","type-post","status-publish","format-standard","has-post-thumbnail","hentry","category-securite","tag-homenews","byline-igihe"],"bylines":[{"id":7717,"name":"IGIHE","slug":"igihe","description":"","image":{"id":0,"url":"https:\/\/secure.gravatar.com\/avatar\/?s=96&d=mm&f=y&r=g","alt":"Default avatar","title":"Default avatar","caption":"","mime_type":"image\/jpeg","sizes":[]},"user_id":393}],"contributors":[{"id":7717,"name":"IGIHE","slug":"igihe","description":"","image":{"id":0,"url":"https:\/\/secure.gravatar.com\/avatar\/?s=96&d=mm&f=y&r=g","alt":"Default avatar","title":"Default avatar","caption":"","mime_type":"image\/jpeg","sizes":[]},"user_id":393}],"featured_image":{"id":4000061496,"url":"https:\/\/fr-images.igihe.com\/IMG\/logo\/m23_cp-20.jpg","alt":"","caption":"","mime_type":"image\/jpeg","width":0,"height":0,"sizes":{"thumbnail":{"url":"https:\/\/fr-images.igihe.com\/IMG\/logo\/m23_cp-20.jpg","width":1,"height":1},"medium":{"url":"https:\/\/fr-images.igihe.com\/IMG\/logo\/m23_cp-20.jpg","width":1,"height":1},"medium_large":{"url":"https:\/\/fr-images.igihe.com\/IMG\/logo\/m23_cp-20.jpg","width":1,"height":1},"large":{"url":"https:\/\/fr-images.igihe.com\/IMG\/logo\/m23_cp-20.jpg","width":1,"height":1},"full":{"url":"https:\/\/fr-images.igihe.com\/IMG\/logo\/m23_cp-20.jpg","width":0,"height":0}}},"_links":{"self":[{"href":"https:\/\/new.igihe.com\/french\/wp-json\/wp\/v2\/posts\/37745","targetHints":{"allow":["GET"]}}],"collection":[{"href":"https:\/\/new.igihe.com\/french\/wp-json\/wp\/v2\/posts"}],"about":[{"href":"https:\/\/new.igihe.com\/french\/wp-json\/wp\/v2\/types\/post"}],"author":[{"embeddable":true,"href":"https:\/\/new.igihe.com\/french\/wp-json\/wp\/v2\/users\/488"}],"replies":[{"embeddable":true,"href":"https:\/\/new.igihe.com\/french\/wp-json\/wp\/v2\/comments?post=37745"}],"version-history":[{"count":0,"href":"https:\/\/new.igihe.com\/french\/wp-json\/wp\/v2\/posts\/37745\/revisions"}],"wp:featuredmedia":[{"embeddable":true,"href":"https:\/\/new.igihe.com\/french\/wp-json\/wp\/v2\/media\/4000061496"}],"wp:attachment":[{"href":"https:\/\/new.igihe.com\/french\/wp-json\/wp\/v2\/media?parent=37745"}],"wp:term":[{"taxonomy":"category","embeddable":true,"href":"https:\/\/new.igihe.com\/french\/wp-json\/wp\/v2\/categories?post=37745"},{"taxonomy":"post_tag","embeddable":true,"href":"https:\/\/new.igihe.com\/french\/wp-json\/wp\/v2\/tags?post=37745"},{"taxonomy":"byline","embeddable":true,"href":"https:\/\/new.igihe.com\/french\/wp-json\/wp\/v2\/byline?post=37745"},{"taxonomy":"hashtag","embeddable":true,"href":"https:\/\/new.igihe.com\/french\/wp-json\/wp\/v2\/hashtag?post=37745"}],"curies":[{"name":"wp","href":"https:\/\/api.w.org\/{rel}","templated":true}]}}