{"id":37739,"date":"2025-05-24T13:30:33","date_gmt":"2025-05-24T13:30:33","guid":{"rendered":"https:\/\/new.igihe.com\/french\/La-France-n-est-plus-le-sanctuaire-des-genocidaires-37739\/"},"modified":"2025-05-24T13:19:55","modified_gmt":"2025-05-24T13:19:55","slug":"La-France-n-est-plus-le-sanctuaire-des-genocidaires","status":"publish","type":"post","link":"https:\/\/new.igihe.com\/french\/La-France-n-est-plus-le-sanctuaire-des-genocidaires\/","title":{"rendered":"La France n\u2019est plus le sanctuaire des g\u00e9nocidaires"},"content":{"rendered":"<p>En rompant avec les ambigu\u00eft\u00e9s du pass\u00e9, il a desserr\u00e9 l\u2019\u00e9tau du d\u00e9ni et fait vaciller les sanctuaires de protection diplomatique o\u00f9 s\u2019abritaient, des d\u00e9cennies durant, les artisans de la terreur ethnique. Ces derniers ne trouveront plus ni refuge ni silence, car l\u2019\u00e8re du mutisme et de la mansu\u00e9tude coupable est r\u00e9volue. D\u00e9sormais, la France regarde son histoire en face, et choisit la voie exigeante mais n\u00e9cessaire de la justice, de la m\u00e9moire et de la dignit\u00e9 retrouv\u00e9e.<\/p>\n<p>Ils auront beau courir le monde, s\u2019enfoncer dans l\u2019anonymat des banlieues europ\u00e9ennes, se dissimuler sous des identit\u00e9s feintes ou des fonctions internationales, les auteurs du g\u00e9nocide perp\u00e9tr\u00e9 contre les tutsi du Rwanda ne conna\u00eetront plus jamais ni r\u00e9pit, ni sanctuaire. Le temps des compromissions est r\u00e9volu. Celui de l\u2019impunit\u00e9 organis\u00e9e, des silences diplomatiques complices et des protections tacites touche \u00e0 sa fin. <\/p>\n<p>L\u2019annonce par les autorit\u00e9s fran\u00e7aises de la r\u00e9ouverture d\u2019une enqu\u00eate pour g\u00e9nocide visant Callixte Mbarushimana, ancien fonctionnaire des Nations unies et cadre des FDLR, marque une inflexion d\u00e9cisive dans le rapport entre la justice fran\u00e7aise et la m\u00e9moire du g\u00e9nocide de 1994.<\/p>\n<p>Longtemps, la France fut d\u00e9sign\u00e9e, \u00e0 juste titre, comme l\u2019un des principaux protecteurs du r\u00e9gime g\u00e9nocidaire d\u2019Habyarimana, un alli\u00e9 strat\u00e9gique de la Fran\u00e7afrique, auquel furent pr\u00eat\u00e9s armes, formation militaire et couverture diplomatique. Dans les mois qui pr\u00e9c\u00e9d\u00e8rent et durant les cent jours d\u2019horreur de 1994, nombre de hauts responsables rwandais impliqu\u00e9s dans la planification et l\u2019ex\u00e9cution du g\u00e9nocide purent compter sur le silence, voire la complaisance de certains cercles de d\u00e9cision \u00e0 Paris. Pire encore, apr\u00e8s leur fuite, nombre de ces criminels de masse trouv\u00e8rent refuge sur le sol fran\u00e7ais, o\u00f9 ils v\u00e9curent parfois pendant des d\u00e9cennies dans une qui\u00e9tude r\u00e9voltante, accueillis par les lenteurs de la justice et les subtilit\u00e9s du droit d\u2019asile.<\/p>\n<p>Mais cette \u00e9poque semble d\u00e9sormais r\u00e9volue. Depuis le discours historique du pr\u00e9sident Emmanuel Macron \u00e0 Kigali en 2021, dans lequel il reconnut la \u00ab responsabilit\u00e9 accablante \u00bb de la France dans le drame rwandais, un virage s\u2019est amorc\u00e9. Lentement, mais r\u00e9solument, les m\u00e9canismes de la justice fran\u00e7aise s\u2019attellent \u00e0 r\u00e9parer, autant que faire se peut, une trahison morale prolong\u00e9e. <\/p>\n<p>En rouvrant le dossier Mbarushimana, la France envoie un message sans \u00e9quivoque : aucun g\u00e9nocidaire ne sera plus jamais \u00e0 l\u2019abri derri\u00e8re les remparts de l\u2019oubli ou les faux-semblants bureaucratiques. Qu\u2019ils aient \u00e9t\u00e9 ministres, colonels, pr\u00e9fets ou secr\u00e9taires de l\u2019ONU, leurs crimes les suivent, inexorables, comme une dette de sang que seul le jugement impartial peut solder.<\/p>\n<p>Callixte Mbarushimana, dont le pass\u00e9 criminel est document\u00e9 depuis plus de deux d\u00e9cennies, incarne cette figure trouble du g\u00e9nocidaire \u00e9duqu\u00e9, mondialis\u00e9, int\u00e9gr\u00e9 \u00e0 des structures internationales tout en \u00e9tant immerg\u00e9 dans les r\u00e9seaux de la haine ethnique la plus brutale. Accus\u00e9 d\u2019avoir activement contribu\u00e9 aux massacres en 1994 et d\u2019avoir poursuivi son \u0153uvre macabre au sein des FDLR dans les ann\u00e9es qui suivirent, il fut pendant longtemps prot\u00e9g\u00e9 par une forme de bienveillance suspecte. Sa pr\u00e9sence en France, longtemps tol\u00e9r\u00e9e, symbolisait cette contradiction profonde entre les principes universels proclam\u00e9s et leur application s\u00e9lective.<\/p>\n<p>Aujourd\u2019hui, l\u2019heure est venue d\u2019une rectification. La justice ne r\u00e9pare pas tout, mais elle restaure au moins une v\u00e9rit\u00e9 fondamentale : il n\u2019existe pas de refuge \u00e9ternel pour ceux qui ont planifi\u00e9 l\u2019extermination d\u2019un peuple. La France, si souvent accus\u00e9e parfois injustement, souvent \u00e0 raison d\u2019avoir \u00e9t\u00e9 la terre d\u2019asile des bourreaux, peut encore devenir celle du sursaut judiciaire, de la m\u00e9moire restaur\u00e9e et de la dignit\u00e9 retrouv\u00e9e.<\/p>\n<p>Que ceux qui portent l\u2019opprobre de la haine ethnique et du meurtre de masse le sachent : le monde change. Les alliances se renversent, les v\u00e9rit\u00e9s s\u2019imposent, et les \u00c9tats, nagu\u00e8re complaisants, reprennent conscience de leur devoir historique. Les g\u00e9nocidaires ne savent plus o\u00f9 mettre la t\u00eate et c\u2019est pr\u00e9cis\u00e9ment l\u00e0 que commence l\u2019esp\u00e9rance d\u2019un avenir fond\u00e9\u00a0sur\u00a0la\u00a0justice.<\/p>\n<figure class=\"spip-document spip-document-61472 aligncenter\"><img decoding=\"async\" src=\"https:\/\/fr.igihe.com\/IMG\/jpg\/cm-5.jpg\" alt=\"En rouvrant le dossier Mbarushimana, la France envoie un message sans \u00e9quivoque : aucun g\u00e9nocidaire ne sera plus jamais \u00e0 l\u2019abri \" \/><\/figure>\n","protected":false},"excerpt":{"rendered":"<p>Le pr\u00e9sident Emmanuel Macron l\u2019a affirm\u00e9 avec solennit\u00e9, et il donne d\u00e9sormais \u00e0 ses paroles la force des actes : il a bris\u00e9 le long silence complice qui entourait les criminels du g\u00e9nocide perp\u00e9tr\u00e9 contre les tutsi au Rwanda et mis un terme \u00e0 la scandaleuse impunit\u00e9 dont ces bourreaux jouissaient depuis trop longtemps sur le sol fran\u00e7ais. <\/p>\n","protected":false},"author":488,"featured_media":4000061471,"comment_status":"open","ping_status":"open","sticky":false,"template":"","format":"standard","meta":{"footnotes":""},"categories":[7542],"tags":[7605],"byline":[9102],"hashtag":[],"class_list":["post-37739","post","type-post","status-publish","format-standard","has-post-thumbnail","hentry","category-art-de-vivre","tag-homenews","byline-tite-gatabazi"],"bylines":[{"id":9102,"name":"Tite Gatabazi","slug":"tite-gatabazi","description":"","image":{"id":0,"url":"https:\/\/secure.gravatar.com\/avatar\/?s=96&d=mm&f=y&r=g","alt":"Default avatar","title":"Default avatar","caption":"","mime_type":"image\/jpeg","sizes":[]},"user_id":472}],"contributors":[{"id":9102,"name":"Tite Gatabazi","slug":"tite-gatabazi","description":"","image":{"id":0,"url":"https:\/\/secure.gravatar.com\/avatar\/?s=96&d=mm&f=y&r=g","alt":"Default avatar","title":"Default avatar","caption":"","mime_type":"image\/jpeg","sizes":[]},"user_id":472}],"featured_image":{"id":4000061471,"url":"https:\/\/fr-images.igihe.com\/IMG\/logo\/cm_cp-4.jpg","alt":"","caption":"","mime_type":"image\/jpeg","width":0,"height":0,"sizes":{"thumbnail":{"url":"https:\/\/fr-images.igihe.com\/IMG\/logo\/cm_cp-4.jpg","width":1,"height":1},"medium":{"url":"https:\/\/fr-images.igihe.com\/IMG\/logo\/cm_cp-4.jpg","width":1,"height":1},"medium_large":{"url":"https:\/\/fr-images.igihe.com\/IMG\/logo\/cm_cp-4.jpg","width":1,"height":1},"large":{"url":"https:\/\/fr-images.igihe.com\/IMG\/logo\/cm_cp-4.jpg","width":1,"height":1},"full":{"url":"https:\/\/fr-images.igihe.com\/IMG\/logo\/cm_cp-4.jpg","width":0,"height":0}}},"_links":{"self":[{"href":"https:\/\/new.igihe.com\/french\/wp-json\/wp\/v2\/posts\/37739","targetHints":{"allow":["GET"]}}],"collection":[{"href":"https:\/\/new.igihe.com\/french\/wp-json\/wp\/v2\/posts"}],"about":[{"href":"https:\/\/new.igihe.com\/french\/wp-json\/wp\/v2\/types\/post"}],"author":[{"embeddable":true,"href":"https:\/\/new.igihe.com\/french\/wp-json\/wp\/v2\/users\/488"}],"replies":[{"embeddable":true,"href":"https:\/\/new.igihe.com\/french\/wp-json\/wp\/v2\/comments?post=37739"}],"version-history":[{"count":0,"href":"https:\/\/new.igihe.com\/french\/wp-json\/wp\/v2\/posts\/37739\/revisions"}],"wp:featuredmedia":[{"embeddable":true,"href":"https:\/\/new.igihe.com\/french\/wp-json\/wp\/v2\/media\/4000061471"}],"wp:attachment":[{"href":"https:\/\/new.igihe.com\/french\/wp-json\/wp\/v2\/media?parent=37739"}],"wp:term":[{"taxonomy":"category","embeddable":true,"href":"https:\/\/new.igihe.com\/french\/wp-json\/wp\/v2\/categories?post=37739"},{"taxonomy":"post_tag","embeddable":true,"href":"https:\/\/new.igihe.com\/french\/wp-json\/wp\/v2\/tags?post=37739"},{"taxonomy":"byline","embeddable":true,"href":"https:\/\/new.igihe.com\/french\/wp-json\/wp\/v2\/byline?post=37739"},{"taxonomy":"hashtag","embeddable":true,"href":"https:\/\/new.igihe.com\/french\/wp-json\/wp\/v2\/hashtag?post=37739"}],"curies":[{"name":"wp","href":"https:\/\/api.w.org\/{rel}","templated":true}]}}